{"id":971,"date":"2009-10-29T08:00:15","date_gmt":"2009-10-29T06:00:15","guid":{"rendered":"http:\/\/blog.option.culture.marrot.org\/?p=971"},"modified":"2009-10-29T08:00:15","modified_gmt":"2009-10-29T06:00:15","slug":"musee-du-louvre-la-communication-culturelle-a-lepreuve","status":"publish","type":"post","link":"https:\/\/www.option-culture.com\/?p=971","title":{"rendered":"Mus\u00e9e du Louvre : la communication culturelle \u00e0 l\u2019\u00e9preuve"},"content":{"rendered":"<p style=\"text-align: justify;\"><a href=\"http:\/\/blog.option.culture.marrot.org\/wp-content\/uploads\/2009\/10\/Tongs.JPG\"><\/a>Le mus\u00e9e du Louvre communique excellemment \u00e0 l\u2019aide de puissants moyens humains, techniques et financiers pour assurer sa promotion et celle des \u00e9v\u00e9nements qu\u2019il propose ; par exemple \u00e0 l&rsquo;automne 2009\u00a0:<\/p>\n<ul style=\"text-align: justify;\">\n<li style=\"text-align: left;\">L&rsquo;exposition sur les peintres de Venise (<a href=\"http:\/\/mini-site.louvre.fr\/venise\/index_fr.html\">http:\/\/mini-site.louvre.fr\/venise<\/a>)<\/li>\n<li style=\"text-align: left;\">Le spectacle chor\u00e9graphique de Robyn Orlin (<a href=\"http:\/\/www.louvre.fr\/llv\/dossiers\">http:\/\/www.louvre.fr\/llv\/dossiers<\/a>)<\/li>\n<li style=\"text-align: left;\">La saison culturelle propos\u00e9e par Umberto Eco (<a href=\"http:\/\/www.louvre.fr\/llv\/auditorium\">http:\/\/www.louvre.fr\/llv\/auditorium<\/a>)<\/li>\n<\/ul>\n<p style=\"text-align: justify;\">En revanche, il semble qu\u2019il puisse progresser en mati\u00e8re de communication dite \u00ab\u00a0de crise\u00a0\u00bb (tarification pour les artistes, les enseignants et les \u00e9tudiants, Louvre-Abu Dhabi, exposition Breguet, projet de magasin McDonald\u2019s dans l\u2019espace commercial du Carrousel, restitution d\u2019\u0153uvres \u00e0 l\u2019\u00c9gypte\u2026).<\/p>\n<p style=\"text-align: center;\"><img loading=\"lazy\" decoding=\"async\" class=\"aligncenter\" title=\"Tongs\" src=\"http:\/\/blog.option.culture.marrot.org\/wp-content\/uploads\/2009\/10\/Tongs-150x150.jpg\" alt=\"Tongs\" width=\"150\" height=\"150\" \/><\/p>\n<p style=\"text-align: justify;\">Et cela, faute peut-\u00eatre d\u2019avoir pleinement int\u00e9gr\u00e9 les <span style=\"color: #333399;\">quatre pr\u00e9ceptes <\/span>suivants\u00a0:<\/p>\n<ul>\n<li>\n<div style=\"text-align: justify;\">\u00c0 l\u2019heure de la mondialisation et de la communication plan\u00e9taire instantan\u00e9e, la vitesse de propagation des messages (fond\u00e9s ou non) est fulgurante, pour le meilleur et pour le pire.<\/div>\n<\/li>\n<li>\n<div style=\"text-align: justify;\">M\u00eame s\u2019il se sent mis en cause, il est de son devoir de dialoguer avec les \u00ab\u00a0parties prenantes\u00a0\u00bb, y compris les plus critiques, faute de quoi son discours risque de devenir inaudible.<\/div>\n<\/li>\n<li>\n<div style=\"text-align: justify;\">En tant qu\u2019autoproclam\u00e9 \u00ab\u00a0plus-grand-mus\u00e9e-du-monde\u00a0\u00bb, le Louvre ne doit pas seulement \u00eatre irr\u00e9prochable, il lui appartient d\u2019\u00eatre exemplaire.<\/div>\n<\/li>\n<li>\n<div style=\"text-align: justify;\">Enfin, il\u00a0est utile de rappeler sans cesse le lien entre ses multiples initiatives (qui lui assurent une couverture m\u00e9diatique mondiale sans \u00e9quivalent) et ses missions fondamentales (scientifiques, culturelles, \u00e9ducatives et sociales)\u00a0; ces derni\u00e8res d\u00e9coulant des responsabilit\u00e9s confi\u00e9es par la collectivit\u00e9 nationale.<\/div>\n<\/li>\n<\/ul>\n<p style=\"text-align: justify;\">Cette relation entre communication et valeurs de l\u2019institution n\u00e9cessite d\u00e8s lors une vigilance particuli\u00e8re du chef d\u2019\u00e9tablissement, le pr\u00e9sident-directeur du mus\u00e9e du Louvre.<\/p>\n<p style=\"text-align: justify;\">Souhaitez-vous pr\u00e9senter d\u2019autres points de vue sur les mutations de la communication culturelle\u00a0?<\/p>\n","protected":false},"excerpt":{"rendered":"<p>Le mus\u00e9e du Louvre communique excellemment \u00e0 l\u2019aide de puissants moyens humains, techniques et financiers pour assurer sa promotion et celle des \u00e9v\u00e9nements qu\u2019il propose ; par exemple \u00e0 l&rsquo;automne 2009\u00a0: L&rsquo;exposition sur les peintres de Venise (http:\/\/mini-site.louvre.fr\/venise) Le spectacle chor\u00e9graphique de Robyn Orlin (http:\/\/www.louvre.fr\/llv\/dossiers) La saison culturelle propos\u00e9e par Umberto Eco (http:\/\/www.louvre.fr\/llv\/auditorium) En revanche, [&hellip;]<\/p>\n","protected":false},"author":2,"featured_media":0,"comment_status":"open","ping_status":"open","sticky":false,"template":"","format":"standard","meta":{"footnotes":""},"categories":[22,16,24],"tags":[],"class_list":["post-971","post","type-post","status-publish","format-standard","hentry","category-communication","category-musees","category-strategie"],"_links":{"self":[{"href":"https:\/\/www.option-culture.com\/index.php?rest_route=\/wp\/v2\/posts\/971","targetHints":{"allow":["GET"]}}],"collection":[{"href":"https:\/\/www.option-culture.com\/index.php?rest_route=\/wp\/v2\/posts"}],"about":[{"href":"https:\/\/www.option-culture.com\/index.php?rest_route=\/wp\/v2\/types\/post"}],"author":[{"embeddable":true,"href":"https:\/\/www.option-culture.com\/index.php?rest_route=\/wp\/v2\/users\/2"}],"replies":[{"embeddable":true,"href":"https:\/\/www.option-culture.com\/index.php?rest_route=%2Fwp%2Fv2%2Fcomments&post=971"}],"version-history":[{"count":0,"href":"https:\/\/www.option-culture.com\/index.php?rest_route=\/wp\/v2\/posts\/971\/revisions"}],"wp:attachment":[{"href":"https:\/\/www.option-culture.com\/index.php?rest_route=%2Fwp%2Fv2%2Fmedia&parent=971"}],"wp:term":[{"taxonomy":"category","embeddable":true,"href":"https:\/\/www.option-culture.com\/index.php?rest_route=%2Fwp%2Fv2%2Fcategories&post=971"},{"taxonomy":"post_tag","embeddable":true,"href":"https:\/\/www.option-culture.com\/index.php?rest_route=%2Fwp%2Fv2%2Ftags&post=971"}],"curies":[{"name":"wp","href":"https:\/\/api.w.org\/{rel}","templated":true}]}}