{"id":819,"date":"2009-10-07T08:00:25","date_gmt":"2009-10-07T06:00:25","guid":{"rendered":"http:\/\/blog.option.culture.marrot.org\/?p=819"},"modified":"2009-10-07T08:00:25","modified_gmt":"2009-10-07T06:00:25","slug":"delegation-de-service-public","status":"publish","type":"post","link":"https:\/\/www.option-culture.com\/?p=819","title":{"rendered":"D\u00e9l\u00e9gation de service public"},"content":{"rendered":"<p style=\"text-align: justify;\"><a href=\"http:\/\/blog.option.culture.marrot.org\/wp-content\/uploads\/2009\/10\/gererlaculture1.jpg\"><\/a><a href=\"http:\/\/blog.option.culture.marrot.org\/wp-content\/uploads\/2009\/10\/G\u00e9rerlaculture.jpg\"><\/a>On parle aujourd&rsquo;hui volontiers de partenariats public-priv\u00e9, de gestion d\u00e9l\u00e9gu\u00e9e,\u00a0d&rsquo;\u00e9conomie mixte, de d\u00e9l\u00e9gation de service public.<\/p>\n<p style=\"text-align: justify;\">La gestion publique serait ainsi d\u00e9sign\u00e9e comme peu \u00e0 m\u00eame de faire face aux mutations du secteur culturel et touristique.<\/p>\n<p style=\"text-align: center;\"><img loading=\"lazy\" decoding=\"async\" class=\"aligncenter\" title=\"Langeais\" src=\"http:\/\/blog.option.culture.marrot.org\/wp-content\/uploads\/2009\/10\/Langeais3-300x200.jpg\" alt=\"Langeais\" width=\"180\" height=\"120\" \/><\/p>\n<p style=\"text-align: justify;\">C&rsquo;est sur ces questions que le colloque de <a href=\"http:\/\/blog.option.culture.marrot.org\/wp-content\/uploads\/2009\/10\/Langeais.pdf\">Langeais<\/a>\u00a0se propose de faire le point, en pr\u00e9sence du secr\u00e9taire d&rsquo;Etat charg\u00e9 du Tourisme (notamment), Herv\u00e9 Novelli.<\/p>\n<p style=\"text-align: justify;\">Nous aurons l&rsquo;occasion de livrer notre point de vue sur le management des sites culturels, les formes de \u00ab\u00a0rentabilit\u00e9\u00a0\u00bb des institutions culturelles et\u00a0les retomb\u00e9es \u00e0 en attendre.<\/p>\n<p style=\"text-align: center;\"><a href=\"http:\/\/blog.option.culture.marrot.org\/wp-content\/uploads\/2009\/10\/gererlaculture.jpg\"><\/a><\/p>\n<p style=\"text-align: center;\"><img loading=\"lazy\" decoding=\"async\" class=\"aligncenter\" title=\"G\u00e9rerlaculture\" src=\"http:\/\/blog.option.culture.marrot.org\/wp-content\/uploads\/2009\/10\/G\u00e9rerlaculture.jpg\" alt=\"G\u00e9rerlaculture\" width=\"120\" height=\"187\" \/><\/p>\n<p style=\"text-align: justify;\">Plus pr\u00e9cis\u00e9ment, nous ferons part de nos observations relatives \u00e0 la place des questions scientifiques (collections, recherche, publications, conservation pr\u00e9ventive&#8230;) dans le cas des d\u00e9l\u00e9gations de service public, dans la lign\u00e9e de notre contribution \u00e0 l&rsquo;ouvrage collectif dirig\u00e9 par Jean-Pierre Allinne et Renaud Carrier <em>G\u00e9rer la culture en r\u00e9gion, les pratiques des collectivit\u00e9s territoriales en France<\/em> (L&rsquo;Harmattan).<\/p>\n","protected":false},"excerpt":{"rendered":"<p>On parle aujourd&rsquo;hui volontiers de partenariats public-priv\u00e9, de gestion d\u00e9l\u00e9gu\u00e9e,\u00a0d&rsquo;\u00e9conomie mixte, de d\u00e9l\u00e9gation de service public. La gestion publique serait ainsi d\u00e9sign\u00e9e comme peu \u00e0 m\u00eame de faire face aux mutations du secteur culturel et touristique. C&rsquo;est sur ces questions que le colloque de Langeais\u00a0se propose de faire le point, en pr\u00e9sence du secr\u00e9taire d&rsquo;Etat [&hellip;]<\/p>\n","protected":false},"author":2,"featured_media":0,"comment_status":"open","ping_status":"open","sticky":false,"template":"","format":"standard","meta":{"footnotes":""},"categories":[17,10,13,24,20],"tags":[],"class_list":["post-819","post","type-post","status-publish","format-standard","hentry","category-colloques","category-management","category-patrimoine","category-strategie","category-tourisme"],"_links":{"self":[{"href":"https:\/\/www.option-culture.com\/index.php?rest_route=\/wp\/v2\/posts\/819","targetHints":{"allow":["GET"]}}],"collection":[{"href":"https:\/\/www.option-culture.com\/index.php?rest_route=\/wp\/v2\/posts"}],"about":[{"href":"https:\/\/www.option-culture.com\/index.php?rest_route=\/wp\/v2\/types\/post"}],"author":[{"embeddable":true,"href":"https:\/\/www.option-culture.com\/index.php?rest_route=\/wp\/v2\/users\/2"}],"replies":[{"embeddable":true,"href":"https:\/\/www.option-culture.com\/index.php?rest_route=%2Fwp%2Fv2%2Fcomments&post=819"}],"version-history":[{"count":0,"href":"https:\/\/www.option-culture.com\/index.php?rest_route=\/wp\/v2\/posts\/819\/revisions"}],"wp:attachment":[{"href":"https:\/\/www.option-culture.com\/index.php?rest_route=%2Fwp%2Fv2%2Fmedia&parent=819"}],"wp:term":[{"taxonomy":"category","embeddable":true,"href":"https:\/\/www.option-culture.com\/index.php?rest_route=%2Fwp%2Fv2%2Fcategories&post=819"},{"taxonomy":"post_tag","embeddable":true,"href":"https:\/\/www.option-culture.com\/index.php?rest_route=%2Fwp%2Fv2%2Ftags&post=819"}],"curies":[{"name":"wp","href":"https:\/\/api.w.org\/{rel}","templated":true}]}}