{"id":7786,"date":"2020-05-20T08:00:28","date_gmt":"2020-05-20T06:00:28","guid":{"rendered":"http:\/\/www.option-culture.com\/?p=7786"},"modified":"2020-11-19T20:27:08","modified_gmt":"2020-11-19T18:27:08","slug":"culture-nous-sommes-face-a-un-possible-champ-de-ruines","status":"publish","type":"post","link":"https:\/\/www.option-culture.com\/?p=7786","title":{"rendered":"Culture : \u00ab Nous sommes face \u00e0 un possible champ de ruines ! \u00bb"},"content":{"rendered":"\n<p>Sp\u00e9cialiste de la gestion des \u00e9quipements culturels, Jean-Michel Tobelem, professeur associ\u00e9 \u00e0 l\u2019universit\u00e9 Paris-1 Panth\u00e9on-Sorbonne, invite les \u00e9lus \u00e0 saisir l&rsquo;opportunit\u00e9 de la crise provoqu\u00e9e par le Covid-19 pour r\u00e9orienter leurs politiques publiques. Dans un entretien avec La Gazette, il explique ce que pourrait \u00eatre \u00ab\u00a0l&rsquo;apr\u00e8s-Covid\u00a0\u00bb.<\/p>\n\n\n\n<h3 class=\"wp-block-heading\">Comment envisagez-vous la reprise d\u2019activit\u00e9 dans les \u00e9quipements culturels&nbsp;?<\/h3>\n\n\n\n<p>Pour ce qui est des institutions publiques, il n\u2019y a pas lieu de s\u2019inqui\u00e9ter pour leur survie&nbsp;: je n\u2019imagine pas un instant que des maires d\u00e9cident de fermer la biblioth\u00e8que ou le th\u00e9\u00e2tre de leur commune.<\/p>\n\n\n\n<p>En revanche, pour ce qui est des structures priv\u00e9es, notamment associatives, nous sommes possiblement face \u00e0 un champ de ruines. Avec une cons\u00e9quence accablante pour la soci\u00e9t\u00e9\u00a0: la disparition de ces compagnies, festivals, ensembles musicaux, cin\u00e9mas associatifs, etc, qui aurait pour r\u00e9sultat de priver les citoyens de la diversit\u00e9 artistique et culturelle dont ils ont besoin. L\u2019\u00e9cosyst\u00e8me culturel serait boulevers\u00e9, et la <a href=\"https:\/\/www.lagazettedescommunes.com\/649989\/concentration-dans-les-musiques-actuelles-quelles-solutions\/?abo=1\">place d\u2019acteurs commerciaux<\/a> suffisamment puissants pour se relever de la crise serait renforc\u00e9e. Nous serions face \u00e0 un grave probl\u00e8me de politique culturelle.<\/p>\n\n\n\n<div class=\"wp-block-image\"><figure class=\"aligncenter size-large\"><img loading=\"lazy\" decoding=\"async\" width=\"182\" height=\"52\" src=\"https:\/\/www.option-culture.com\/wp-content\/uploads\/2020\/11\/Gazette.jpg\" alt=\"\" class=\"wp-image-7788\"\/><\/figure><\/div>\n\n\n\n<p>Pour lire la <a href=\"https:\/\/www.lagazettedescommunes.com\/679079\/culture-nous-sommes-face-a-un-possible-champ-de-ruines\/\" target=\"_blank\" rel=\"noreferrer noopener\">suite <\/a>(article r\u00e9serv\u00e9s aux abonn\u00e9s) : https:\/\/www.lagazettedescommunes.com\/679079\/culture-nous-sommes-face-a-un-possible-champ-de-ruines\/<\/p>\n","protected":false},"excerpt":{"rendered":"<p>Sp\u00e9cialiste de la gestion des \u00e9quipements culturels, Jean-Michel Tobelem, professeur associ\u00e9 \u00e0 l\u2019universit\u00e9 Paris-1 Panth\u00e9on-Sorbonne, invite les \u00e9lus \u00e0 saisir l&rsquo;opportunit\u00e9 de la crise provoqu\u00e9e par le Covid-19 pour r\u00e9orienter leurs politiques publiques. Dans un entretien avec La Gazette, il explique ce que pourrait \u00eatre \u00ab\u00a0l&rsquo;apr\u00e8s-Covid\u00a0\u00bb. Comment envisagez-vous la reprise d\u2019activit\u00e9 dans les \u00e9quipements culturels&nbsp;? [&hellip;]<\/p>\n","protected":false},"author":2,"featured_media":0,"comment_status":"open","ping_status":"open","sticky":false,"template":"","format":"standard","meta":{"footnotes":""},"categories":[21,16,13,12,33,24],"tags":[],"class_list":["post-7786","post","type-post","status-publish","format-standard","hentry","category-financement","category-musees","category-patrimoine","category-politique-culturelle","category-spectacle-vivant","category-strategie"],"_links":{"self":[{"href":"https:\/\/www.option-culture.com\/index.php?rest_route=\/wp\/v2\/posts\/7786","targetHints":{"allow":["GET"]}}],"collection":[{"href":"https:\/\/www.option-culture.com\/index.php?rest_route=\/wp\/v2\/posts"}],"about":[{"href":"https:\/\/www.option-culture.com\/index.php?rest_route=\/wp\/v2\/types\/post"}],"author":[{"embeddable":true,"href":"https:\/\/www.option-culture.com\/index.php?rest_route=\/wp\/v2\/users\/2"}],"replies":[{"embeddable":true,"href":"https:\/\/www.option-culture.com\/index.php?rest_route=%2Fwp%2Fv2%2Fcomments&post=7786"}],"version-history":[{"count":2,"href":"https:\/\/www.option-culture.com\/index.php?rest_route=\/wp\/v2\/posts\/7786\/revisions"}],"predecessor-version":[{"id":7789,"href":"https:\/\/www.option-culture.com\/index.php?rest_route=\/wp\/v2\/posts\/7786\/revisions\/7789"}],"wp:attachment":[{"href":"https:\/\/www.option-culture.com\/index.php?rest_route=%2Fwp%2Fv2%2Fmedia&parent=7786"}],"wp:term":[{"taxonomy":"category","embeddable":true,"href":"https:\/\/www.option-culture.com\/index.php?rest_route=%2Fwp%2Fv2%2Fcategories&post=7786"},{"taxonomy":"post_tag","embeddable":true,"href":"https:\/\/www.option-culture.com\/index.php?rest_route=%2Fwp%2Fv2%2Ftags&post=7786"}],"curies":[{"name":"wp","href":"https:\/\/api.w.org\/{rel}","templated":true}]}}