{"id":7776,"date":"2020-07-25T08:00:00","date_gmt":"2020-07-25T06:00:00","guid":{"rendered":"http:\/\/www.option-culture.com\/?p=7776"},"modified":"2020-11-19T19:49:37","modified_gmt":"2020-11-19T17:49:37","slug":"a-quoi-sert-ce-theatre","status":"publish","type":"post","link":"https:\/\/www.option-culture.com\/?p=7776","title":{"rendered":"\u00c0 quoi sert ce th\u00e9\u00e2tre ?"},"content":{"rendered":"\n<h2 class=\"wp-block-heading\">Cour PUBLIQUE &#8211; <a href=\"https:\/\/disqus.com\/home\/forums\/lequai\/\" target=\"_blank\" rel=\"noreferrer noopener\"><strong>Le Quai &#8211; CDN Angers Pays de la Loire<\/strong><\/a><\/h2>\n\n\n\n<p>22 juillet 2020| 18h30 | cour logistique<\/p>\n\n\n\n<p><strong>Cet \u00e9t\u00e9 la Cour du Quai transform\u00e9e en espace convivial propose diff\u00e9rentes formes artistiques, festives et citoyennes, et un bar ! Elle accueille un cycle de rencontres au sein d\u2019un dispositif ludique, permettant \u00e0 tous les publics de participer ou simplement d\u2019y assister. Une th\u00e9matique en lien avec le monde d\u2019aujourd\u2019hui comme avec l\u2019utopie du monde d\u2019apr\u00e8s y est d\u00e9battue, d\u00e9cortiqu\u00e9e et dynamit\u00e9e. Le th\u00e9\u00e2tre r\u00e9pond \u00e0 deux besoins fondamentaux : se r\u00e9unir et se raconter des histoires. Mais qui en profite vraiment? N\u2019est-il pas temps de r\u00e9affirmer le caract\u00e8re essentiel de nos institutions, d\u2019interroger nos missions de service public et de droit \u00e0 la culture ? Alors prenons le taureau par les cornes et osons poser la question : \u00c0 quoi \u2013 mais aussi \u00e0 qui \u2013 sert ce th\u00e9\u00e2tre ?<\/strong><\/p>\n\n\n\n<p>Chronique th\u00e9\u00e2tralis\u00e9e par Damien Gabriac auteur, avec la troupe du Quai \u2013 Damien Avice, Bruno Bayeux, \u00c9meline Fr\u00e9mont, Damien Gabriac, Charline Porrone \u2013 associ\u00e9e \u00e0 des savants et savantes, \u00e0 des associations ou collectifs militants.<\/p>\n\n\n\n<p>En partenariat avec le magazine Transfuge<\/p>\n\n\n\n<p>Dur\u00e9e 50&prime; environ, suivi d&rsquo;un \u00e9change. Acc\u00e8s libre<\/p>\n\n\n\n<div class=\"wp-block-image\"><figure class=\"aligncenter size-large is-resized\"><img loading=\"lazy\" decoding=\"async\" src=\"https:\/\/www.option-culture.com\/wp-content\/uploads\/2020\/11\/Cour-publique-Angers.jpg\" alt=\"\" class=\"wp-image-7777\" width=\"375\" height=\"211\" srcset=\"https:\/\/www.option-culture.com\/wp-content\/uploads\/2020\/11\/Cour-publique-Angers.jpg 1000w, https:\/\/www.option-culture.com\/wp-content\/uploads\/2020\/11\/Cour-publique-Angers-300x169.jpg 300w, https:\/\/www.option-culture.com\/wp-content\/uploads\/2020\/11\/Cour-publique-Angers-768x433.jpg 768w\" sizes=\"auto, (max-width: 375px) 100vw, 375px\" \/><\/figure><\/div>\n\n\n\n<p><a href=\"https:\/\/www.lequai-angers.eu\/saison\/rendez-vous\/cour-publique#\" target=\"_blank\" rel=\"noreferrer noopener\">t\u00e9l\u00e9charger<\/a><a href=\"https:\/\/www.lequai-angers.eu\/media\/lequai\/101712-cahierquailete_basse_def-11.pdf\" target=\"_blank\" rel=\"noreferrer noopener\"> PROGRAMME QUAI L&rsquo;\u00c9T\u00c9<\/a><\/p>\n\n\n\n<ul class=\"wp-block-list\"><li>Julie Cloarec-Michaud, philosophe<\/li><li>Bernard Dray pr\u00e9sident d\u2019Emma\u00fcs-Angers<\/li><li>Thomas Jolly, artiste-directeur du Quai CDN<\/li><li>La troupe du Quai Damien Avice, Bruno Bayeux, \u00c9meline Fr\u00e9mont, Damien Gabriac, Charline Porrone<\/li><li>Isabelle Starkier, ma\u00eetresse de conf\u00e9rences en \u00e9tudes th\u00e9\u00e2trales l\u2019universit\u00e9 d\u2019Evry-Val-d\u2019Essonne, metteuse en sc\u00e8ne<\/li><li>Jean-Michel Tobelem professeur associ\u00e9 \u00e0 l\u2019universit\u00e9 Paris 1-Panth\u00e9on-Sorbonne<\/li><\/ul>\n","protected":false},"excerpt":{"rendered":"<p>Cour PUBLIQUE &#8211; Le Quai &#8211; CDN Angers Pays de la Loire 22 juillet 2020| 18h30 | cour logistique Cet \u00e9t\u00e9 la Cour du Quai transform\u00e9e en espace convivial propose diff\u00e9rentes formes artistiques, festives et citoyennes, et un bar ! Elle accueille un cycle de rencontres au sein d\u2019un dispositif ludique, permettant \u00e0 tous les [&hellip;]<\/p>\n","protected":false},"author":2,"featured_media":0,"comment_status":"open","ping_status":"open","sticky":false,"template":"","format":"standard","meta":{"footnotes":""},"categories":[17,22,12,23,33],"tags":[],"class_list":["post-7776","post","type-post","status-publish","format-standard","hentry","category-colloques","category-communication","category-politique-culturelle","category-publics","category-spectacle-vivant"],"_links":{"self":[{"href":"https:\/\/www.option-culture.com\/index.php?rest_route=\/wp\/v2\/posts\/7776","targetHints":{"allow":["GET"]}}],"collection":[{"href":"https:\/\/www.option-culture.com\/index.php?rest_route=\/wp\/v2\/posts"}],"about":[{"href":"https:\/\/www.option-culture.com\/index.php?rest_route=\/wp\/v2\/types\/post"}],"author":[{"embeddable":true,"href":"https:\/\/www.option-culture.com\/index.php?rest_route=\/wp\/v2\/users\/2"}],"replies":[{"embeddable":true,"href":"https:\/\/www.option-culture.com\/index.php?rest_route=%2Fwp%2Fv2%2Fcomments&post=7776"}],"version-history":[{"count":1,"href":"https:\/\/www.option-culture.com\/index.php?rest_route=\/wp\/v2\/posts\/7776\/revisions"}],"predecessor-version":[{"id":7778,"href":"https:\/\/www.option-culture.com\/index.php?rest_route=\/wp\/v2\/posts\/7776\/revisions\/7778"}],"wp:attachment":[{"href":"https:\/\/www.option-culture.com\/index.php?rest_route=%2Fwp%2Fv2%2Fmedia&parent=7776"}],"wp:term":[{"taxonomy":"category","embeddable":true,"href":"https:\/\/www.option-culture.com\/index.php?rest_route=%2Fwp%2Fv2%2Fcategories&post=7776"},{"taxonomy":"post_tag","embeddable":true,"href":"https:\/\/www.option-culture.com\/index.php?rest_route=%2Fwp%2Fv2%2Ftags&post=7776"}],"curies":[{"name":"wp","href":"https:\/\/api.w.org\/{rel}","templated":true}]}}