{"id":7587,"date":"2017-05-30T08:00:56","date_gmt":"2017-05-30T06:00:56","guid":{"rendered":"http:\/\/www.option-culture.com\/?p=7587"},"modified":"2017-06-16T18:30:37","modified_gmt":"2017-06-16T16:30:37","slug":"le-musee-contemporain-strategies-espaces-esthetiques","status":"publish","type":"post","link":"https:\/\/www.option-culture.com\/?p=7587","title":{"rendered":"Le mus\u00e9e contemporain : strat\u00e9gies, espaces, esth\u00e9tiques"},"content":{"rendered":"<h1><span style=\"color: #333399;\">Le mus\u00e9e contemporain : strat\u00e9gies, espaces, esth\u00e9tiques<\/span><\/h1>\n<div>\n<h2><a href=\"https:\/\/www.college-de-france.fr\/site\/jean-louis-cohen\/symposium-2016-2017.htm\" target=\"_blank\"><span style=\"color: #333399;\"><strong>Colloque<\/strong><\/span><\/a><\/h2>\n<div><span style=\"color: #333399;\"><strong>Coll\u00e8ge de France, 19 juin 2017<br \/>\n<\/strong><\/span><\/div>\n<\/div>\n<div><\/div>\n<div>CHAIRE INTERNATIONALE ARCHITECTURE ET FORME URBAINE<\/div>\n<div>Ann\u00e9e acad\u00e9mique 2016-2017<\/div>\n<div>\n<div class=\"textLayer\">Jean-Louis <a href=\"https:\/\/www.college-de-france.fr\/site\/jean-louis-cohen\/course-2016-2017.htm\" target=\"_blank\">COHEN<\/a>, professeur \u00e0 l\u2019universit\u00e9 de New York<\/div>\n<div class=\"textLayer\"><\/div>\n<div class=\"textLayer\"><\/div>\n<\/div>\n<div class=\"textLayer\"><\/div>\n<div class=\"textLayer\"><\/div>\n<div class=\"textLayer\">\n<h2><a href=\"https:\/\/www.college-de-france.fr\/media\/jean-louis-cohen\/UPL4131825187297057694_Cohen_Colloque_2017.pdf\" target=\"_blank\"><span style=\"color: #333399;\">Programme<\/span><\/a><\/h2>\n<p><span style=\"color: #333399;\"><strong>9h00 &#8211; 13h00<\/strong><\/span><\/p>\n<div>Ouverture<\/div>\n<div><em>Jean-Louis COHEN, Coll\u00e8ge de France<\/em><\/div>\n<div><\/div>\n<div>Le mus\u00e9e comme lieu de jouissance ; anciens espaces, nouveaux types : Orsay, Quimper, Roubaix, Valence<\/div>\n<div><em>Jean-Paul PHILIPPON, architecte, Paris<\/em><\/div>\n<div><\/div>\n<div>Lieux, parcours, r\u00e9cits ; exp\u00e9riences sc\u00e9nographiques, de la dalle de La D\u00e9fense<\/div>\n<div>au Familist\u00e8re de Guise<\/div>\n<div><em>B\u00e9atrice JULLIEN, architecte, Paris, ma\u00eetre-assistante \u00e0 l\u2019\u00c9cole d\u2019architecture<\/em><\/div>\n<div><em>de Paris-Belleville<\/em><\/div>\n<div><\/div>\n<div>Dijon premi\u00e8re tranche et Bl\u00e9rancourt derni\u00e8re tranche<\/div>\n<div><em>Yves LION,architecte, Paris<\/em><\/div>\n<div><\/div>\n<div>American art museums in the new millennium<\/div>\n<div><em>Victoria NEWHOUSE, historienne de l\u2019architecture et critique, New York<\/em><\/div>\n<div><\/div>\n<div>Ce que le mus\u00e9e fait \u00e0 la ville<\/div>\n<div><em>Jean-Michel TOBELEM, expert en management de la culture<\/em><\/div>\n<\/div>\n<div><\/div>\n<div><\/div>\n<div><\/div>\n<div><\/div>\n<div><a href=\"https:\/\/www.option-culture.com\/wp-content\/uploads\/2017\/06\/CF.png\"><img loading=\"lazy\" decoding=\"async\" class=\"alignleft size-medium wp-image-7590\" src=\"https:\/\/www.option-culture.com\/wp-content\/uploads\/2017\/06\/CF-300x119.png\" alt=\"CF\" width=\"300\" height=\"119\" srcset=\"https:\/\/www.option-culture.com\/wp-content\/uploads\/2017\/06\/CF-300x119.png 300w, https:\/\/www.option-culture.com\/wp-content\/uploads\/2017\/06\/CF.png 448w\" sizes=\"auto, (max-width: 300px) 100vw, 300px\" \/><\/a><\/div>\n<div class=\"textLayer\"><\/div>\n<div><\/div>\n<div><\/div>\n<div><\/div>\n<div><\/div>\n<div><\/div>\n<div><\/div>\n<div><\/div>\n<div><\/div>\n<div><\/div>\n<div><span style=\"color: #333399;\"><strong>14h30 &#8211; 18h30<\/strong><\/span><\/div>\n<div class=\"textLayer\">\n<div><\/div>\n<div><\/div>\n<div>L\u2019extension des mus\u00e9es &#8211; une exp\u00e9rience controvers\u00e9e<\/div>\n<div><em>Roger DIENER, architecte, B\u00e2le<\/em><\/div>\n<div><\/div>\n<div>Mus\u00e9es au Moyen-Orient, d\u2019Abou Dabi \u00e0 Beyrouth<\/div>\n<div><em>Hala WARD\u00c9, architecte, Paris<\/em><\/div>\n<div><\/div>\n<div>Museumsquartier Wien, creating by chance a cultural district; the role of politics, mass media and architecture<\/div>\n<div><em>Dietmar STEINER, architecte, ancien directeur de l\u2019Architekturzentrum Wien<\/em><\/div>\n<div><\/div>\n<div>Pushkin Museum: Golitsyn, Kandinsky, Morozov et al<\/div>\n<div><em>Yuri AVVAKUMOV, architecte, artiste, curateur, Moscou<\/em><\/div>\n<div><\/div>\n<div>Moderniser le mus\u00e9e du 19e si\u00e8cle et imaginer celui du 21e si\u00e8cle<\/div>\n<div><em>Blandine CHAVANNE, conservatrice g\u00e9n\u00e9rale du patrimoine, sous-directrice de la politique des mus\u00e9es au Service des mus\u00e9es de France<\/em><\/div>\n<\/div>\n<div><\/div>\n<div><\/div>\n<div class=\"textLayer\">\n<div><\/div>\n<div><\/div>\n<div><\/div>\n<div><\/div>\n<div><strong>Table ronde conclusive<\/strong><\/div>\n<\/div>\n<p><strong><span style=\"color: #333399;\">Lieu de la conf\u00e9rence : Coll\u00e8ge de France<\/span><\/strong><\/p>\n<div>Amphith\u00e9\u00e2tre Marguerite de Navarre<\/div>\n<div>11, place Marcelin-Berthelot, 75005 Paris<\/div>\n<div>www.college-de-france.fr<\/div>\n<p>&nbsp;<\/p>\n","protected":false},"excerpt":{"rendered":"<p>Le mus\u00e9e contemporain : strat\u00e9gies, espaces, esth\u00e9tiques Colloque Coll\u00e8ge de France, 19 juin 2017 CHAIRE INTERNATIONALE ARCHITECTURE ET FORME URBAINE Ann\u00e9e acad\u00e9mique 2016-2017 Jean-Louis COHEN, professeur \u00e0 l\u2019universit\u00e9 de New York Programme 9h00 &#8211; 13h00 Ouverture Jean-Louis COHEN, Coll\u00e8ge de France Le mus\u00e9e comme lieu de jouissance ; anciens espaces, nouveaux types : Orsay, Quimper, [&hellip;]<\/p>\n","protected":false},"author":2,"featured_media":7591,"comment_status":"open","ping_status":"open","sticky":false,"template":"","format":"standard","meta":{"footnotes":""},"categories":[25,17,16],"tags":[],"class_list":["post-7587","post","type-post","status-publish","format-standard","has-post-thumbnail","hentry","category-architecture","category-colloques","category-musees"],"_links":{"self":[{"href":"https:\/\/www.option-culture.com\/index.php?rest_route=\/wp\/v2\/posts\/7587","targetHints":{"allow":["GET"]}}],"collection":[{"href":"https:\/\/www.option-culture.com\/index.php?rest_route=\/wp\/v2\/posts"}],"about":[{"href":"https:\/\/www.option-culture.com\/index.php?rest_route=\/wp\/v2\/types\/post"}],"author":[{"embeddable":true,"href":"https:\/\/www.option-culture.com\/index.php?rest_route=\/wp\/v2\/users\/2"}],"replies":[{"embeddable":true,"href":"https:\/\/www.option-culture.com\/index.php?rest_route=%2Fwp%2Fv2%2Fcomments&post=7587"}],"version-history":[{"count":6,"href":"https:\/\/www.option-culture.com\/index.php?rest_route=\/wp\/v2\/posts\/7587\/revisions"}],"predecessor-version":[{"id":7601,"href":"https:\/\/www.option-culture.com\/index.php?rest_route=\/wp\/v2\/posts\/7587\/revisions\/7601"}],"wp:featuredmedia":[{"embeddable":true,"href":"https:\/\/www.option-culture.com\/index.php?rest_route=\/wp\/v2\/media\/7591"}],"wp:attachment":[{"href":"https:\/\/www.option-culture.com\/index.php?rest_route=%2Fwp%2Fv2%2Fmedia&parent=7587"}],"wp:term":[{"taxonomy":"category","embeddable":true,"href":"https:\/\/www.option-culture.com\/index.php?rest_route=%2Fwp%2Fv2%2Fcategories&post=7587"},{"taxonomy":"post_tag","embeddable":true,"href":"https:\/\/www.option-culture.com\/index.php?rest_route=%2Fwp%2Fv2%2Ftags&post=7587"}],"curies":[{"name":"wp","href":"https:\/\/api.w.org\/{rel}","templated":true}]}}