{"id":7556,"date":"2017-05-10T08:00:17","date_gmt":"2017-05-10T06:00:17","guid":{"rendered":"http:\/\/www.option-culture.com\/?p=7556"},"modified":"2017-05-16T16:05:24","modified_gmt":"2017-05-16T14:05:24","slug":"plaidons-pour-une-bibliotheque-visible","status":"publish","type":"post","link":"https:\/\/www.option-culture.com\/?p=7556","title":{"rendered":"Plaidons pour une biblioth\u00e8que visible !"},"content":{"rendered":"<h1><span style=\"color: #333399;\">Pr\u00e9sentation<\/span><\/h1>\n<blockquote><p>Dominique Lahary \u00e9crivait en 2005 dans la revue <em>Biblioth\u00e8que(s)<\/em> : \u00ab On ne parle pas des biblioth\u00e8ques dans le journal, comme on n&rsquo;y parle pas des trains qui arrivent \u00e0 l&rsquo;heure \u00bb. Cette phrase r\u00e9sumait bien le manque de visibilit\u00e9 de l\u2019action de la biblioth\u00e8que au quotidien. Les choses ont-elles chang\u00e9 ?<\/p>\n<p>D\u2019un c\u00f4t\u00e9, depuis quelques ann\u00e9es, les professionnels, d\u2019abord en biblioth\u00e8que universitaire, se sont empar\u00e9s de la question sous l\u2019angle de l\u2019\u00e9valuation puis de l\u2019impact de la biblioth\u00e8que. Et aujourd\u2019hui, l\u2019Association des biblioth\u00e9caires de France, missionn\u00e9e par la Direction g\u00e9n\u00e9rale des m\u00e9dias et des industries culturelles, s\u2019appr\u00eate \u00e0 lancer une enqu\u00eate sur la valeur \u00e9conomique et sociale des biblioth\u00e8ques.<\/p>\n<p>De l\u2019autre, notamment avec la baisse des moyens et la concurrence d\u2019internet, la biblioth\u00e8que est fortement interrog\u00e9e dans son utilit\u00e9.<\/p>\n<p>Si la profession est convaincue de la n\u00e9cessit\u00e9 toujours actuelle de la biblioth\u00e8que dans l\u2019espace public, il devient n\u00e9cessaire aujourd\u2019hui de porter ses arguments sur la place publique.<\/p>\n<p>L\u2019Enssib et l\u2019ABF proposent une <a href=\"http:\/\/www.enssib.fr\/Estivales-Plaidons-pour-une-bibliotheque-visible\" target=\"_blank\">journ\u00e9e d\u2019\u00e9tude<\/a> pour apprendre \u00e0 d\u00e9fendre et valoriser la biblioth\u00e8que. Cette journ\u00e9e est con\u00e7ue en deux temps : donner outils et m\u00e9thodes pour \u00eatre en capacit\u00e9 de plaider puis apprendre \u00e0 monter une campagne d\u2019advocacy.<\/p>\n<p>Il a sembl\u00e9 utile pour atteindre cet objectif de s\u2019inspirer d\u2019exemples de coll\u00e8gues am\u00e9ricains et europ\u00e9ens.<\/p><\/blockquote>\n<h1><a href=\"https:\/\/www.option-culture.com\/wp-content\/uploads\/2017\/05\/Enssib.png\"><img loading=\"lazy\" decoding=\"async\" class=\"size-full wp-image-7557 aligncenter\" src=\"https:\/\/www.option-culture.com\/wp-content\/uploads\/2017\/05\/Enssib.png\" alt=\"Enssib\" width=\"257\" height=\"126\" \/><\/a><span style=\"color: #333399;\">Programme<\/span><\/h1>\n<div class=\"field field-name-body field-type-text-with-summary field-label-hidden\">\n<div class=\"field-items\">\n<div class=\"field-item even\">\n<ul>\n<li>9h15-9h30 : Accueil des participants.<\/li>\n<li>9h30-10h : <em>Ouverture <\/em>par <strong>Yves Alix<\/strong>, directeur de l\u2019Enssib.<\/li>\n<li>10h-11h : <em>La valeur \u00e9conomique et sociale des biblioth\u00e8ques, enqu\u00eates, m\u00e9thodologies, indicateurs<\/em>, par <strong>Anne Verneuil<\/strong>, responsable commission Advocacy ABF et <strong>Christophe Evans<\/strong>, chef du service \u00c9tudes et recherche Bpi.<\/li>\n<li>Pause<\/li>\n<li>11h15-12h : <em>Contexte et indicateurs d\u2019impact dans l\u2019\u00e9laboration d\u2019un plaidoyer : l\u2019exemple des biblioth\u00e8ques universitaires am\u00e9ricaines<\/em>, par <strong>Danuta A. Nitecki<\/strong>, doyenne des biblioth\u00e8ques de l\u2019universit\u00e9 Drexel, Dean of Libraries, and Professor, College of Computing &amp; Informatics. [Intervention traduite en fran\u00e7ais]<\/li>\n<li>12h-12h45 \u2013 <em>Parler de la biblioth\u00e8que au travers de la mesure de ses impacts : un changement de paradigme<\/em>, par <strong>C\u00e9cile Touitou<\/strong>, responsable mission Marketing, Biblioth\u00e8que de Sciences Po, Direction des Ressources et de l&rsquo;information Scientifique, expert Afnor.<\/li>\n<li>Pause d\u00e9jeuner.<\/li>\n<li>14h15-15h : <em>Une m\u00e9thode de plaidoyer appliqu\u00e9e \u00e0 l\u2019Agenda 2030<\/em>, par<strong> Rapha\u00eblle Bats<\/strong>, Enssib et <strong>Patrick Megel<\/strong>, biblioth\u00e8que municipale de Martigues &#8211; Correspondants fran\u00e7ais de l&rsquo;International Advocacy Program (IAP) de l&rsquo;IFLA \/ membres du groupe Agenda 2030 de l&rsquo;ABF.<\/li>\n<li>15h-16h30 : <em>D\u00e9fendre et valoriser les biblioth\u00e8ques en Europe<\/em>.<br \/>\nTable ronde mod\u00e9r\u00e9e par <strong>Rapha\u00eblle Bats<\/strong>, avec la participation de :<br \/>\n&#8211; <strong>Vincent Bonnet<\/strong>, directeur d\u2019EBLIDA (European Bureau of Library, Information and Documentation Associations).<br \/>\n&#8211; <strong>Hannah Gent<\/strong>, charg\u00e9e de mission, Public Libraries 2020, Reading and Writing Foundation.<br \/>\n&#8211; <strong>Barbara Lison<\/strong>, directrice Association des biblioth\u00e9caires allemands.<\/li>\n<li>16h30 \u2013 <em>Conclusion <\/em>par <strong>Jean-Michel Tobelem<\/strong>, professeur \u00e0 l&rsquo;universit\u00e9 Paris 1 Panth\u00e9on-Sorbonne, sp\u00e9cialiste de la gestion des \u00e9quipements culturels et directeur d&rsquo;<a href=\"https:\/\/www.option-culture.com\" target=\"_blank\">Option Culture<\/a>, Institut d\u2019\u00e9tudes et de recherche.<\/li>\n<\/ul>\n<\/div>\n<\/div>\n<\/div>\n<div class=\"field field-name-field-info-event field-type-text field-label-inline clearfix\">\n<div class=\"field-label\"><\/div>\n<div class=\"field-item even\">Date : 15 mai 2017<\/div>\n<div class=\"field-item even\">Contact : Julia Morineau<\/div>\n<\/div>\n<div class=\"field field-name-field-email-event field-type-email field-label-inline clearfix\">\n<div class=\"field-item even\">Courriel : <a href=\"mailto:julia.morineau@enssib.fr\">julia.morineau@enssib.fr<\/a><\/div>\n<\/div>\n<div class=\"field field-name-field-adresse-v-nement field-type-location field-label-inline clearfix\">\n<div class=\"field-label\">Adresse \u00e9v\u00e9nement :<\/div>\n<div class=\"field-items\">\n<div class=\"field-item even\">\n<div class=\"location vcard\">\n<div class=\"adr\">\n<p><span class=\"fn\">Amphith\u00e9\u00e2tre de l&rsquo;Enssib<\/span><\/p>\n<div class=\"street-address\">17-21 bd du 11 novembre 1918<\/div>\n<p><span class=\"locality\">Villeurbanne &#8211; <\/span>France<\/p>\n<\/div>\n<\/div>\n<\/div>\n<\/div>\n<\/div>\n","protected":false},"excerpt":{"rendered":"<p>Pr\u00e9sentation Dominique Lahary \u00e9crivait en 2005 dans la revue Biblioth\u00e8que(s) : \u00ab On ne parle pas des biblioth\u00e8ques dans le journal, comme on n&rsquo;y parle pas des trains qui arrivent \u00e0 l&rsquo;heure \u00bb. Cette phrase r\u00e9sumait bien le manque de visibilit\u00e9 de l\u2019action de la biblioth\u00e8que au quotidien. Les choses ont-elles chang\u00e9 ? D\u2019un c\u00f4t\u00e9, [&hellip;]<\/p>\n","protected":false},"author":2,"featured_media":7557,"comment_status":"open","ping_status":"open","sticky":false,"template":"","format":"standard","meta":{"footnotes":""},"categories":[29,17,12],"tags":[],"class_list":["post-7556","post","type-post","status-publish","format-standard","has-post-thumbnail","hentry","category-bibliotheques-documentation","category-colloques","category-politique-culturelle"],"_links":{"self":[{"href":"https:\/\/www.option-culture.com\/index.php?rest_route=\/wp\/v2\/posts\/7556","targetHints":{"allow":["GET"]}}],"collection":[{"href":"https:\/\/www.option-culture.com\/index.php?rest_route=\/wp\/v2\/posts"}],"about":[{"href":"https:\/\/www.option-culture.com\/index.php?rest_route=\/wp\/v2\/types\/post"}],"author":[{"embeddable":true,"href":"https:\/\/www.option-culture.com\/index.php?rest_route=\/wp\/v2\/users\/2"}],"replies":[{"embeddable":true,"href":"https:\/\/www.option-culture.com\/index.php?rest_route=%2Fwp%2Fv2%2Fcomments&post=7556"}],"version-history":[{"count":5,"href":"https:\/\/www.option-culture.com\/index.php?rest_route=\/wp\/v2\/posts\/7556\/revisions"}],"predecessor-version":[{"id":7571,"href":"https:\/\/www.option-culture.com\/index.php?rest_route=\/wp\/v2\/posts\/7556\/revisions\/7571"}],"wp:featuredmedia":[{"embeddable":true,"href":"https:\/\/www.option-culture.com\/index.php?rest_route=\/wp\/v2\/media\/7557"}],"wp:attachment":[{"href":"https:\/\/www.option-culture.com\/index.php?rest_route=%2Fwp%2Fv2%2Fmedia&parent=7556"}],"wp:term":[{"taxonomy":"category","embeddable":true,"href":"https:\/\/www.option-culture.com\/index.php?rest_route=%2Fwp%2Fv2%2Fcategories&post=7556"},{"taxonomy":"post_tag","embeddable":true,"href":"https:\/\/www.option-culture.com\/index.php?rest_route=%2Fwp%2Fv2%2Ftags&post=7556"}],"curies":[{"name":"wp","href":"https:\/\/api.w.org\/{rel}","templated":true}]}}