{"id":7425,"date":"2016-01-15T08:00:42","date_gmt":"2016-01-15T06:00:42","guid":{"rendered":"http:\/\/www.option-culture.com\/?p=7334"},"modified":"2016-01-15T08:00:42","modified_gmt":"2016-01-15T06:00:42","slug":"buone-pratiche-per-la-gestione-del-patrimonio-culturale","status":"publish","type":"post","link":"https:\/\/www.option-culture.com\/?p=7425","title":{"rendered":"Buone pratiche per la gestione del patrimonio culturale"},"content":{"rendered":"<p>La<strong><span style=\"color: #000080;\"><a href=\"http:\/\/www.rempart.com\/data\/table_ronde_11_02_programme_fr.pdf\" target=\"_blank\"> tavola rot<\/a><\/span><\/strong>onda sulle buone pratiche<span style=\"color: #000080;\"><strong> di gestione del patrimonio cultura argomento si terr\u00e0<\/strong> <\/span>gioved\u00ec 11 febbraio 2016, 17h alle 20h30, il Consolato generale d&#39;Italia (17, consigliere Collignon &#8211; 75016 Paris Street).<\/p>\n<p>Ecco la <span style=\"color: #000080;\"><strong>presentazion<\/strong>e<\/span> di questo giorno dagli organizzatori.<\/p>\n<blockquote><p>Grandi protagonisti del mondo della lingua italiana e francese patrimonio culturale si incontrano per Exchange e condividere le buone pratiche relative alla gestione del patrimonio culturale.<\/p>\n<p>La gestione del patrimonio culturale \u00e8 un&#39;azione complessa, tra cui attivit\u00e0 finalizzate alla conservazione, conoscenza e la valorizzazione dei beni culturali.<\/p>\n<p>Negli ultimi anni, il settore privato ha visto aumentare il suo ruolo e la sua importanza nella gestione del patrimonio, mentre l&#39;integrazione e collaborando attivamente con il settore pubblico.<\/p>\n<p>Questa interazione, pi\u00f9 buona gestione pratiche possono essere evidenziate.<\/p>\n<p>In questo contesto, le organizzazioni internazionali play, anche un ruolo molto importante, fornendo un quadro di norme, convenzioni e forme di partenariato finalizzato allo sviluppo della cultura.<\/p>\n<p>Infine, l&#39;arrivo nella zona di grandi gruppi di zona digitale e computer \u00e8 un segno di una rivoluzione in sospeso.<\/p>\n<p>Ci\u00f2 comporta nuove sfide, nonch\u00e9 notevoli opportunit\u00e0 per giocatori storici nella gestione del patrimonio culturale.<\/p>\n<p>L&#39;organizzazione di una riunione di confronto \u2014 le modalit\u00e0 e la forma di una tavola rotonda &#8211; consentir\u00e0 una riflessione approfondita sui temi sopra.<\/p>\n<p>L&#39;obiettivo principale degli organizzatori \u00e8 quello di mettere in evidenza i legami tra soggetti eterogenei, al fine di promuovere lo scambio di informazioni e di promuovere la nascita di qualsiasi collaborazione o progetti congiunti.<\/p><\/blockquote>\n<p><img decoding=\"async\" class=\"aligncenter\" src=\"http:\/\/www.rempart.com\/img\/thumbnails\/187_250\/logo_fai.jpg\" alt=\"logo_fai.jpg (jpg - 17 KB)\" \/><\/p>\n<p><strong><span style=\"color: #000080;\">Programma<\/span><br \/>\n<\/strong><\/p>\n<ul>\n<li><strong>16 h 45 &#8211; casa pubblica<br \/>\n<\/strong><\/li>\n<li><strong>17:00 &#8211; indirizzi di benvenuto <\/strong><\/li>\n<li><strong>Andrea Cavallari (<\/strong>console generale d&#39;Italia a Parigi)<\/li>\n<li><strong>Vincenza Lomonaco (<\/strong>ambasciatore della rappresentanza permanente d&#39;Italia presso l&#39;UNESCO)<\/li>\n<li><strong>Marina Valensise <\/strong>(direttore dell&#39;Istituto Italiano di cultura a Parigi)<strong><br \/>\n<\/strong><\/li>\n<li><strong>17h10 &#8211; introduzione<\/strong><\/li>\n<li><strong>Tiziana Zall<\/strong>a (reef di sedia)<\/li>\n<li><strong>Michele Canonica (So<\/strong>ciet\u00e0 Dante Alighieri &#8211; Presidente della Commissione di Parigi)<\/li>\n<li><strong>Romano Ferrari <\/strong>(Presidente ISP Francia)<strong><br \/>\n<\/strong><\/li>\n<li><strong>17h15 &#8211; generale e il quadro istituzionale <\/strong><\/li>\n<li><strong>Livio Garuccio <\/strong>(UNESCO)<strong><br \/>\n<\/strong><\/li>\n<li><strong>17:25 &#8211; gli attori della valorizzazione del patrimonio <\/strong><\/li>\n<li><strong>Patrice Simonn<\/strong>et (ISP fundraising Director)<\/li>\n<li><strong>Firenze Durieux (<\/strong>delegato regionale \u00eele-de-France, RAMPART)<\/li>\n<li><strong>Patrizia Parigi <\/strong>(Presidente Confcultura)<\/li>\n<li><strong>Bruno Monnier <\/strong>(CEO Culturespaces)<\/li>\n<li><strong>Maddalena Pel\u00f9 (<\/strong>Direttore Assistente Galleria continuato)<\/li>\n<li><strong>Gianpietro Romano (<\/strong>Comando Carabinieri &#8211; corpo speciale per la protezione del patrimonio, esperto distaccato alla rappresentanza permanente d&#39;Italia presso l&#39;UNESCO)<strong><br \/>\n<\/strong><\/li>\n<li><strong>18:25 &#8211; nuove strategie per lo sviluppo e l&#39;innovazione<\/strong><\/li>\n<li><strong>Luisella Mazza<\/strong> (testa paese operazioni Google Cultural Institute)<\/li>\n<li><strong>Laurent Queige (<\/strong>delegato generale benvenuto City Lab)<strong><br \/>\n<\/strong><\/li>\n<li><strong>18:45 &#8211; tavola rotonda<\/strong><\/li>\n<li>Introduzione e animazione del dibattito:<strong> Jean-Michel Tobelem (<\/strong>professore associato presso l&#39;Universit\u00e0 Paris 1 Panth\u00e9on Sorbonne \/ opzione cultura)<strong><br \/>\n<\/strong><\/li>\n<li><strong>19:30 &#8211; conclusione dei lavori<br \/>\n<\/strong><\/li>\n<\/ul>\n<p><span style=\"color: #ff0000;\"><strong><span style=\"color: #000080;\">Attenzion<\/span>e: numero di posti limitati; prenotazione obbligatoria.<\/strong><\/span><\/p>\n<p><strong><span style=\"color: #000080;\">Contat<\/span>to e prenotazioni: <\/strong>Borna Scognamiglio \/ borna.scognamiglio@faifrance.fr<\/p>\n<p><strong><span style=\"color: #000080;\">Registrazio<\/span>n<\/strong>e online: <a href=\"https:\/\/www.weezevent.com\/table-ronde-les-bonnes-pratiques\">Weezevent (link)<\/a><\/p>\n","protected":false},"excerpt":{"rendered":"<p>La tavola rotonda sulle buone pratiche di gestione del patrimonio cultura argomento si terr\u00e0 gioved\u00ec 11 febbraio 2016, 17h alle 20h30, il Consolato generale d&#39;Italia (17, consigliere Collignon &#8211; 75016 Paris Street). Ecco la presentazione di questo giorno dagli organizzatori. Grandi protagonisti del mondo della lingua italiana e francese patrimonio culturale si incontrano per Exchange [&hellip;]<\/p>\n","protected":false},"author":2,"featured_media":0,"comment_status":"open","ping_status":"open","sticky":false,"template":"","format":"standard","meta":{"footnotes":""},"categories":[143],"tags":[],"class_list":["post-7425","post","type-post","status-publish","format-standard","hentry","category-non-classe-fr"],"_links":{"self":[{"href":"https:\/\/www.option-culture.com\/index.php?rest_route=\/wp\/v2\/posts\/7425","targetHints":{"allow":["GET"]}}],"collection":[{"href":"https:\/\/www.option-culture.com\/index.php?rest_route=\/wp\/v2\/posts"}],"about":[{"href":"https:\/\/www.option-culture.com\/index.php?rest_route=\/wp\/v2\/types\/post"}],"author":[{"embeddable":true,"href":"https:\/\/www.option-culture.com\/index.php?rest_route=\/wp\/v2\/users\/2"}],"replies":[{"embeddable":true,"href":"https:\/\/www.option-culture.com\/index.php?rest_route=%2Fwp%2Fv2%2Fcomments&post=7425"}],"version-history":[{"count":0,"href":"https:\/\/www.option-culture.com\/index.php?rest_route=\/wp\/v2\/posts\/7425\/revisions"}],"wp:attachment":[{"href":"https:\/\/www.option-culture.com\/index.php?rest_route=%2Fwp%2Fv2%2Fmedia&parent=7425"}],"wp:term":[{"taxonomy":"category","embeddable":true,"href":"https:\/\/www.option-culture.com\/index.php?rest_route=%2Fwp%2Fv2%2Fcategories&post=7425"},{"taxonomy":"post_tag","embeddable":true,"href":"https:\/\/www.option-culture.com\/index.php?rest_route=%2Fwp%2Fv2%2Ftags&post=7425"}],"curies":[{"name":"wp","href":"https:\/\/api.w.org\/{rel}","templated":true}]}}