{"id":7413,"date":"2015-12-20T08:00:36","date_gmt":"2015-12-20T06:00:36","guid":{"rendered":"http:\/\/www.option-culture.com\/?p=7326"},"modified":"2015-12-20T08:00:36","modified_gmt":"2015-12-20T06:00:36","slug":"pensar-en-terminos-de-marketing-y-estrategia","status":"publish","type":"post","link":"https:\/\/www.option-culture.com\/?p=7413","title":{"rendered":"Pensar en t\u00e9rminos de marketing y estrategia"},"content":{"rendered":"<blockquote><p>Contracci\u00f3n de los presupuestos culturales condujo cada vez m\u00e1s comunidades y asociaciones para buscar financiaci\u00f3n privada complementaria (patrocinio, financiamiento participativo, tienda, restaurante&#8230;).<\/p>\n<p>Estas pr\u00e1cticas son a\u00fan una renuencia entre algunas profesionales.<\/p>\n<p>Resumen de la cuesti\u00f3n con Jean-Michel Tobelem, profesor en la Universidad Paris 1 Panth\u00e9on-Sorbonne, especialista de la direcci\u00f3n de cultura y centros de cultura Director de opci\u00f3n.<\/p><\/blockquote>\n<p>La entrevista de H\u00e9l\u00e8n<strong><span style=\"color: #000080;\">e Girard par<\/span><\/strong>a la Gac<a href=\"http:\/\/www.lagazettedescommunes.com\/\" target=\"_blank\">eta de los comunes <\/a>es leer en esta di<a href=\"http:\/\/www.lagazettedescommunes.com\/413431\/les-acteurs-culturels-doivent-penser-en-termes-de-marketing-et-de-strategie-jean-michel-tobelem\/\" target=\"_blank\">recci\u00f3n<\/a>.<\/p>\n<p><a href=\"https:\/\/www.option-culture.com\/wp-content\/uploads\/2016\/01\/Gazette.jpg\" rel=\"attachment wp-att-7328\"><img loading=\"lazy\" decoding=\"async\" class=\"size-full wp-image-7328 aligncenter\" src=\"https:\/\/www.option-culture.com\/wp-content\/uploads\/2016\/01\/Gazette.jpg\" alt=\"Gaceta\" width=\"182\" height=\"52\" \/><\/a>Las<strong><span style=\"color: #000080;\"> pregunta<\/span>s<\/strong> fueron las siguientes:<\/p>\n<ul>\n<li>\u00bfEstamos en los albores de una nueva era de la econom\u00eda cultural?<\/li>\n<li>\u00bfPor qu\u00e9, a pesar de todo, muchos actores culturales p\u00fablicos permanecen como subsidios privados cuidado de la cara?<\/li>\n<li>\u00bfQu\u00e9 estas dos t\u00e9cnicas?<\/li>\n<li>\u00bfLas dificultades provienen de una falta de profesionalizaci\u00f3n?<\/li>\n<\/ul>\n<p>No vacila en <strong><span style=\"color: #000080;\">respo<\/span>n<\/strong>der y compartir sus comentarios!<\/p>\n","protected":false},"excerpt":{"rendered":"<p>Contracci\u00f3n de los presupuestos culturales condujo cada vez m\u00e1s comunidades y asociaciones para buscar financiaci\u00f3n privada complementaria (patrocinio, financiamiento participativo, tienda, restaurante&#8230;). Estas pr\u00e1cticas son a\u00fan una renuencia entre algunas profesionales. Resumen de la cuesti\u00f3n con Jean-Michel Tobelem, profesor en la Universidad Paris 1 Panth\u00e9on-Sorbonne, especialista de la direcci\u00f3n de cultura y centros de cultura [&hellip;]<\/p>\n","protected":false},"author":2,"featured_media":0,"comment_status":"open","ping_status":"open","sticky":false,"template":"","format":"standard","meta":{"footnotes":""},"categories":[143],"tags":[],"class_list":["post-7413","post","type-post","status-publish","format-standard","hentry","category-non-classe-fr"],"_links":{"self":[{"href":"https:\/\/www.option-culture.com\/index.php?rest_route=\/wp\/v2\/posts\/7413","targetHints":{"allow":["GET"]}}],"collection":[{"href":"https:\/\/www.option-culture.com\/index.php?rest_route=\/wp\/v2\/posts"}],"about":[{"href":"https:\/\/www.option-culture.com\/index.php?rest_route=\/wp\/v2\/types\/post"}],"author":[{"embeddable":true,"href":"https:\/\/www.option-culture.com\/index.php?rest_route=\/wp\/v2\/users\/2"}],"replies":[{"embeddable":true,"href":"https:\/\/www.option-culture.com\/index.php?rest_route=%2Fwp%2Fv2%2Fcomments&post=7413"}],"version-history":[{"count":0,"href":"https:\/\/www.option-culture.com\/index.php?rest_route=\/wp\/v2\/posts\/7413\/revisions"}],"wp:attachment":[{"href":"https:\/\/www.option-culture.com\/index.php?rest_route=%2Fwp%2Fv2%2Fmedia&parent=7413"}],"wp:term":[{"taxonomy":"category","embeddable":true,"href":"https:\/\/www.option-culture.com\/index.php?rest_route=%2Fwp%2Fv2%2Fcategories&post=7413"},{"taxonomy":"post_tag","embeddable":true,"href":"https:\/\/www.option-culture.com\/index.php?rest_route=%2Fwp%2Fv2%2Ftags&post=7413"}],"curies":[{"name":"wp","href":"https:\/\/api.w.org\/{rel}","templated":true}]}}