{"id":7221,"date":"2015-09-15T08:00:21","date_gmt":"2015-09-15T06:00:21","guid":{"rendered":"http:\/\/www.option-culture.com\/?p=7221"},"modified":"2015-09-23T15:47:08","modified_gmt":"2015-09-23T13:47:08","slug":"la-rentree-des-musees","status":"publish","type":"post","link":"https:\/\/www.option-culture.com\/?p=7221","title":{"rendered":"La rentr\u00e9e des mus\u00e9es"},"content":{"rendered":"<p><span style=\"color: #000080;\"><strong>La rentr\u00e9e des mus\u00e9es<\/strong> <\/span><\/p>\n<p>Tel \u00e9tait le titre de l&rsquo;<a href=\"http:\/\/www.franceinter.fr\/emission-le-nouveau-rendez-vous-la-rentree-des-musees-christine-angot-et-la-mort-de-guy-beart\" target=\"_blank\">\u00e9mission <\/a>de <strong>Laurent Goumarre<\/strong> <a href=\"http:\/\/www.franceinter.fr\/emission-le-nouveau-rendez-vous\" target=\"_blank\">Le Nouveau Rendez-vous<\/a> sur <strong>France Inter<\/strong> le 15 septembre 2015.<\/p>\n<blockquote><p>Hausse des fr\u00e9quentations<em>, <\/em>baisse des subventions&#8230; Que nous r\u00e9serve 2015 ?<\/p><\/blockquote>\n<p><span style=\"color: #000080;\"><strong><a href=\"https:\/\/www.option-culture.com\/wp-content\/uploads\/2015\/09\/Goumarre1.jpg\"><img loading=\"lazy\" decoding=\"async\" class=\" size-medium wp-image-7225 aligncenter\" src=\"https:\/\/www.option-culture.com\/wp-content\/uploads\/2015\/09\/Goumarre1-300x169.jpg\" alt=\"Goumarre\" width=\"300\" height=\"169\" srcset=\"https:\/\/www.option-culture.com\/wp-content\/uploads\/2015\/09\/Goumarre1-300x169.jpg 300w, https:\/\/www.option-culture.com\/wp-content\/uploads\/2015\/09\/Goumarre1.jpg 932w\" sizes=\"auto, (max-width: 300px) 100vw, 300px\" \/><\/a><\/strong><\/span>Avec :<\/p>\n<ul>\n<li><strong>Serge Lasvignes<\/strong>, pr\u00e9sident du<a href=\"https:\/\/www.centrepompidou.fr\/\"> Centre Pompidou<\/a><\/li>\n<li><strong>St\u00e9phane Martin<\/strong>, pr\u00e9sident du <a href=\"http:\/\/www.quaibranly.fr\/\">Mus\u00e9e du Quai Branly<\/a><\/li>\n<li><strong>Elisa Farran<\/strong>, directrice du<a href=\"http:\/\/musee-estrine.fr\/\"> Mus\u00e9e Estrine<\/a> \u00e0 Saint-R\u00e9my de Provence<\/li>\n<li><strong>Jean-Michel Tobelem<\/strong>, <a href=\"https:\/\/www.option-culture.com\/?page_id=2\" target=\"_blank\">sp\u00e9cialiste <\/a>des gestions culturelles et professeur \u00e0 l&rsquo;universit\u00e9 Paris 1 Panth\u00e9on-Sorbonne<\/li>\n<\/ul>\n<div class=\"dnd-drop-wrapper atom-type-image\">\n<div class=\"image atom-Image\"><img loading=\"lazy\" decoding=\"async\" class=\"dnd-dropped aligncenter\" src=\"http:\/\/www.franceinter.fr\/sites\/default\/files\/imagecache\/scald_image_max_size\/2015\/09\/17\/1155393\/images\/fullsizerender2.jpg\" alt=\"\" width=\"367\" height=\"275\" \/><\/p>\n<h6 class=\"legende_photo\" style=\"text-align: center;\">Jean-Michel Tobelem, St\u00e9phane Martin, Elisa Farran, Serge Lasvignes \u00a9 France Inter &#8211; 2015 \/ Elsa B\u00e9ranger<\/h6>\n<\/div>\n<\/div>\n<p>&nbsp;<\/p>\n","protected":false},"excerpt":{"rendered":"<p>La rentr\u00e9e des mus\u00e9es Tel \u00e9tait le titre de l&rsquo;\u00e9mission de Laurent Goumarre Le Nouveau Rendez-vous sur France Inter le 15 septembre 2015. Hausse des fr\u00e9quentations, baisse des subventions&#8230; Que nous r\u00e9serve 2015 ? Avec : Serge Lasvignes, pr\u00e9sident du Centre Pompidou St\u00e9phane Martin, pr\u00e9sident du Mus\u00e9e du Quai Branly Elisa Farran, directrice du Mus\u00e9e [&hellip;]<\/p>\n","protected":false},"author":2,"featured_media":7225,"comment_status":"open","ping_status":"open","sticky":false,"template":"","format":"standard","meta":{"footnotes":""},"categories":[7,5,12,8,23],"tags":[],"class_list":["post-7221","post","type-post","status-publish","format-standard","has-post-thumbnail","hentry","category-marketing","category-philanthropie","category-politique-culturelle","category-publications","category-publics"],"_links":{"self":[{"href":"https:\/\/www.option-culture.com\/index.php?rest_route=\/wp\/v2\/posts\/7221","targetHints":{"allow":["GET"]}}],"collection":[{"href":"https:\/\/www.option-culture.com\/index.php?rest_route=\/wp\/v2\/posts"}],"about":[{"href":"https:\/\/www.option-culture.com\/index.php?rest_route=\/wp\/v2\/types\/post"}],"author":[{"embeddable":true,"href":"https:\/\/www.option-culture.com\/index.php?rest_route=\/wp\/v2\/users\/2"}],"replies":[{"embeddable":true,"href":"https:\/\/www.option-culture.com\/index.php?rest_route=%2Fwp%2Fv2%2Fcomments&post=7221"}],"version-history":[{"count":3,"href":"https:\/\/www.option-culture.com\/index.php?rest_route=\/wp\/v2\/posts\/7221\/revisions"}],"predecessor-version":[{"id":7226,"href":"https:\/\/www.option-culture.com\/index.php?rest_route=\/wp\/v2\/posts\/7221\/revisions\/7226"}],"wp:featuredmedia":[{"embeddable":true,"href":"https:\/\/www.option-culture.com\/index.php?rest_route=\/wp\/v2\/media\/7225"}],"wp:attachment":[{"href":"https:\/\/www.option-culture.com\/index.php?rest_route=%2Fwp%2Fv2%2Fmedia&parent=7221"}],"wp:term":[{"taxonomy":"category","embeddable":true,"href":"https:\/\/www.option-culture.com\/index.php?rest_route=%2Fwp%2Fv2%2Fcategories&post=7221"},{"taxonomy":"post_tag","embeddable":true,"href":"https:\/\/www.option-culture.com\/index.php?rest_route=%2Fwp%2Fv2%2Ftags&post=7221"}],"curies":[{"name":"wp","href":"https:\/\/api.w.org\/{rel}","templated":true}]}}