{"id":7026,"date":"2015-02-25T08:00:04","date_gmt":"2015-02-25T06:00:04","guid":{"rendered":"http:\/\/www.option-culture.com\/?p=7026"},"modified":"2015-03-12T10:07:47","modified_gmt":"2015-03-12T08:07:47","slug":"la-grande-transformation-des-musees-de-new-york-a-geneve","status":"publish","type":"post","link":"https:\/\/www.option-culture.com\/?p=7026","title":{"rendered":"La grande transformation des mus\u00e9es, de New-York \u00e0 Gen\u00e8ve"},"content":{"rendered":"<div><em>Conf\u00e9rence-d\u00e9bat propos\u00e9e par la <a href=\"http:\/\/www.societe-de-lecture.ch\/\" target=\"_blank\">Soci\u00e9t\u00e9 de Lecture de Gen\u00e8ve<\/a><br \/>\nen collaboration avec le <a href=\"http:\/\/cerclemenusplaisirs.com\/\" target=\"_blank\">Cercle Menus Plaisirs<\/a><\/em><\/div>\n<div><\/div>\n<div><span style=\"color: #000080;\"><strong>La grande transformation des mus\u00e9es, de New-York \u00e0 Gen\u00e8ve<\/strong><\/span><\/div>\n<div><\/div>\n<div><em>par Jean-Michel Tobelem<\/em><\/div>\n<div><\/div>\n<div><strong><a href=\"http:\/\/www.societe-de-lecture.ch\/index.php?id=56#news733name\" target=\"_blank\">Mardi 10 mars 2015<\/a>, de 12h \u00e0 14h<\/strong><\/div>\n<div><\/div>\n<div><span style=\"color: #ff0000;\"><strong>Derni\u00e8re minute<\/strong> : une conf\u00e9rence suppl\u00e9mentaire aura lieu le <strong>lundi 9 mars<\/strong> de 19h30 \u00e0 21h.<\/span><\/div>\n<blockquote><p><strong>\u00ab\u00a0<\/strong>Les mus\u00e9es sont les institutions culturelles qui se sont le plus transform\u00e9es ces derni\u00e8res ann\u00e9es.<\/p>\n<p>Leur nombre ne cesse d&rsquo;augmenter, notamment dans les pays \u00e9mergents, de fa\u00e7on parfois spectaculaire.<\/p>\n<p>La question de l&rsquo;architecture joue un r\u00f4le de plus en plus notable dans la cr\u00e9ation des mus\u00e9es et l&rsquo;agrandissement de ces derniers.<\/p>\n<p>Comment comprendre ces mutations ? Les mus\u00e9es sont-ils appel\u00e9s \u00e0 jouer un r\u00f4le in\u00e9dit dans les soci\u00e9t\u00e9s contemporaines ? Y a-t-il dans ce cas un risque concernant l&rsquo;int\u00e9grit\u00e9 de ces institutions?<\/p>\n<p>Telles sont les questions que Jean-Michel Tobelem s&rsquo;efforcera d&rsquo;aborder, en prenant des exemples dans diff\u00e9rents pays et en faisant largement appel \u00e0 l&rsquo;image.\u00a0\u00bb<\/p><\/blockquote>\n<p><a href=\"https:\/\/www.option-culture.com\/wp-content\/uploads\/2015\/02\/cmp.png\"><img loading=\"lazy\" decoding=\"async\" class=\"  wp-image-7034 aligncenter\" src=\"https:\/\/www.option-culture.com\/wp-content\/uploads\/2015\/02\/cmp-300x248.png\" alt=\"cmp\" width=\"198\" height=\"165\" srcset=\"https:\/\/www.option-culture.com\/wp-content\/uploads\/2015\/02\/cmp-300x248.png 300w, https:\/\/www.option-culture.com\/wp-content\/uploads\/2015\/02\/cmp.png 369w\" sizes=\"auto, (max-width: 198px) 100vw, 198px\" \/><\/a>\u00ab\u00a0Jean-Michel Tobelem est docteur en gestion HDR, dipl\u00f4m\u00e9 de l\u2019Institut d\u2019\u00c9tudes Politiques de Paris et d\u2019\u00e9tudes sup\u00e9rieures de droit public, professeur associ\u00e9 \u00e0 l\u2019Universit\u00e9 Paris I Panth\u00e9on-Sorbonne et enseignant \u00e0 l\u2019\u00c9cole du Louvre.<\/p>\n<p>Il dirige l\u2019institut d\u2019\u00e9tudes et de recherche Option Culture et est fondateur du Groupe de recherche sur les mus\u00e9es et le patrimoine. Directeur d\u2019une collection de livres portant sur la gestion de la culture, il est membre du Conseil international des mus\u00e9es (ICOM).<\/p>\n<p>Il a sign\u00e9 de nombreux ouvrages dont <em>Les bulles de Bilbao. Les mutations des mus\u00e9es depuis Frank Gehry <\/em>(Editions B2, 2014), publi\u00e9 \u00e0 l&rsquo;occasion de l&rsquo;ouverture de la Fondation Louis Vuitton \u00e0 Paris et de l&rsquo;exposition consacr\u00e9e \u00e0 cet architecte au Centre Georges Pompidou.\u00a0\u00bb<\/p>\n<div><strong>Derni\u00e8res places disponibles aupr\u00e8s du Cercle Menus Plaisirs<br \/>\nR\u00e9servation avant le 1er mars en r\u00e9pondant \u00e0 cette adresse mail : <a href=\"mailto:info@cerclemenusplaisirs.com\">info@cerclemenusplaisirs.com<\/a><\/strong><\/div>\n<div><strong><a href=\"https:\/\/www.option-culture.com\/wp-content\/uploads\/2015\/02\/Bulles.jpg\"><img loading=\"lazy\" decoding=\"async\" class=\" size-medium wp-image-7047 aligncenter\" src=\"https:\/\/www.option-culture.com\/wp-content\/uploads\/2015\/02\/Bulles-200x300.jpg\" alt=\"Bulles\" width=\"200\" height=\"300\" srcset=\"https:\/\/www.option-culture.com\/wp-content\/uploads\/2015\/02\/Bulles-200x300.jpg 200w, https:\/\/www.option-culture.com\/wp-content\/uploads\/2015\/02\/Bulles-683x1024.jpg 683w, https:\/\/www.option-culture.com\/wp-content\/uploads\/2015\/02\/Bulles.jpg 1182w\" sizes=\"auto, (max-width: 200px) 100vw, 200px\" \/><\/a>Les inscriptions seront prises par ordre d&rsquo;arriv\u00e9e.<\/strong><\/div>\n<p>Tarif : 40 chf (buffet inclus de 12h \u00e0 12h30)<br \/>\nLieu : Soci\u00e9t\u00e9 de Lecture de Gen\u00e8ve, Grand&rsquo;Rue 11 en vieille-ville<\/p>\n","protected":false},"excerpt":{"rendered":"<p>Conf\u00e9rence-d\u00e9bat propos\u00e9e par la Soci\u00e9t\u00e9 de Lecture de Gen\u00e8ve en collaboration avec le Cercle Menus Plaisirs La grande transformation des mus\u00e9es, de New-York \u00e0 Gen\u00e8ve par Jean-Michel Tobelem Mardi 10 mars 2015, de 12h \u00e0 14h Derni\u00e8re minute : une conf\u00e9rence suppl\u00e9mentaire aura lieu le lundi 9 mars de 19h30 \u00e0 21h. \u00ab\u00a0Les mus\u00e9es sont [&hellip;]<\/p>\n","protected":false},"author":2,"featured_media":7031,"comment_status":"open","ping_status":"open","sticky":false,"template":"","format":"standard","meta":{"footnotes":""},"categories":[25,16,12],"tags":[],"class_list":["post-7026","post","type-post","status-publish","format-standard","has-post-thumbnail","hentry","category-architecture","category-musees","category-politique-culturelle"],"_links":{"self":[{"href":"https:\/\/www.option-culture.com\/index.php?rest_route=\/wp\/v2\/posts\/7026","targetHints":{"allow":["GET"]}}],"collection":[{"href":"https:\/\/www.option-culture.com\/index.php?rest_route=\/wp\/v2\/posts"}],"about":[{"href":"https:\/\/www.option-culture.com\/index.php?rest_route=\/wp\/v2\/types\/post"}],"author":[{"embeddable":true,"href":"https:\/\/www.option-culture.com\/index.php?rest_route=\/wp\/v2\/users\/2"}],"replies":[{"embeddable":true,"href":"https:\/\/www.option-culture.com\/index.php?rest_route=%2Fwp%2Fv2%2Fcomments&post=7026"}],"version-history":[{"count":12,"href":"https:\/\/www.option-culture.com\/index.php?rest_route=\/wp\/v2\/posts\/7026\/revisions"}],"predecessor-version":[{"id":7048,"href":"https:\/\/www.option-culture.com\/index.php?rest_route=\/wp\/v2\/posts\/7026\/revisions\/7048"}],"wp:featuredmedia":[{"embeddable":true,"href":"https:\/\/www.option-culture.com\/index.php?rest_route=\/wp\/v2\/media\/7031"}],"wp:attachment":[{"href":"https:\/\/www.option-culture.com\/index.php?rest_route=%2Fwp%2Fv2%2Fmedia&parent=7026"}],"wp:term":[{"taxonomy":"category","embeddable":true,"href":"https:\/\/www.option-culture.com\/index.php?rest_route=%2Fwp%2Fv2%2Fcategories&post=7026"},{"taxonomy":"post_tag","embeddable":true,"href":"https:\/\/www.option-culture.com\/index.php?rest_route=%2Fwp%2Fv2%2Ftags&post=7026"}],"curies":[{"name":"wp","href":"https:\/\/api.w.org\/{rel}","templated":true}]}}