{"id":6940,"date":"2015-01-30T08:00:31","date_gmt":"2015-01-30T06:00:31","guid":{"rendered":"http:\/\/www.option-culture.com\/?p=6940"},"modified":"2015-05-31T21:35:58","modified_gmt":"2015-05-31T19:35:58","slug":"les-bulles-de-bilbao","status":"publish","type":"post","link":"https:\/\/www.option-culture.com\/?p=6940","title":{"rendered":"La mutation des mus\u00e9es depuis Frank Gehry (Les bulles de Bilbao)"},"content":{"rendered":"<p><span style=\"color: #000080;\"><strong>Les bulles de Bilbao. La mutation des mus\u00e9es depuis Frank Gehry\u00a0<\/strong><\/span><\/p>\n<blockquote><p>\u00ab\u00a0Apr\u00e8s ses projets pour Disney, Vitra ou Minneapolis lanc\u00e9s entre 1987<br \/>\net 1990, Frank Gehry allait devenir infiniment redevable envers la Fondation Guggenheim.<\/p>\n<p>En effet, \u00e0 la suite d\u2019\u00e2pres n\u00e9gociations avec la r\u00e9gion basque et la capitale des \u00c9mirats arabes unis \u2013 la fondation n\u2019assurant qu\u2019un r\u00f4le d\u2019op\u00e9rateur de ses propres collections \u2013, Thomas Krens lui confie les mus\u00e9es de Bilbao (1991-1997) et d\u2019Abou Dabi (2006-).<\/p>\n<p>Depuis, ce mod\u00e8le de franchise a r\u00e9volutionn\u00e9 les strat\u00e9gies mus\u00e9ales et urbaines \u2013 notamment celles du Centre Pompidou-Metz ou des Louvre-Lens ou Abou Dabi.<\/p>\n<p>Mais les fondations Luma (2010-) ou Louis-Vuitton (2001-2014) s\u2019appropriant elles aussi le \u00ab\u2009style Gehry\u2009\u00bb \u00e0 Arles ou \u00e0 Paris, que r\u00e9v\u00e8lent donc toutes ces mutations privatis\u00e9es ?\u00a0\u00bb<\/p><\/blockquote>\n<p><span style=\"color: #000080;\"><strong>Les auteurs<\/strong> <\/span><\/p>\n<ul>\n<li>N\u00e9 \u00e0 Bilbao, <a href=\"http:\/\/arquitectura.unizar.es\/profesores\/lus.html\" target=\"_blank\"><strong>L. M. Lus Arana<\/strong><\/a> enseigne \u00e0 l\u2019Universit\u00e9 de Saragosse<\/li>\n<li><a href=\"https:\/\/www.option-culture.com\/?page_id=2\" target=\"_blank\"><strong>J.-M. Tobelem<\/strong><\/a> enseigne la gestion des mus\u00e9es \u00e0 l\u2019\u00c9cole du Louvre<\/li>\n<li><a href=\"http:\/\/www.cooper.edu\/architecture\/people\/joan-ockman\" target=\"_blank\"><strong>J. Ockman<\/strong><\/a> est critique et historienne d\u2019architecture \u00e0 Philadelphie<\/li>\n<\/ul>\n<p><span style=\"color: #000080;\"><strong>Sommaire<\/strong> <\/span><\/p>\n<ul>\n<li>Avant-propos : <strong>Boris Veblen<\/strong>, \u00ab\u00a0LVMHOOQ\u00a0\u00bb<\/li>\n<li>Pr\u00e9face : <strong>Luis Miguel Arana<\/strong>, \u00ab\u00a0After effects : le Guggenheim et l&rsquo;effet Bilbao\u00a0\u00bb<\/li>\n<li><strong>Jean-Michel Tobelem<\/strong>, \u00ab\u00a0Les mus\u00e9es, symboles du capitalisme triomphant ?\u00a0\u00bb<\/li>\n<li>Postface : <strong>Joan Ockman<\/strong>, \u00ab\u00a0Au-del\u00e0 de Bilbao\u00a0\u00bb<\/li>\n<\/ul>\n<p><span style=\"color: #000080;\"><strong><a href=\"https:\/\/www.option-culture.com\/wp-content\/uploads\/2014\/11\/Bulles.jpg\"><img loading=\"lazy\" decoding=\"async\" class=\"size-medium wp-image-6948 aligncenter\" src=\"https:\/\/www.option-culture.com\/wp-content\/uploads\/2014\/11\/Bulles-200x300.jpg\" alt=\"Bulles\" width=\"200\" height=\"300\" srcset=\"https:\/\/www.option-culture.com\/wp-content\/uploads\/2014\/11\/Bulles-200x300.jpg 200w, https:\/\/www.option-culture.com\/wp-content\/uploads\/2014\/11\/Bulles-683x1024.jpg 683w, https:\/\/www.option-culture.com\/wp-content\/uploads\/2014\/11\/Bulles.jpg 1182w\" sizes=\"auto, (max-width: 200px) 100vw, 200px\" \/><\/a><\/strong><\/span><\/p>\n<blockquote><p>Petit livre, grands textes (&#8230;) D\u00e9monstration magistrale et implacable sur les machines \u00e0 visiteurs que sont devenus les grands mus\u00e9es ces derni\u00e8res ann\u00e9es. Une lecture <strong>salvatrice<\/strong> et indispensable pour qui s&rsquo;int\u00e9resse \u00e0 la m\u00e9canique des mus\u00e9es et \u00e0 leur r\u00f4le dans nos soci\u00e9t\u00e9s (Bernard Hasquenoph, Louvrepourtous)<\/p><\/blockquote>\n<blockquote><p>\u00ab\u00a0Des textes pol\u00e9miques o\u00f9 les auteurs d\u00e9fendent des points de vue engag\u00e9s. C&rsquo;est <strong>salutaire,<\/strong> car cela donne \u00e0 penser, \u00e0 discuter, \u00e0 d\u00e9battre&#8230;\u00a0\u00bb (Serge Chaumier, Mus\u00e9oGraphie-Mus\u00e9oLogie)<\/p><\/blockquote>\n<blockquote><p>\u00ab\u00a0Une excellente id\u00e9e de cadeau, dans le style <strong>p\u00e9dagogique,<\/strong> chic, et pas cher\u00a0\u00bb (Alain Vollerin, Blog des arts)<\/p><\/blockquote>\n<blockquote><p>\u00ab\u00a0\u00c9crite en partie au moment de l&rsquo;ouverture de la Fondation Vuitton, exposant causes et cons\u00e9quences du ph\u00e9nom\u00e8ne Gehry\/Bilbao sur les mus\u00e9es depuis une vingtaine d&rsquo;ann\u00e9es, l&rsquo;analyse, <strong>d\u00e9finitivement <em>actuelle<\/em><\/strong>, relate des \u00e9v\u00e9nements dont la nature architecturale influence bien d&rsquo;autres domaines\u00a0\u00bb (Alice Weil, D&rsquo;A)<\/p><\/blockquote>\n<p><strong><span style=\"color: #000080;\">Les collections B2<\/span><\/strong><\/p>\n<p><strong>\u00ab\u00a0Les collections B2<\/strong> se proposent d&rsquo;\u00e9difier un \u00ab cabinet de curiosit\u00e9s \u00bb architectural arpentant, dans le temps et dans l&rsquo;espace, de Los Angeles \u00e0 Vladivostok et de l&rsquo;an mil \u00e0 nos jours,\u00a0une infinit\u00e9 d&rsquo;esp\u00e8ces d&rsquo;espaces et d&rsquo;h\u00e9t\u00e9rotopies baroques&#8230;<\/p>\n<p>Embryonnaire, cette \u00ab Galaxie Gutenberg \u00bb s&rsquo;organise principalement autour de plusieurs constellations \u2013 dont certaines n&rsquo;existent pas encore&#8230;<\/p>\n<p>Les sept premi\u00e8res embrassent l&rsquo;arc-en-ciel du spectre visible : alors que la collection Design s&rsquo;int\u00e9resse \u00e0 l&rsquo;environnement des objets de notre quotidien, l&rsquo;historiographie anachronique de la collection Fac-simil\u00e9 fait de l&rsquo;\u00ab objet livre \u00bb un collecteur de cette odyss\u00e9e.<\/p>\n<p>Selon une taxinomie souple et polymorphe, la collection Actualit\u00e9s interroge quant \u00e0 elle des items architecturaux de notre \u00e9poque, tandis que la collection Territoires \u00e9tend cette approche sur le temps long ou \u00e0 des \u00e9chelles territoriales plus vastes.<\/p>\n<p>Tous ces d\u00e9ploiements soulevant des questions de Soci\u00e9t\u00e9, leurs d\u00e9bats ne manquent pas de susciter des r\u00e9flexions g\u00e9n\u00e9ralistes \u2013 et parfois inattendues \u2013, o\u00f9 certaines communaut\u00e9s plus marginales peuvent \u00eatre rassembl\u00e9es dans la collection Contre-cultures.<\/p>\n<p>Enfin, ces premi\u00e8res collections interpellant une culture mat\u00e9rielle se propageant dans le temps et dans l&rsquo;espace, la collection Patrimoine constitue finalement un centre de gravit\u00e9, une \u00e9toile autour de laquelle s&rsquo;organisent tous les autres microcosmes.\u00a0\u00bb<\/p>\n<p><a href=\"http:\/\/www.editions-b2.com\/\"><strong>www.editions-b2.com<\/strong><\/a><\/p>\n<p>978-2-36509-041-4<\/p>\n<p><a href=\"http:\/\/www.formation-museographie-museologie.com\/2014\/12\/les-bulles-de-bilbao.html\" target=\"_blank\"><span style=\"color: #000080;\"><strong>A lire<\/strong><\/span><\/a>.<\/p>\n","protected":false},"excerpt":{"rendered":"<p>Les bulles de Bilbao. La mutation des mus\u00e9es depuis Frank Gehry\u00a0 \u00ab\u00a0Apr\u00e8s ses projets pour Disney, Vitra ou Minneapolis lanc\u00e9s entre 1987 et 1990, Frank Gehry allait devenir infiniment redevable envers la Fondation Guggenheim. En effet, \u00e0 la suite d\u2019\u00e2pres n\u00e9gociations avec la r\u00e9gion basque et la capitale des \u00c9mirats arabes unis \u2013 la fondation [&hellip;]<\/p>\n","protected":false},"author":2,"featured_media":6948,"comment_status":"open","ping_status":"open","sticky":false,"template":"","format":"standard","meta":{"footnotes":""},"categories":[25,11,16,12,8,20,19],"tags":[],"class_list":["post-6940","post","type-post","status-publish","format-standard","has-post-thumbnail","hentry","category-architecture","category-mecenat","category-musees","category-politique-culturelle","category-publications","category-tourisme","category-usa"],"_links":{"self":[{"href":"https:\/\/www.option-culture.com\/index.php?rest_route=\/wp\/v2\/posts\/6940","targetHints":{"allow":["GET"]}}],"collection":[{"href":"https:\/\/www.option-culture.com\/index.php?rest_route=\/wp\/v2\/posts"}],"about":[{"href":"https:\/\/www.option-culture.com\/index.php?rest_route=\/wp\/v2\/types\/post"}],"author":[{"embeddable":true,"href":"https:\/\/www.option-culture.com\/index.php?rest_route=\/wp\/v2\/users\/2"}],"replies":[{"embeddable":true,"href":"https:\/\/www.option-culture.com\/index.php?rest_route=%2Fwp%2Fv2%2Fcomments&post=6940"}],"version-history":[{"count":17,"href":"https:\/\/www.option-culture.com\/index.php?rest_route=\/wp\/v2\/posts\/6940\/revisions"}],"predecessor-version":[{"id":7098,"href":"https:\/\/www.option-culture.com\/index.php?rest_route=\/wp\/v2\/posts\/6940\/revisions\/7098"}],"wp:featuredmedia":[{"embeddable":true,"href":"https:\/\/www.option-culture.com\/index.php?rest_route=\/wp\/v2\/media\/6948"}],"wp:attachment":[{"href":"https:\/\/www.option-culture.com\/index.php?rest_route=%2Fwp%2Fv2%2Fmedia&parent=6940"}],"wp:term":[{"taxonomy":"category","embeddable":true,"href":"https:\/\/www.option-culture.com\/index.php?rest_route=%2Fwp%2Fv2%2Fcategories&post=6940"},{"taxonomy":"post_tag","embeddable":true,"href":"https:\/\/www.option-culture.com\/index.php?rest_route=%2Fwp%2Fv2%2Ftags&post=6940"}],"curies":[{"name":"wp","href":"https:\/\/api.w.org\/{rel}","templated":true}]}}