{"id":6926,"date":"2014-11-20T08:00:49","date_gmt":"2014-11-20T06:00:49","guid":{"rendered":"http:\/\/www.option-culture.com\/?p=6926"},"modified":"2014-11-23T09:23:29","modified_gmt":"2014-11-23T07:23:29","slug":"les-musees-et-la-culture-outils-de-developpement","status":"publish","type":"post","link":"https:\/\/www.option-culture.com\/?p=6926","title":{"rendered":"Les mus\u00e9es et la culture, outils de d\u00e9veloppement"},"content":{"rendered":"<p><a href=\"http:\/\/mailing.fpul-lyon.org\/images\/confluence_savoirs_2014_12_01.pdf\" target=\"_blank\"><span style=\"color: #000080;\"><strong>Les mus\u00e9es et la culture, outils de d\u00e9veloppement<\/strong><\/span><\/a><\/p>\n<div id=\"intertitre_1\" class=\"intertitre before_left resize\">\n<p class=\"access\">Lyon, lundi 1er d\u00e9cembre 2014<\/p>\n<\/div>\n<div id=\"para_1\" class=\"para_8890707 resize\">\n<div class=\"access firstletter\"><a href=\"http:\/\/www.lyoncampus.info\/Confluence-des-Savoirs_a3583.html\" target=\"_blank\">Conf\u00e9rence<\/a> portant sur le th\u00e8me \u00ab\u00a0<a class=\"liens\" href=\"http:\/\/mailing.fpul-lyon.org\/images\/confluence_savoirs_2014_12_01.pdf\" target=\"_blank\">Les mus\u00e9es et la culture, outils de d\u00e9veloppement<\/a>\u00ab\u00a0, avec Jean-Michel TOBELEM, directeur d&rsquo;Option Culture, et Alexandre ZAMBEAUX, acteur.<\/div>\n<blockquote>\n<div class=\"access firstletter\">On attribue \u00e0 pr\u00e9sent aux mus\u00e9es et \u00e0 la culture nombre de vertus : renforcement de l&rsquo;attractivit\u00e9 des territoires, r\u00f4le moteur dans le d\u00e9veloppement touristique, instrument d&rsquo;image et de notori\u00e9t\u00e9.<\/div>\n<ul>\n<li class=\"access firstletter\">Qu&rsquo;en est-il r\u00e9ellement des \u00ab\u00a0retomb\u00e9es\u00a0\u00bb &#8211; en particulier \u00e9conomiques &#8211; des \u00e9quipements culturels ?<\/li>\n<li class=\"access firstletter\">Quel r\u00f4le peuvent-ils jouer pour la soci\u00e9t\u00e9 dans son ensemble et pour les villes en particulier ?<\/li>\n<li class=\"access firstletter\">Peut-on imaginer de nouveaux mod\u00e8les de financement ?<\/li>\n<\/ul>\n<div class=\"access firstletter\">Telles seront les interrogations auxquelles cette conf\u00e9rence essaiera \u00a0d&rsquo;apporter des \u00e9l\u00e9ments de r\u00e9ponse, \u00e0 quelques jours de l\u2019ouverture du nouveau mus\u00e9e des Confluences.<\/div>\n<\/blockquote>\n<div class=\"access firstletter\"><a href=\"https:\/\/www.option-culture.com\/wp-content\/uploads\/2014\/11\/Conf\u00e9rence-Lyon-2014.jpg\"><img loading=\"lazy\" decoding=\"async\" class=\"size-medium wp-image-6930 aligncenter\" src=\"https:\/\/www.option-culture.com\/wp-content\/uploads\/2014\/11\/Conf\u00e9rence-Lyon-2014-210x300.jpg\" alt=\"Conf\u00e9rence Lyon 2014\" width=\"210\" height=\"300\" srcset=\"https:\/\/www.option-culture.com\/wp-content\/uploads\/2014\/11\/Conf\u00e9rence-Lyon-2014-210x300.jpg 210w, https:\/\/www.option-culture.com\/wp-content\/uploads\/2014\/11\/Conf\u00e9rence-Lyon-2014.jpg 250w\" sizes=\"auto, (max-width: 210px) 100vw, 210px\" \/><\/a>Avec<\/div>\n<div class=\"access firstletter\"><\/div>\n<div class=\"access firstletter\">Jean-Michel TOBELEM, docteur en gestion, directeur de l&rsquo;institut de recherche \u00ab\u00a0Option Culture\u00a0\u00bb, directeur d&rsquo;une collection d&rsquo;ouvrages portant sur la gestion de la culture<\/div>\n<div class=\"access firstletter\"><\/div>\n<div class=\"access firstletter\">et<\/div>\n<div class=\"access firstletter\"><\/div>\n<div class=\"access firstletter\">Alexandre ZAMBEAUX, acteur, nomm\u00e9 aux Moli\u00e8res en 2010, r\u00e9guli\u00e8rement \u00e0 l&rsquo;affiche au th\u00e9\u00e2tre, au cin\u00e9ma et \u00e0 la t\u00e9l\u00e9vision<\/div>\n<div class=\"access firstletter\"><\/div>\n<div class=\"access firstletter\"><strong><span style=\"color: #000080;\">Lundi 1er d\u00e9cembre 2014<\/span> <\/strong><\/div>\n<div class=\"access firstletter\">18h30 \u2013 20h30<br \/>\nENS LYON<\/div>\n<div class=\"access firstletter\">46 all\u00e9e d&rsquo;Italie- 69007 Lyon<br \/>\n<strong>Entr\u00e9e libre et gratuite<\/strong><\/div>\n<\/div>\n","protected":false},"excerpt":{"rendered":"<p>Les mus\u00e9es et la culture, outils de d\u00e9veloppement Lyon, lundi 1er d\u00e9cembre 2014 Conf\u00e9rence portant sur le th\u00e8me \u00ab\u00a0Les mus\u00e9es et la culture, outils de d\u00e9veloppement\u00ab\u00a0, avec Jean-Michel TOBELEM, directeur d&rsquo;Option Culture, et Alexandre ZAMBEAUX, acteur. On attribue \u00e0 pr\u00e9sent aux mus\u00e9es et \u00e0 la culture nombre de vertus : renforcement de l&rsquo;attractivit\u00e9 des territoires, [&hellip;]<\/p>\n","protected":false},"author":2,"featured_media":6930,"comment_status":"open","ping_status":"open","sticky":false,"template":"","format":"standard","meta":{"footnotes":""},"categories":[25,17,21,16,13,12,20],"tags":[],"class_list":["post-6926","post","type-post","status-publish","format-standard","has-post-thumbnail","hentry","category-architecture","category-colloques","category-financement","category-musees","category-patrimoine","category-politique-culturelle","category-tourisme"],"_links":{"self":[{"href":"https:\/\/www.option-culture.com\/index.php?rest_route=\/wp\/v2\/posts\/6926","targetHints":{"allow":["GET"]}}],"collection":[{"href":"https:\/\/www.option-culture.com\/index.php?rest_route=\/wp\/v2\/posts"}],"about":[{"href":"https:\/\/www.option-culture.com\/index.php?rest_route=\/wp\/v2\/types\/post"}],"author":[{"embeddable":true,"href":"https:\/\/www.option-culture.com\/index.php?rest_route=\/wp\/v2\/users\/2"}],"replies":[{"embeddable":true,"href":"https:\/\/www.option-culture.com\/index.php?rest_route=%2Fwp%2Fv2%2Fcomments&post=6926"}],"version-history":[{"count":7,"href":"https:\/\/www.option-culture.com\/index.php?rest_route=\/wp\/v2\/posts\/6926\/revisions"}],"predecessor-version":[{"id":6960,"href":"https:\/\/www.option-culture.com\/index.php?rest_route=\/wp\/v2\/posts\/6926\/revisions\/6960"}],"wp:featuredmedia":[{"embeddable":true,"href":"https:\/\/www.option-culture.com\/index.php?rest_route=\/wp\/v2\/media\/6930"}],"wp:attachment":[{"href":"https:\/\/www.option-culture.com\/index.php?rest_route=%2Fwp%2Fv2%2Fmedia&parent=6926"}],"wp:term":[{"taxonomy":"category","embeddable":true,"href":"https:\/\/www.option-culture.com\/index.php?rest_route=%2Fwp%2Fv2%2Fcategories&post=6926"},{"taxonomy":"post_tag","embeddable":true,"href":"https:\/\/www.option-culture.com\/index.php?rest_route=%2Fwp%2Fv2%2Ftags&post=6926"}],"curies":[{"name":"wp","href":"https:\/\/api.w.org\/{rel}","templated":true}]}}