{"id":6904,"date":"2014-10-27T18:00:53","date_gmt":"2014-10-27T16:00:53","guid":{"rendered":"http:\/\/www.option-culture.com\/?p=6904"},"modified":"2014-11-02T11:43:00","modified_gmt":"2014-11-02T09:43:00","slug":"fondation-louis-vuitton-le-mecenat-dentreprise-sans-la-generosite","status":"publish","type":"post","link":"https:\/\/www.option-culture.com\/?p=6904","title":{"rendered":"Fondation Louis Vuitton : le m\u00e9c\u00e9nat d\u2019entreprise sans la g\u00e9n\u00e9rosit\u00e9"},"content":{"rendered":"<p>Le pr\u00e9sident du groupe de luxe LVMH et premi\u00e8re fortune de France Bernard Arnault \u0096- parfois d\u00e9peint comme un milliardaire pingre et cynique \u0096- ambitionne d\u2019utiliser la <a href=\"http:\/\/www.fondationlouisvuitton.fr\/\" target=\"_blank\">fondation <\/a><strong><span style=\"color: #000080;\">Louis Vuitton<\/span><\/strong> pour transmettre un message plus flatteur fait de don, d\u2019altruisme et de g\u00e9n\u00e9rosit\u00e9, parlant m\u00eame d\u2019un \u00ab\u00a0cadeau\u00a0\u00bb fait aux Parisiens.<\/p>\n<p>Mais un <strong><span style=\"color: #000080;\">grain de sable<\/span><\/strong> dans un tsunami m\u00e9diatique in\u00e9dit peut-il fragiliser cette strat\u00e9gie\u00a0?<\/p>\n<p><a href=\"https:\/\/www.option-culture.com\/wp-content\/uploads\/2014\/10\/FLV.jpg\"><img loading=\"lazy\" decoding=\"async\" class=\"size-full wp-image-6908 aligncenter\" src=\"https:\/\/www.option-culture.com\/wp-content\/uploads\/2014\/10\/FLV.jpg\" alt=\"FLV\" width=\"270\" height=\"187\" \/><\/a>A <span style=\"color: #000080;\"><strong>lire<\/strong> <\/span>\u00e0 l&rsquo;adresse suivante dans le journal <a href=\"http:\/\/www.lemonde.fr\/idees\/article\/2014\/10\/27\/fondation-louis-vuitton-le-mecenat-d-entreprise-sans-la-generosite_4513157_3232.html\" target=\"_blank\">Le Monde<\/a> du 27 octobre 2014.<\/p>\n<p><span style=\"color: #000080;\"><strong>PS <\/strong><\/span>: apr\u00e8s avoir disparu quelques heures du site du journal, l&rsquo;article est de nouveau disponible. Il semble que la r\u00e9daction du Monde ait souhait\u00e9 proc\u00e9der \u00e0 quelques v\u00e9rifications. Merci \u00e0 tous ceux qui se sont inqui\u00e9t\u00e9s de cette disparition.<\/p>\n<p>Marque des <strong><span style=\"color: #000080;\">interrogations<\/span> <\/strong>que suscite l&rsquo;ouverture de la fondation Louis Vuitton, notre tribune a \u00e9t\u00e9 recommand\u00e9e plus de 5000 fois deux jours seulement apr\u00e8s sa remise en ligne.<\/p>\n<p>A <span style=\"color: #000080;\"><strong>lire<\/strong> <\/span>sur le site du <a href=\"http:\/\/www.spiegel.de\/kultur\/gesellschaft\/perlentaucher-frank-gehry-dardenne-blunt-velazquez-a-999873.html\" target=\"_blank\">Spiegel <\/a>(merci \u00e0 BH).<\/p>\n<blockquote><p><b>Architektur, 29.10.2014<\/b><\/p>\n<p>J\u00f6rg H\u00e4ntzschel von der <i>SZ<\/i> reiht sich bereitwillig bei den Schm\u00e4hern von<b> Frank Gehrys <\/b>Bau des Vuitton-Kunstmuseums ein: Ein \u00ab\u00a0Monstrum\u00a0\u00bb und einen \u00ab\u00a0<b>ins Riesenhafte mutierten Hummer<\/b>\u00a0\u00bb hat er da erblickt, der sich seiner Ansicht nach zudem nicht der Kunst andiene, sondern andere Zwecke verfolge: \u00ab\u00a0Was Arnault wollte und Gehry bereitwillig lieferte, war ein Denkmal &#8211; und eine <b>Machtgeste<\/b>.\u00a0\u00bb<\/p>\n<p>Ein sehr <a href=\"http:\/\/www.lemonde.fr\/idees\/article\/2014\/10\/27\/fondation-louis-vuitton-le-mecenat-d-entreprise-sans-la-generosite_4513157_3232.html\" target=\"_blank\">kritischer Artikel<\/a> zum neuen Geb\u00e4ude der Fondation Vuitton in Paris ist eine Zeitlang von der Website von <i>Le Monde <\/i>verschwunden, jetzt aber wieder publiziert. Jean-Michel Tobelem beschuldigt die Unternehmensstiftung von LVMH allzu <b>virtuoser Steuertricks<\/b>: \u00ab\u00a0Das Unternehmen setzt sich die Perspektive der <b>Steueroptimierung<\/b> und l\u00e4sst die Gesamtheit der Franzosen <b>mehr als die H\u00e4lfte der Kosten<\/b> der Stiftung bezahlen, die die angek\u00fcndigten 100 Millionen Euro weit \u00fcbertreffen. Angesichts der Budgetnot sind diese Kosten keineswegs zu vernachl\u00e4ssigen.\u00a0\u00bb<\/p>\n<p>Man muss allerdings sagen, dass die Pariser diese \u00ab\u00a0Machtgeste\u00a0\u00bb begeistert \u00fcbernommen und sich auf den <b>verschiedenen Terrassen<\/b> des Geb\u00e4udes &#8211; von denen man einen gro\u00dfartigen Blick auf Paris hat &#8211; von der Sonne bescheinen lassen. \u00c4hnlich l\u00e4uft es in <b>Ankara<\/b>, wo Pr\u00e4sident Erdogan sich &#8211; ohne Baugenehmigung! &#8211; einen <b>pr\u00e4chtigen Palast<\/b> errichten l\u00e4sst, <a href=\"http:\/\/www.nzz.ch\/feuilleton\/groesser-als-buckingham-1.18413146\" target=\"_blank\">berichtet<\/a> Veronika Hartmann in der <i>NZZ<\/i>: \u00ab\u00a0Kritische t\u00fcrkische Medien hingegen berichten, dass Erdogans neue Residenz <b>jedes Ma\u00df sprengt<\/b>. Buckingham Palace schafft es auf 750 Zimmer, keine 1000. Der Vatikan, immerhin ein ganzer Staat, verf\u00fcgt gerade einmal \u00fcber 44 000 Quadratmeter, das ist etwas mehr als ein Zehntel des neuen Amtssitzes. Aber gerade deswegen gef\u00e4llt es den <b>Friseuren<\/b>,<b> Hausfrauen <\/b>und<b> B\u00e4ckern<\/b> von Kasimpasa so gut, dass sich &lsquo;ihr&rsquo; Pr\u00e4sident, den sie alle von nah oder fern kennen, so ausbreitet.\u00a0\u00bb<\/p><\/blockquote>\n<p>&nbsp;<\/p>\n","protected":false},"excerpt":{"rendered":"<p>Le pr\u00e9sident du groupe de luxe LVMH et premi\u00e8re fortune de France Bernard Arnault \u0096- parfois d\u00e9peint comme un milliardaire pingre et cynique \u0096- ambitionne d\u2019utiliser la fondation Louis Vuitton pour transmettre un message plus flatteur fait de don, d\u2019altruisme et de g\u00e9n\u00e9rosit\u00e9, parlant m\u00eame d\u2019un \u00ab\u00a0cadeau\u00a0\u00bb fait aux Parisiens. Mais un grain de sable [&hellip;]<\/p>\n","protected":false},"author":2,"featured_media":6908,"comment_status":"open","ping_status":"open","sticky":false,"template":"","format":"standard","meta":{"footnotes":""},"categories":[26,21,11,16,14],"tags":[],"class_list":["post-6904","post","type-post","status-publish","format-standard","has-post-thumbnail","hentry","category-ethique-deontologie","category-financement","category-mecenat","category-musees","category-tarification-gratuite"],"_links":{"self":[{"href":"https:\/\/www.option-culture.com\/index.php?rest_route=\/wp\/v2\/posts\/6904","targetHints":{"allow":["GET"]}}],"collection":[{"href":"https:\/\/www.option-culture.com\/index.php?rest_route=\/wp\/v2\/posts"}],"about":[{"href":"https:\/\/www.option-culture.com\/index.php?rest_route=\/wp\/v2\/types\/post"}],"author":[{"embeddable":true,"href":"https:\/\/www.option-culture.com\/index.php?rest_route=\/wp\/v2\/users\/2"}],"replies":[{"embeddable":true,"href":"https:\/\/www.option-culture.com\/index.php?rest_route=%2Fwp%2Fv2%2Fcomments&post=6904"}],"version-history":[{"count":8,"href":"https:\/\/www.option-culture.com\/index.php?rest_route=\/wp\/v2\/posts\/6904\/revisions"}],"predecessor-version":[{"id":6914,"href":"https:\/\/www.option-culture.com\/index.php?rest_route=\/wp\/v2\/posts\/6904\/revisions\/6914"}],"wp:featuredmedia":[{"embeddable":true,"href":"https:\/\/www.option-culture.com\/index.php?rest_route=\/wp\/v2\/media\/6908"}],"wp:attachment":[{"href":"https:\/\/www.option-culture.com\/index.php?rest_route=%2Fwp%2Fv2%2Fmedia&parent=6904"}],"wp:term":[{"taxonomy":"category","embeddable":true,"href":"https:\/\/www.option-culture.com\/index.php?rest_route=%2Fwp%2Fv2%2Fcategories&post=6904"},{"taxonomy":"post_tag","embeddable":true,"href":"https:\/\/www.option-culture.com\/index.php?rest_route=%2Fwp%2Fv2%2Ftags&post=6904"}],"curies":[{"name":"wp","href":"https:\/\/api.w.org\/{rel}","templated":true}]}}