{"id":6864,"date":"2014-10-13T08:00:43","date_gmt":"2014-10-13T06:00:43","guid":{"rendered":"http:\/\/www.option-culture.com\/?p=6864"},"modified":"2014-10-13T09:31:09","modified_gmt":"2014-10-13T07:31:09","slug":"libres-de-photographier-mais-pas-de-participer","status":"publish","type":"post","link":"https:\/\/www.option-culture.com\/?p=6864","title":{"rendered":"Libres de photographier mais pas de \u00ab participer \u00bb"},"content":{"rendered":"<p>Voici un texte de <strong><span style=\"color: #000080;\">Caterina <a href=\"http:\/\/museumminute.wordpress.com\/2013\/10\/14\/meet-a-museum-blogger-caterina-pisu\/\" target=\"_blank\">Pisu<\/a><\/span><\/strong>, coordinatrice de l&rsquo;Association Nationale des Petits Mus\u00e9es Italiens. <span style=\"color: #000080;\">*<\/span><\/p>\n<blockquote><p>\u00ab\u00a0R\u00e9cemment, en Italie aussi, gr\u00e2ce au D\u00e9cret \u00ab\u00a0Culture\u00a0\u00bb, approuv\u00e9 par le Conseil des Ministres le 22 mai 2014, on permet de prendre des photos dans les mus\u00e9es, pourvu qu\u2019on n\u2019utilise ni le flash ni aucun autre type d\u2019\u00e9clairage artificiel, aucun type de tr\u00e9pied, et \u00e0 condition que les photos soient destin\u00e9es exclusivement \u00e0 un usage personnel et surtout \u00e0 but non lucratif.<\/p>\n<p>Cette nouveaut\u00e9 a \u00e9t\u00e9 accueillie par un soupir de soulagement car, finalement, les mus\u00e9es ne seront plus des lieux o\u00f9 il faut avoir peur des gardiens renfrogn\u00e9s qui nous reprochent chaque clic durant la visite dans un mus\u00e9e.<\/p>\n<p>En effet, qui est-ce qui ne s\u2019est pas senti mal \u00e0 l\u2019aise dans ces situations\u00a0?<\/p>\n<p>En Italie ces nouvelles dispositions ne semblent pas avoir cr\u00e9\u00e9 de probl\u00e8mes, ou au moins on n\u2019en a jamais entendu parler, mais on commence \u00e0 voir les effets n\u00e9gatifs de cette nouvelle orientation g\u00e9n\u00e9rale dans quelques grands mus\u00e9es \u00e9trangers.<\/p>\n<p>L\u2019un de ces derniers est la National Gallery \u00e0 Londres, o\u00f9 il para\u00eet que le permis de photographier librement \u00e0 son int\u00e9rieur a suscit\u00e9 du chaos.<\/p>\n<p>De quoi d\u00e9pend toute cette situation qui s\u2019est cr\u00e9\u00e9e\u00a0?<\/p>\n<p>Nina Simon donne son explication dans un article sur son blog Museum 2.0 qui m\u2019offre l\u2019occasion de quelques r\u00e9flexions.<\/p>\n<p>Lorsque chez nous, en Italie, on a commenc\u00e9 \u00e0 parler beaucoup de mus\u00e9es participatifs, je me suis imm\u00e9diatement demand\u00e9 quelle \u00e9tait exactement la signification de ce mot.<\/p>\n<p>Chez nous on associe souvent le concept de participation collective \u00e0 l\u2019utilisation des r\u00e9seaux sociaux ou \u00e0 l\u2019adh\u00e9sion \u00e0 des manifestations sp\u00e9ciales comme les Journ\u00e9es Europ\u00e9ennes du Patrimoine, les Nuits des Mus\u00e9es et les Invasions Num\u00e9riques qui ont eu certainement le m\u00e9rite de susciter l\u2019int\u00e9r\u00eat et de sensibiliser le public et les professionnels mus\u00e9aux sur un certain type de jouissance mus\u00e9ale.<\/p>\n<p>Je me demande si nous pouvons consid\u00e9rer ces \u00e9v\u00e9nements comme une v\u00e9ritable participation collective ou s\u2019il s\u2019agit d\u2019\u00e9v\u00e9nements sporadiques qui, ensuite, n\u2019ont aucune incidence sur la r\u00e9alit\u00e9 quotidienne du mus\u00e9e.<\/p>\n<p>Il serait int\u00e9ressant de savoir si, entre une manifestation de ce type et l\u2019autre, la fa\u00e7on de concevoir la programmation culturelle de ces mus\u00e9es a chang\u00e9 et si leur mani\u00e8re d\u2019interagir avec les visiteurs et &#8211; plus g\u00e9n\u00e9ralement avec la communaut\u00e9 &#8211; s&rsquo;est effectivement transform\u00e9e.<\/p>\n<p>Nina Simon, promotrice du mus\u00e9e participatif, affirme \u00e0 juste titre que le chaos qui s\u2019est cr\u00e9\u00e9 \u00e0 la National Gallery montre que cette foule est avant tout impatiente de prendre part \u00e0 une participation collective, \u00e0 une sorte de \u00ab\u00a0rite religieux\u00a0\u00bb qui s\u2019ach\u00e8ve par la conqu\u00eate de l\u2019\u0153uvre c\u00e9l\u00e8bre au moyen de l\u2019objectif d\u2019un appareil photo.<\/p>\n<p>La \u00ab\u00a0faute\u00a0\u00bb de ce ph\u00e9nom\u00e8ne social revient \u00e0 qui\u00a0?<\/p>\n<p>Sans aucun doute les mus\u00e9es eux-m\u00eames sont responsables, puisqu\u2019ils ont \u00ab\u00a0exasp\u00e9r\u00e9 ce culte de la c\u00e9l\u00e9brit\u00e9 en donnant une grande emphase \u00e0 des expositions \u00e0 succ\u00e8s et \u00e0 des spectacles itin\u00e9rants\u00a0\u00bb\u00a0; on dit \u00e0 la foule qu\u2019elle ne doit pas perdre cette occasion et celle-ci \u00ab\u00a0se donne du mal pour une recherche continue et h\u00e2tive, appareil photo rigoureusement \u00e0 la main\u00a0\u00bb.<\/p>\n<p>Les journ\u00e9es sp\u00e9ciales, comme les Nuits des mus\u00e9es et les Invasions Num\u00e9riques, ont contribu\u00e9 elles aussi, involontairement, \u00e0 renforcer l\u2019id\u00e9e du patrimoine culturel comme une partie d\u2019un grand <em>flash mob<\/em>.<\/p>\n<p><a href=\"https:\/\/www.option-culture.com\/wp-content\/uploads\/2014\/10\/APM.jpg\"><img loading=\"lazy\" decoding=\"async\" class=\"size-medium wp-image-6868 aligncenter\" src=\"https:\/\/www.option-culture.com\/wp-content\/uploads\/2014\/10\/APM-300x146.jpg\" alt=\"APM\" width=\"300\" height=\"146\" srcset=\"https:\/\/www.option-culture.com\/wp-content\/uploads\/2014\/10\/APM-300x146.jpg 300w, https:\/\/www.option-culture.com\/wp-content\/uploads\/2014\/10\/APM.jpg 322w\" sizes=\"auto, (max-width: 300px) 100vw, 300px\" \/><\/a>Il est souhaitable que l\u2019on tire des enseignements de la le\u00e7on que nous donnent les fautes des autres et les n\u00f4tres et que l\u2019on commence finalement \u00e0 ne pas mal interpr\u00e9ter la participation apparente, qui ne d\u00e9coule pas du r\u00e9sultat d\u2019un processus de changement ou qui n\u2019est pas l\u2019effet d\u2019une nouvelle planification des activit\u00e9s culturelles du mus\u00e9e\u00a0: elle ne provient que de l\u2019envie de prendre part \u00e0 un \u00e9v\u00e9nement collectif.<\/p>\n<p>Ce n\u2019est qu\u2019une mode qu\u2019il faut suivre pour ne pas \u00eatre exclus du grand jeu.<\/p>\n<p>Il s\u2019agit de manifestations dont les r\u00e9sultats ne peuvent \u00eatre mesur\u00e9s, probablement, que num\u00e9riquement\u00a0: des succ\u00e8s extraordinaires qui en r\u00e9alit\u00e9, dans la pratique, ne produisent que des r\u00e9sultats insignifiants sur le plan culturel et social, tout en consid\u00e9rant les exceptions qui m\u00e9ritent d\u2019\u00eatre reconnues et lou\u00e9es.<\/p>\n<p>Nous, les organisateurs des \u00e9v\u00e9nements, des invasions et des journ\u00e9es sp\u00e9ciales, nous le savons bien et nous sommes conscients que certains mus\u00e9es, une fois que les cam\u00e9ras seront parties, reviendront \u00e0 l\u2019immobilit\u00e9 habituelle.<\/p>\n<p>Les gens sont libres de photographier dans les mus\u00e9es et beaucoup d\u2019entre eux se pr\u00e9cipitent pour prendre part aux grands \u00e9v\u00e9nements sp\u00e9ciaux, mais ils continuent ensuite \u00e0 ne pas participer r\u00e9ellement \u00e0 la production des contenus culturels du mus\u00e9e pendant les 365 autres jours de l\u2019ann\u00e9e.<\/p>\n<p>Ce qui, au contraire, est le type de renouveau que nous devons souhaiter.<\/p>\n<p>Lors de la Cinqui\u00e8me Conf\u00e9rence Internationale de l\u2019Association Nationale des Petits Mus\u00e9es qui a eu lieu \u00e0 Viterbo les 26 et 27 septembre derniers, on a mis en \u00e9vidence que la relation entre les mus\u00e9es et leur public est un travail qui demande une impulsion continue et la participation de tous.<\/p>\n<p>Il s\u2019agit d\u2019un travail constant, quotidien, qui peut certainement aussi envisager la pr\u00e9paration d\u2019\u00e9v\u00e9nements sp\u00e9ciaux, mais qui ne doit pas en faire des piliers sur lesquels se fonde l\u2019activit\u00e9 du mus\u00e9e.<\/p>\n<p>On est dans une p\u00e9riode de transition entre la vieille vision des mus\u00e9es et la nouvelle\u00a0: les appels r\u00e9p\u00e9t\u00e9s \u00e0 l\u2019utilisation de la communication 2.0 et des nouvelles technologies ont eu l\u2019effet de produire, parfois, une sorte de pansement plus qu\u2019un v\u00e9ritable rem\u00e8de.<\/p>\n<p>Le renouveau, en revanche, doit \u00eatre total et il ne suffit pas, naturellement, de permettre de prendre des photos ou d\u2019avoir une page Facebook pour \u00eatre des \u00ab\u00a0mus\u00e9es modernes\u00a0\u00bb.<\/p>\n<p>Ces \u00e9l\u00e9ments doivent \u00eatre pris en consid\u00e9ration, bien s\u00fbr, dans le cadre d\u2019une r\u00e9alit\u00e9 proactive et participative du mus\u00e9e, mais toujours dans de justes proportions et en relation avec tous les autres aspects qui concernent la communication mus\u00e9ale, la recherche, la production de contenus et l\u2019activit\u00e9 de m\u00e9diation sociale, d\u2019inclusion et d\u2019\u00e9ducation en faveur de la collectivit\u00e9.\u00a0\u00bb<\/p><\/blockquote>\n<p><span style=\"color: #000080;\"><strong>*<\/strong><\/span> <a href=\"http:\/\/piccolimusei.weebly.com\/uploads\/3\/0\/1\/9\/30196339\/dossier_apm_2014.pdf\" target=\"_blank\">Associazione <\/a>Nazionale Piccoli Musei \u2013 <a href=\"http:\/\/piccolimusei.weebly.com\" target=\"_blank\">APM<\/a><\/p>\n","protected":false},"excerpt":{"rendered":"<p>Voici un texte de Caterina Pisu, coordinatrice de l&rsquo;Association Nationale des Petits Mus\u00e9es Italiens. * \u00ab\u00a0R\u00e9cemment, en Italie aussi, gr\u00e2ce au D\u00e9cret \u00ab\u00a0Culture\u00a0\u00bb, approuv\u00e9 par le Conseil des Ministres le 22 mai 2014, on permet de prendre des photos dans les mus\u00e9es, pourvu qu\u2019on n\u2019utilise ni le flash ni aucun autre type d\u2019\u00e9clairage artificiel, aucun [&hellip;]<\/p>\n","protected":false},"author":2,"featured_media":6868,"comment_status":"open","ping_status":"open","sticky":false,"template":"","format":"standard","meta":{"footnotes":""},"categories":[16,63,12],"tags":[],"class_list":["post-6864","post","type-post","status-publish","format-standard","has-post-thumbnail","hentry","category-musees","category-photographie","category-politique-culturelle"],"_links":{"self":[{"href":"https:\/\/www.option-culture.com\/index.php?rest_route=\/wp\/v2\/posts\/6864","targetHints":{"allow":["GET"]}}],"collection":[{"href":"https:\/\/www.option-culture.com\/index.php?rest_route=\/wp\/v2\/posts"}],"about":[{"href":"https:\/\/www.option-culture.com\/index.php?rest_route=\/wp\/v2\/types\/post"}],"author":[{"embeddable":true,"href":"https:\/\/www.option-culture.com\/index.php?rest_route=\/wp\/v2\/users\/2"}],"replies":[{"embeddable":true,"href":"https:\/\/www.option-culture.com\/index.php?rest_route=%2Fwp%2Fv2%2Fcomments&post=6864"}],"version-history":[{"count":7,"href":"https:\/\/www.option-culture.com\/index.php?rest_route=\/wp\/v2\/posts\/6864\/revisions"}],"predecessor-version":[{"id":6901,"href":"https:\/\/www.option-culture.com\/index.php?rest_route=\/wp\/v2\/posts\/6864\/revisions\/6901"}],"wp:featuredmedia":[{"embeddable":true,"href":"https:\/\/www.option-culture.com\/index.php?rest_route=\/wp\/v2\/media\/6868"}],"wp:attachment":[{"href":"https:\/\/www.option-culture.com\/index.php?rest_route=%2Fwp%2Fv2%2Fmedia&parent=6864"}],"wp:term":[{"taxonomy":"category","embeddable":true,"href":"https:\/\/www.option-culture.com\/index.php?rest_route=%2Fwp%2Fv2%2Fcategories&post=6864"},{"taxonomy":"post_tag","embeddable":true,"href":"https:\/\/www.option-culture.com\/index.php?rest_route=%2Fwp%2Fv2%2Ftags&post=6864"}],"curies":[{"name":"wp","href":"https:\/\/api.w.org\/{rel}","templated":true}]}}