{"id":6773,"date":"2014-07-25T08:00:58","date_gmt":"2014-07-25T06:00:58","guid":{"rendered":"http:\/\/www.option-culture.com\/?p=6773"},"modified":"2014-08-06T22:35:16","modified_gmt":"2014-08-06T20:35:16","slug":"vmf-dossier-sur-le-vaucluse","status":"publish","type":"post","link":"https:\/\/www.option-culture.com\/?p=6773","title":{"rendered":"VMF : dossier sur le Vaucluse"},"content":{"rendered":"<p>Le dernier num\u00e9ro de la revue <a href=\"http:\/\/www.vmfpatrimoine.org\/\" target=\"_blank\">VMF <\/a>(<span style=\"color: #000080;\"><strong>Vieilles maisons fran\u00e7aises<\/strong><\/span>) est consacr\u00e9 au <span style=\"color: #000080;\"><strong>Vaucluse<\/strong> <\/span>(n\u00b0 256, juillet 2014).<\/p>\n<p><span style=\"color: #003366;\">Voici la <\/span><span style=\"color: #000080;\"><strong>pr\u00e9sentation<\/strong><\/span><span style=\"color: #003366;\"> de ce <a href=\"http:\/\/www.vmfpatrimoine.org\/produit\/le-vaucluse\/\" target=\"_blank\"><span style=\"color: #003366;\">dossier<\/span><\/a>.<\/span><\/p>\n<h2>Palais et livr\u00e9es<\/h2>\n<h3>L\u2019empreinte des papes<\/h3>\n<p>Neuf papes et quelque deux cents cardinaux ont r\u00e9sid\u00e9 en Avignon pendant tout le XIV<sup>e<\/sup> si\u00e8cle. L\u2019imposant palais dont la silhouette domine le centre historique le rappelle tous les jours. La revue propose une promenade \u00e0 travers les anciennes livr\u00e9es cardinalices jusque sur les hauteurs de Villeneuve, \u00e0 la d\u00e9couverte de quelques \u00ab maisons de campagne \u00bb de hauts dignitaires religieux.<\/p>\n<h2>Dans les villes<\/h2>\n<h3>H\u00f4tels et nobles demeures<\/h3>\n<p>Du Moyen \u00c2ge \u00e0 l\u2019\u00e9poque baroque, une \u00e9lite prosp\u00e8re s\u2019est \u00e9tablie au c\u0153ur des cit\u00e9s proven\u00e7ales. Les t\u00e9moignages de cette civilisation urbaine originale s\u2019offrent aujourd\u2019hui au promeneur, entre simplicit\u00e9 et faste. De l\u2019h\u00f4tel de Simiane, \u00e0 Valr\u00e9as, \u00e0 celui de Brancas, \u00e0 Pernes-les-Fontaines, en passant par les nombreuses demeures avignonnaises ou carpentrassiennes, les tr\u00e9sors des villes du Comtat Venaissin sont ici d\u00e9voil\u00e9es.<\/p>\n<h2>Les Juifs du pape<\/h2>\n<h3>Une pr\u00e9sence imm\u00e9moriale<\/h3>\n<p>Le terme de \u00ab Juifs du pape \u00bb d\u00e9signe la communaut\u00e9 juive vivant en Avignon et dans le Comtat, sous la protection du Saint-Si\u00e8ge. Autoris\u00e9s \u00e0 r\u00e9sider dans certains quartiers des villes, o\u00f9 ils \u00e9taient soumis \u00e0 des mesures restrictives, ils ont entretenu des \u00e9changes constants avec les chr\u00e9tiens. Synagogues, cimeti\u00e8res, ou encore bains rituels t\u00e9moignent de la m\u00e9moire de cette communaut\u00e9 parlant un dialecte jud\u00e9o-proven\u00e7al, le shuadit.<\/p>\n<h2>Dans le sillage de l\u2019 \u00ab autre Rome \u00bb<\/h2>\n<h3>L\u2019\u00c9glise en ses \u0153uvres<\/h3>\n<p>Des \u00e9glises, plusieurs cath\u00e9drales, de nombreuses chapelles d\u2019ordres religieux\u2026 Le d\u00e9partement du Vaucluse compte nombre d\u2019\u00e9difices religieux remarquables qui rappellent la place \u00e9minente qu\u2019occupait l\u2019Eglise dans cette \u00ab autre Rome \u00bb. D\u00e9couvrez ces \u00e9difices qui font d\u2019Avignon et du Comtat un carrefour unique o\u00f9 style artistique et expression de la foi ont connu un brillant d\u00e9veloppement.<\/p>\n<p><a href=\"https:\/\/www.option-culture.com\/wp-content\/uploads\/2014\/08\/VMF-VAUCLUSE.jpg\"><img loading=\"lazy\" decoding=\"async\" class=\"aligncenter\" alt=\"VMF VAUCLUSE\" src=\"https:\/\/www.option-culture.com\/wp-content\/uploads\/2014\/08\/VMF-VAUCLUSE-235x300.jpg\" width=\"235\" height=\"300\" \/><\/a><\/p>\n<h2>L\u2019Inguimbertine<\/h2>\n<h3>Une encyclop\u00e9die du savoir<\/h3>\n<p>A Carpentras, l\u2019Inguimbertine est une c\u00e9l\u00e8bre biblioth\u00e8que-mus\u00e9e qui doit son nom \u00e0 Mgr Malachie d\u2019Inguimbert, \u00e9v\u00eaque de la ville qui la fonda au XVIIIe si\u00e8cle. Cette institution aux collections prot\u00e9iformes est rest\u00e9e fid\u00e8le \u00e0 sa vocation initiale, celle de constituer une v\u00e9ritable encyclop\u00e9die du savoir. Cap sur le projet de d\u00e9m\u00e9nagement de ses collections dans le b\u00e2timent de l\u2019h\u00f4tel-Dieu en cours de r\u00e9novation.<\/p>\n<h2>Causans<\/h2>\n<h3>Un domaine hors du temps<\/h3>\n<p>Depuis neuf si\u00e8cles, le domaine de Causans est rest\u00e9 la propri\u00e9t\u00e9 de la famille qui porte son nom. Le ch\u00e2teau, en partie reconstruit aux XVIIe et XVIIIe si\u00e8cles, fut encore remani\u00e9 au XIXe si\u00e8cle, comme en t\u00e9moigne le d\u00e9cor n\u00e9ogothique de sa chapelle. Centre d\u2019un domaine agricole, le ch\u00e2teau de Causans est entour\u00e9 de beaux jardins et forme un ensemble rare avec son hameau et ses d\u00e9pendances.<\/p>\n<h2>La vertu du soleil<\/h2>\n<h3>Sous le sceau de la vigne<\/h3>\n<p>Gigondas, Vacqueyras, Beaumes-de-Venise ou encore Ch\u00e2teauneuf-du-Pape, autant de noms qui parlent aux amateurs de vin. Modelant les paysages et le b\u00e2ti, ces tr\u00e8s anciens vignobles, patiemment travaill\u00e9s par l\u2019homme, cultivent toujours l\u2019excellence.<\/p>\n<h2>L\u2019Harmas<\/h2>\n<h3>Dans l\u2019intimit\u00e9 de Jean-Henri Fabre<\/h3>\n<p>Jean-Henri Fabre (1823-1915) passa\u00e0 S\u00e9rignan-du-Comtat, o\u00f9 il s\u2019installa en 1879, les ann\u00e9es les plus productives de sa vie d\u2019entomologiste et d\u2019homme de lettre. Sa demeure de l\u2019Harmas, ouverte au public depuis 2006 et transform\u00e9e en authentique \u00ab maison de m\u00e9moire \u00bb, permet de p\u00e9n\u00e9trer dans l\u2019intimit\u00e9 d\u2019un naturaliste du XIX<sup>e<\/sup> si\u00e8cle. Vous y d\u00e9couvrirez restitu\u00e9s avec soin le cabinet de travail du ma\u00eetre ainsi que le parc arbor\u00e9 et fleuri.<\/p>\n<h2>Les Bains Pommer<\/h2>\n<h3>Une cath\u00e9drale d\u2019eaux dormantes<\/h3>\n<p>En plein c\u0153ur d\u2019Avignon, \u00e0 deux pas de la place Pie, les bains Pommer ont accueilli pendant plus de quatre-vingt ans la bonne soci\u00e9t\u00e9 qui aimait \u00e0 se retrouver dans le vaste hall de l\u2019\u00e9tablissement, couvert d\u2019une verri\u00e8re. Ferm\u00e9 en 1972, le lieu class\u00e9 depuis au titre des Monuments historiques attend toujours un projet de valorisation. \u00c0 l\u2019int\u00e9rieur, le temps semble s\u2019\u00eatre arr\u00eat\u00e9. Seul reste ce d\u00e9cor de th\u00e9\u00e2tre \u00e0 l\u2019atmosph\u00e8re envo\u00fbtante\u2026<\/p>\n<p>Dans ce num\u00e9ro, on trouve \u00e9galement un article de Sophie Flouquet : \u00ab\u00a0<strong><span style=\"color: #000080;\">Restaurer un jardin historique. Oui, mais avec respect et subtilit\u00e9<\/span><\/strong> !\u00a0\u00bb<\/p>\n<p>Elle y \u00e9crit notamment :<\/p>\n<blockquote><p>\u00ab\u00a0Alors que la folie Le N\u00f4tre a gagn\u00e9 tous les jardiniers, professionnels ou amateurs, il n&rsquo;est peut-\u00eatre pas inutile de rappeler que la restauration d&rsquo;un jardin historique doit aussi se faire dans un cadre d\u00e9ontologique pr\u00e9cis. Explications et entretien avec Pierre-Antoine Gatier, auteur d&rsquo;un intervention remarqu\u00e9e &#8211; et remarquable &#8211; au ch\u00e2teau de Chantilly.\u00a0\u00bb<\/p><\/blockquote>\n<p>&nbsp;<\/p>\n<p>&nbsp;<\/p>\n","protected":false},"excerpt":{"rendered":"<p>Le dernier num\u00e9ro de la revue VMF (Vieilles maisons fran\u00e7aises) est consacr\u00e9 au Vaucluse (n\u00b0 256, juillet 2014). Voici la pr\u00e9sentation de ce dossier. Palais et livr\u00e9es L\u2019empreinte des papes Neuf papes et quelque deux cents cardinaux ont r\u00e9sid\u00e9 en Avignon pendant tout le XIVe si\u00e8cle. L\u2019imposant palais dont la silhouette domine le centre historique [&hellip;]<\/p>\n","protected":false},"author":2,"featured_media":0,"comment_status":"open","ping_status":"open","sticky":false,"template":"","format":"standard","meta":{"footnotes":""},"categories":[25,13,8,20],"tags":[],"class_list":["post-6773","post","type-post","status-publish","format-standard","hentry","category-architecture","category-patrimoine","category-publications","category-tourisme"],"_links":{"self":[{"href":"https:\/\/www.option-culture.com\/index.php?rest_route=\/wp\/v2\/posts\/6773","targetHints":{"allow":["GET"]}}],"collection":[{"href":"https:\/\/www.option-culture.com\/index.php?rest_route=\/wp\/v2\/posts"}],"about":[{"href":"https:\/\/www.option-culture.com\/index.php?rest_route=\/wp\/v2\/types\/post"}],"author":[{"embeddable":true,"href":"https:\/\/www.option-culture.com\/index.php?rest_route=\/wp\/v2\/users\/2"}],"replies":[{"embeddable":true,"href":"https:\/\/www.option-culture.com\/index.php?rest_route=%2Fwp%2Fv2%2Fcomments&post=6773"}],"version-history":[{"count":3,"href":"https:\/\/www.option-culture.com\/index.php?rest_route=\/wp\/v2\/posts\/6773\/revisions"}],"predecessor-version":[{"id":6777,"href":"https:\/\/www.option-culture.com\/index.php?rest_route=\/wp\/v2\/posts\/6773\/revisions\/6777"}],"wp:attachment":[{"href":"https:\/\/www.option-culture.com\/index.php?rest_route=%2Fwp%2Fv2%2Fmedia&parent=6773"}],"wp:term":[{"taxonomy":"category","embeddable":true,"href":"https:\/\/www.option-culture.com\/index.php?rest_route=%2Fwp%2Fv2%2Fcategories&post=6773"},{"taxonomy":"post_tag","embeddable":true,"href":"https:\/\/www.option-culture.com\/index.php?rest_route=%2Fwp%2Fv2%2Ftags&post=6773"}],"curies":[{"name":"wp","href":"https:\/\/api.w.org\/{rel}","templated":true}]}}