{"id":6766,"date":"2014-04-30T08:00:51","date_gmt":"2014-04-30T06:00:51","guid":{"rendered":"http:\/\/www.option-culture.com\/?p=6766"},"modified":"2014-11-16T12:34:17","modified_gmt":"2014-11-16T10:34:17","slug":"dossier-special-musee-du-louvre","status":"publish","type":"post","link":"https:\/\/www.option-culture.com\/?p=6766","title":{"rendered":"Dossier sp\u00e9cial mus\u00e9e du Louvre"},"content":{"rendered":"<div>\n<p>Un dossier consacr\u00e9 au <span style=\"color: #000080;\"><strong>mus\u00e9e du <a href=\"http:\/\/www.louvre.fr\/\" target=\"_blank\">Louvre<\/a><\/strong><\/span> est paru dans le magazine l&rsquo;<a href=\"http:\/\/www.lexpress.fr\/\" target=\"_blank\">Express <\/a>n\u00b03278 (30 avril 2014).<\/p>\n<p>Il a \u00e9t\u00e9 coordonn\u00e9 par Annick Colonna C\u00e9sari.<\/p>\n<div><img loading=\"lazy\" decoding=\"async\" id=\"ctl00_Main_coversListImg\" class=\"aligncenter\" src=\"http:\/\/www.relay.com\/Covers\/FicheProduit\/71532.jpg\" alt=\"Sp\u00e9cial Louvre -  L'Express - Num\u00e9ro 3278\" width=\"222\" height=\"295\" \/><\/div>\n<ul>\n<li>\n<div><a href=\"http:\/\/www.lexpress.fr\/culture\/art\/les-secrets-du-plus-beau-musee-du-monde_482453.html\" target=\"_blank\">Les secrets du plus beau mus\u00e9e du monde<\/a><\/div>\n<\/li>\n<li><a href=\"http:\/\/www.lexpress.fr\/culture\/art\/adrien-goetz-et-frederic-taddei-au-louvre-leur-palais-des-merveilles_1534520.html?xtmc=taddei_goetz&amp;xtcr=1\" target=\"_blank\">Adrien Goetz et Fr\u00e9d\u00e9ric Tadde\u00ef<\/a> au Louvre : leur palais des merveilles<\/li>\n<li>\u00ab\u00a0<a href=\"http:\/\/www.lexpress.fr\/culture\/les-musees-sont-d-abord-ancres-dans-un-territoire_1534261.html?xtmc=jean-michel_tobelem&amp;xtcr=2\" target=\"_blank\">Les mus\u00e9es sont d&rsquo;abord ancr\u00e9s dans un territoire<\/a>\u00a0\u00bb : entretien avec Jean-Michel Tobelem<\/li>\n<\/ul>\n<\/div>\n","protected":false},"excerpt":{"rendered":"<p>Un dossier consacr\u00e9 au mus\u00e9e du Louvre est paru dans le magazine l&rsquo;Express n\u00b03278 (30 avril 2014). Il a \u00e9t\u00e9 coordonn\u00e9 par Annick Colonna C\u00e9sari. Les secrets du plus beau mus\u00e9e du monde Adrien Goetz et Fr\u00e9d\u00e9ric Tadde\u00ef au Louvre : leur palais des merveilles \u00ab\u00a0Les mus\u00e9es sont d&rsquo;abord ancr\u00e9s dans un territoire\u00a0\u00bb : entretien [&hellip;]<\/p>\n","protected":false},"author":2,"featured_media":0,"comment_status":"open","ping_status":"open","sticky":false,"template":"","format":"standard","meta":{"footnotes":""},"categories":[16,12,8,24],"tags":[],"class_list":["post-6766","post","type-post","status-publish","format-standard","hentry","category-musees","category-politique-culturelle","category-publications","category-strategie"],"_links":{"self":[{"href":"https:\/\/www.option-culture.com\/index.php?rest_route=\/wp\/v2\/posts\/6766","targetHints":{"allow":["GET"]}}],"collection":[{"href":"https:\/\/www.option-culture.com\/index.php?rest_route=\/wp\/v2\/posts"}],"about":[{"href":"https:\/\/www.option-culture.com\/index.php?rest_route=\/wp\/v2\/types\/post"}],"author":[{"embeddable":true,"href":"https:\/\/www.option-culture.com\/index.php?rest_route=\/wp\/v2\/users\/2"}],"replies":[{"embeddable":true,"href":"https:\/\/www.option-culture.com\/index.php?rest_route=%2Fwp%2Fv2%2Fcomments&post=6766"}],"version-history":[{"count":8,"href":"https:\/\/www.option-culture.com\/index.php?rest_route=\/wp\/v2\/posts\/6766\/revisions"}],"predecessor-version":[{"id":6951,"href":"https:\/\/www.option-culture.com\/index.php?rest_route=\/wp\/v2\/posts\/6766\/revisions\/6951"}],"wp:attachment":[{"href":"https:\/\/www.option-culture.com\/index.php?rest_route=%2Fwp%2Fv2%2Fmedia&parent=6766"}],"wp:term":[{"taxonomy":"category","embeddable":true,"href":"https:\/\/www.option-culture.com\/index.php?rest_route=%2Fwp%2Fv2%2Fcategories&post=6766"},{"taxonomy":"post_tag","embeddable":true,"href":"https:\/\/www.option-culture.com\/index.php?rest_route=%2Fwp%2Fv2%2Ftags&post=6766"}],"curies":[{"name":"wp","href":"https:\/\/api.w.org\/{rel}","templated":true}]}}