{"id":670,"date":"2009-09-26T08:00:02","date_gmt":"2009-09-26T06:00:02","guid":{"rendered":"http:\/\/blog.option.culture.marrot.org\/?p=670"},"modified":"2009-09-26T08:00:02","modified_gmt":"2009-09-26T06:00:02","slug":"admical-et-le-mecenat","status":"publish","type":"post","link":"https:\/\/www.option-culture.com\/?p=670","title":{"rendered":"ADMICAL et le m\u00e9c\u00e9nat"},"content":{"rendered":"<p><span><a href=\"http:\/\/blog.option.culture.marrot.org\/wp-content\/uploads\/2009\/09\/Admical.jpg\"><\/a>Un communiqu\u00e9 nous informe que B\u00e9n\u00e9dicte MENANTEAU succ\u00e8de \u00e0 Marianne ESHET comme d\u00e9l\u00e9gu\u00e9e g\u00e9n\u00e9rale d\u2019ADMICAL, l<span id=\"main\" style=\"VISIBILITY: visible\"><span id=\"search\" style=\"VISIBILITY: visible\">&lsquo;Association pour le D\u00e9veloppement du M\u00e9c\u00e9nat Industriel et Commercial<\/span><\/span>\u00a0(<a href=\"http:\/\/www.admical.org\">http:\/\/www.admical.org<\/a>). <\/span><\/p>\n<p style=\"text-align: center;\"><span><img loading=\"lazy\" decoding=\"async\" class=\"aligncenter\" title=\"Admical\" src=\"http:\/\/blog.option.culture.marrot.org\/wp-content\/uploads\/2009\/09\/Admical.jpg\" alt=\"Admical\" width=\"180\" height=\"60\" \/><\/span><\/p>\n<p><span>Nous lui souhaitons bonne chance dans ses nouvelles fonctions, \u00e0 l&rsquo;heure o\u00f9 le m\u00e9c\u00e9nat est confront\u00e9 \u00e0 plusieurs d\u00e9fis : <\/span><\/p>\n<ul>\n<li><span>La crise \u00e9conomique et sociale a des r\u00e9percussions directes sur les financements que les entreprises peuvent accorder \u00e0 leurs activit\u00e9s de m\u00e9c\u00e9nat, comme on le voit aux Etats-Unis d&rsquo;Am\u00e9rique mais aussi en France.<\/span><\/li>\n<li><span>Le m\u00e9c\u00e9nat culturel, axe premier d&rsquo;ADMICAL, doit c\u00e9der la place \u00e0 d&rsquo;autres composantes du m\u00e9c\u00e9nat : environnement, humanitaire, \u00e9ducatif, social, international, m\u00e9dical, etc.<\/span><\/li>\n<li><span>Au-del\u00e0 d&rsquo;une fiscalit\u00e9 particuli\u00e8rement favorable,\u00a0le m\u00e9c\u00e9nat peine encore \u00e0 \u00eatre reconnu comme une technique de management\u00a0\u00e0 part enti\u00e8re.<\/span><\/li>\n<li><span>Enfin, ADMICAL doit composer avec la mont\u00e9e en puissance de la philanthropie priv\u00e9e, celle des individus et non plus seulement des entreprises.<\/span><\/li>\n<\/ul>\n<p><span>Partagez-vous ce point de vue ?<\/span><\/p>\n","protected":false},"excerpt":{"rendered":"<p>Un communiqu\u00e9 nous informe que B\u00e9n\u00e9dicte MENANTEAU succ\u00e8de \u00e0 Marianne ESHET comme d\u00e9l\u00e9gu\u00e9e g\u00e9n\u00e9rale d\u2019ADMICAL, l&lsquo;Association pour le D\u00e9veloppement du M\u00e9c\u00e9nat Industriel et Commercial\u00a0(http:\/\/www.admical.org). Nous lui souhaitons bonne chance dans ses nouvelles fonctions, \u00e0 l&rsquo;heure o\u00f9 le m\u00e9c\u00e9nat est confront\u00e9 \u00e0 plusieurs d\u00e9fis : La crise \u00e9conomique et sociale a des r\u00e9percussions directes sur les [&hellip;]<\/p>\n","protected":false},"author":2,"featured_media":0,"comment_status":"open","ping_status":"open","sticky":false,"template":"","format":"standard","meta":{"footnotes":""},"categories":[11,5],"tags":[],"class_list":["post-670","post","type-post","status-publish","format-standard","hentry","category-mecenat","category-philanthropie"],"_links":{"self":[{"href":"https:\/\/www.option-culture.com\/index.php?rest_route=\/wp\/v2\/posts\/670","targetHints":{"allow":["GET"]}}],"collection":[{"href":"https:\/\/www.option-culture.com\/index.php?rest_route=\/wp\/v2\/posts"}],"about":[{"href":"https:\/\/www.option-culture.com\/index.php?rest_route=\/wp\/v2\/types\/post"}],"author":[{"embeddable":true,"href":"https:\/\/www.option-culture.com\/index.php?rest_route=\/wp\/v2\/users\/2"}],"replies":[{"embeddable":true,"href":"https:\/\/www.option-culture.com\/index.php?rest_route=%2Fwp%2Fv2%2Fcomments&post=670"}],"version-history":[{"count":0,"href":"https:\/\/www.option-culture.com\/index.php?rest_route=\/wp\/v2\/posts\/670\/revisions"}],"wp:attachment":[{"href":"https:\/\/www.option-culture.com\/index.php?rest_route=%2Fwp%2Fv2%2Fmedia&parent=670"}],"wp:term":[{"taxonomy":"category","embeddable":true,"href":"https:\/\/www.option-culture.com\/index.php?rest_route=%2Fwp%2Fv2%2Fcategories&post=670"},{"taxonomy":"post_tag","embeddable":true,"href":"https:\/\/www.option-culture.com\/index.php?rest_route=%2Fwp%2Fv2%2Ftags&post=670"}],"curies":[{"name":"wp","href":"https:\/\/api.w.org\/{rel}","templated":true}]}}