{"id":6576,"date":"2014-04-01T07:00:37","date_gmt":"2014-04-01T05:00:37","guid":{"rendered":"http:\/\/www.option-culture.com\/?p=6576"},"modified":"2014-04-01T07:22:28","modified_gmt":"2014-04-01T05:22:28","slug":"le-ministere-de-la-culture-deviendrait-un-secretariat-detat","status":"publish","type":"post","link":"https:\/\/www.option-culture.com\/?p=6576","title":{"rendered":"Le minist\u00e8re de la Culture deviendrait un secr\u00e9tariat d&rsquo;Etat"},"content":{"rendered":"<p>Le gouvernement aurait tranch\u00e9.<\/p>\n<p>En raison de la n\u00e9cessit\u00e9 de constituer une \u00e9quipe minist\u00e9rielle resserr\u00e9e,\u00a0 de la r\u00e9duction des moyens budg\u00e9taires et de la priorit\u00e9 accord\u00e9e \u00e0 quelques grands dossiers \u00e9conomiques et sociaux, l&rsquo;histoire du minist\u00e8re de la Culture semble arriv\u00e9e au bout d&rsquo;un cycle n\u00e9 en 1958 avec la cr\u00e9ation du minist\u00e8re des Affaires culturelles.<\/p>\n<p>A d\u00e9faut de supprimer le minist\u00e8re de la Culture, comme au Portugal, il appara\u00eet que ce dernier devrait devenir un simple secr\u00e9tariat d\u2019\u00c9tat, symbole clair de la diminution de l&rsquo;importance accord\u00e9e aux arts et \u00e0 la culture dans la politique de l\u2019\u00c9tat.<\/p>\n<p><a href=\"https:\/\/www.option-culture.com\/wp-content\/uploads\/2014\/03\/MCC.png\"><img loading=\"lazy\" decoding=\"async\" class=\"aligncenter\" alt=\"MCC\" src=\"https:\/\/www.option-culture.com\/wp-content\/uploads\/2014\/03\/MCC-228x300.png\" width=\"228\" height=\"300\" \/><\/a>On dira certes que les pouvoirs publics ne cessent de r\u00e9p\u00e9ter que \u00ab\u00a0la culture va nous sortir de la crise\u00a0\u00bb, pouss\u00e9s en cela par de puissants lobbys li\u00e9s aux industries culturelles et cr\u00e9atives.<\/p>\n<p>Mais la r\u00e9alit\u00e9 demeure : diminution des moyens publics, absence de grand dessein et poids des contraintes structurelles font que la culture n&rsquo;est plus une priorit\u00e9 de l&rsquo;action gouvernementale.<\/p>\n<p>Est-ce la fin d&rsquo;une ambition singuli\u00e8re ?<\/p>\n","protected":false},"excerpt":{"rendered":"<p>Le gouvernement aurait tranch\u00e9. En raison de la n\u00e9cessit\u00e9 de constituer une \u00e9quipe minist\u00e9rielle resserr\u00e9e,\u00a0 de la r\u00e9duction des moyens budg\u00e9taires et de la priorit\u00e9 accord\u00e9e \u00e0 quelques grands dossiers \u00e9conomiques et sociaux, l&rsquo;histoire du minist\u00e8re de la Culture semble arriv\u00e9e au bout d&rsquo;un cycle n\u00e9 en 1958 avec la cr\u00e9ation du minist\u00e8re des Affaires [&hellip;]<\/p>\n","protected":false},"author":2,"featured_media":6595,"comment_status":"open","ping_status":"open","sticky":false,"template":"","format":"standard","meta":{"footnotes":""},"categories":[12],"tags":[],"class_list":["post-6576","post","type-post","status-publish","format-standard","has-post-thumbnail","hentry","category-politique-culturelle"],"_links":{"self":[{"href":"https:\/\/www.option-culture.com\/index.php?rest_route=\/wp\/v2\/posts\/6576","targetHints":{"allow":["GET"]}}],"collection":[{"href":"https:\/\/www.option-culture.com\/index.php?rest_route=\/wp\/v2\/posts"}],"about":[{"href":"https:\/\/www.option-culture.com\/index.php?rest_route=\/wp\/v2\/types\/post"}],"author":[{"embeddable":true,"href":"https:\/\/www.option-culture.com\/index.php?rest_route=\/wp\/v2\/users\/2"}],"replies":[{"embeddable":true,"href":"https:\/\/www.option-culture.com\/index.php?rest_route=%2Fwp%2Fv2%2Fcomments&post=6576"}],"version-history":[{"count":8,"href":"https:\/\/www.option-culture.com\/index.php?rest_route=\/wp\/v2\/posts\/6576\/revisions"}],"predecessor-version":[{"id":6600,"href":"https:\/\/www.option-culture.com\/index.php?rest_route=\/wp\/v2\/posts\/6576\/revisions\/6600"}],"wp:featuredmedia":[{"embeddable":true,"href":"https:\/\/www.option-culture.com\/index.php?rest_route=\/wp\/v2\/media\/6595"}],"wp:attachment":[{"href":"https:\/\/www.option-culture.com\/index.php?rest_route=%2Fwp%2Fv2%2Fmedia&parent=6576"}],"wp:term":[{"taxonomy":"category","embeddable":true,"href":"https:\/\/www.option-culture.com\/index.php?rest_route=%2Fwp%2Fv2%2Fcategories&post=6576"},{"taxonomy":"post_tag","embeddable":true,"href":"https:\/\/www.option-culture.com\/index.php?rest_route=%2Fwp%2Fv2%2Ftags&post=6576"}],"curies":[{"name":"wp","href":"https:\/\/api.w.org\/{rel}","templated":true}]}}