{"id":6470,"date":"2014-01-01T08:00:23","date_gmt":"2014-01-01T06:00:23","guid":{"rendered":"http:\/\/www.option-culture.com\/?p=6470"},"modified":"2014-01-02T09:14:05","modified_gmt":"2014-01-02T07:14:05","slug":"voeux-2014","status":"publish","type":"post","link":"https:\/\/www.option-culture.com\/?p=6470","title":{"rendered":"V\u0153ux 2014"},"content":{"rendered":"<p>En cette p\u00e9riode de v\u0153ux, nous formons les <b>souhaits<\/b> suivants\u00a0:<\/p>\n<ol>\n<li>Que l\u2019on conserve la n\u00e9cessaire <b>exigence<\/b> propre aux projets artistiques et culturels de qualit\u00e9, tout en examinant activement les moyens de toucher un large public.<\/li>\n<li>Que l\u2019on recherche les points de convergence entre culture, tourisme et d\u00e9veloppement des <b>territoires<\/b>.<\/li>\n<li>Que l\u2019on ne fasse pas na\u00eetre de fausses attentes au sujet de sources de financement in\u00e9dites<b> <\/b>(dont certaines sont bien s\u00fbr \u00e0 mobiliser au cas par cas) ; mais que l\u2019on se concentre avant tout sur les <b>strat\u00e9gies<\/b> \u00e0 mettre en \u0153uvre pour exprimer le potentiel de chaque \u00e9tablissement.<\/li>\n<li>Que l\u2019on \u00e9tudie s\u00e9rieusement les <b>publics<\/b> des institutions culturelles, en amont des nouveaux projets aussi bien qu\u2019au titre des actions \u00e0 conduire r\u00e9guli\u00e8rement.<a href=\"https:\/\/www.option-culture.com\/wp-content\/uploads\/2013\/12\/Voeux-2014.jpg\"><img loading=\"lazy\" decoding=\"async\" class=\"aligncenter\" alt=\"Voeux 2014\" src=\"https:\/\/www.option-culture.com\/wp-content\/uploads\/2013\/12\/Voeux-2014-300x199.jpg\" width=\"300\" height=\"199\" \/><\/a><\/li>\n<li>Que l\u2019on fasse toute leur place aux outils de <b>management<\/b>, mais uniquement leur place, qui est d\u2019\u00eatre au service de la r\u00e9alisation des projets culturels.<\/li>\n<li>Que l\u2019on r\u00e9fl\u00e9chisse au profil des <b>dirigeants<\/b> des institutions culturelles, en reconnaissant que la fonction de direction requiert des qualit\u00e9s pr\u00e9cises et identifiables.<\/li>\n<li>Que le minist\u00e8re de la Culture mette \u00e0 disposition du plus grand nombre (\u00e9lus, techniciens, professionnels, chercheurs) l\u2019\u00e9tude relative aux manifestations et \u00e9quipements <b>structurants<\/b>.<\/li>\n<\/ol>\n<p>Partagez-vous ces v\u0153ux ?<\/p>\n","protected":false},"excerpt":{"rendered":"<p>En cette p\u00e9riode de v\u0153ux, nous formons les souhaits suivants\u00a0: Que l\u2019on conserve la n\u00e9cessaire exigence propre aux projets artistiques et culturels de qualit\u00e9, tout en examinant activement les moyens de toucher un large public. Que l\u2019on recherche les points de convergence entre culture, tourisme et d\u00e9veloppement des territoires. Que l\u2019on ne fasse pas na\u00eetre [&hellip;]<\/p>\n","protected":false},"author":2,"featured_media":6472,"comment_status":"open","ping_status":"open","sticky":false,"template":"","format":"standard","meta":{"footnotes":""},"categories":[71,12],"tags":[],"class_list":["post-6470","post","type-post","status-publish","format-standard","has-post-thumbnail","hentry","category-leadership","category-politique-culturelle"],"_links":{"self":[{"href":"https:\/\/www.option-culture.com\/index.php?rest_route=\/wp\/v2\/posts\/6470","targetHints":{"allow":["GET"]}}],"collection":[{"href":"https:\/\/www.option-culture.com\/index.php?rest_route=\/wp\/v2\/posts"}],"about":[{"href":"https:\/\/www.option-culture.com\/index.php?rest_route=\/wp\/v2\/types\/post"}],"author":[{"embeddable":true,"href":"https:\/\/www.option-culture.com\/index.php?rest_route=\/wp\/v2\/users\/2"}],"replies":[{"embeddable":true,"href":"https:\/\/www.option-culture.com\/index.php?rest_route=%2Fwp%2Fv2%2Fcomments&post=6470"}],"version-history":[{"count":4,"href":"https:\/\/www.option-culture.com\/index.php?rest_route=\/wp\/v2\/posts\/6470\/revisions"}],"predecessor-version":[{"id":6475,"href":"https:\/\/www.option-culture.com\/index.php?rest_route=\/wp\/v2\/posts\/6470\/revisions\/6475"}],"wp:featuredmedia":[{"embeddable":true,"href":"https:\/\/www.option-culture.com\/index.php?rest_route=\/wp\/v2\/media\/6472"}],"wp:attachment":[{"href":"https:\/\/www.option-culture.com\/index.php?rest_route=%2Fwp%2Fv2%2Fmedia&parent=6470"}],"wp:term":[{"taxonomy":"category","embeddable":true,"href":"https:\/\/www.option-culture.com\/index.php?rest_route=%2Fwp%2Fv2%2Fcategories&post=6470"},{"taxonomy":"post_tag","embeddable":true,"href":"https:\/\/www.option-culture.com\/index.php?rest_route=%2Fwp%2Fv2%2Ftags&post=6470"}],"curies":[{"name":"wp","href":"https:\/\/api.w.org\/{rel}","templated":true}]}}