{"id":6433,"date":"2013-12-05T08:00:47","date_gmt":"2013-12-05T06:00:47","guid":{"rendered":"http:\/\/www.option-culture.com\/?p=6433"},"modified":"2014-05-22T20:08:14","modified_gmt":"2014-05-22T18:08:14","slug":"culture-economie-de-nouvelles-relations-a-inventer","status":"publish","type":"post","link":"https:\/\/www.option-culture.com\/?p=6433","title":{"rendered":"Culture + Economie : de nouvelles relations \u00e0 inventer ?"},"content":{"rendered":"<div>Voici la pr\u00e9sentation du <a href=\"http:\/\/www.coeur-herault.fr\/culture-et-patrimoine\/journees-de-rencontres-culturelles\/les-actes-du-forum-culturel-2013-en-coeur-dherault-sont-en-ligne\" target=\"_blank\">Forum culturel en Coeur d&rsquo;H\u00e9rault<\/a>, <strong><span style=\"color: #000080;\">Culture + \u00c9conomie : de nouvelles relations \u00e0 inventer ?<\/span><\/strong>, qui aura lieu le jeudi 19 d\u00e9cembre 2013, de 9h \u00e0 16h, dans la Galerie \u00d4 Marches du Palais \u00e0 Lod\u00e8ve. Nous aurons le plaisir d&rsquo;animer les d\u00e9bats.<\/div>\n<div>\n<div>\n<div>\n<p>\u00ab\u00a0L\u2019\u00e9conomie a longtemps ignor\u00e9 la culture, et ce n\u2019est que depuis les ann\u00e9es 1960 que l\u2019on parle r\u00e9ellement d\u2019une \u00ab\u00a0\u00e9conomie culturelle et cr\u00e9ative\u00a0\u00bb.<\/p>\n<p>M\u00eame si aujourd\u2019hui encore les outils m\u00e9thodologiques et statistiques sont peu nombreux et incomplets, tout le monde s\u2019accorde \u00e0 reconna\u00eetre le dynamisme du secteur culturel et ses nombreux atouts\u00a0: cr\u00e9ation de richesses et d\u2019emplois \u00ab\u00a0non d\u00e9localisables\u00a0\u00bb, valeur sociale et \u00e9ducative, impact sur l\u2019attractivit\u00e9 touristique, etc.<\/p>\n<p>Pourtant, dans un contexte \u00e9conomique incertain et en pleine mutation, le secteur culturel est particuli\u00e8rement touch\u00e9.<\/p>\n<p>Pour y faire face, on voit ainsi se d\u00e9velopper des pratiques alternatives innovantes et de nouveaux modes d\u2019organisation, qui positionnent l\u2019acteur culturel en v\u00e9ritable entrepreneur.<\/p>\n<p>Parall\u00e8lement, le m\u00e9c\u00e9nat prend un nouvel essor\u00a0: il se territorialise fortement et concerne un nombre croissant d\u2019initiatives culturelles.<\/p>\n<p>Les nouvelles modalit\u00e9s de m\u00e9c\u00e9nat s\u2019inscrivent aussi dor\u00e9navant dans des d\u00e9marches relevant de l\u2019\u00e9conomie sociale et solidaire, et de nouveaux modes de financement apparaissent.<\/p>\n<p><a href=\"https:\/\/www.option-culture.com\/wp-content\/uploads\/2013\/12\/Lod\u00e8ve.jpg\"><img loading=\"lazy\" decoding=\"async\" class=\"aligncenter\" alt=\"Lod\u00e8ve\" src=\"https:\/\/www.option-culture.com\/wp-content\/uploads\/2013\/12\/Lod\u00e8ve.jpg\" width=\"159\" height=\"225\" \/><\/a>Toutes ces initiatives exercent sur le d\u00e9veloppement local et r\u00e9gional un impact non seulement culturel, mais aussi \u00e9conomique et social important.<\/p>\n<p>Conscient de ces \u00e9volutions, le <a href=\"http:\/\/www.coeur-herault.fr\" target=\"_blank\">Pays C\u0153ur d\u2019H\u00e9rault<\/a> propose ce temps de rencontre avec pour objectif d\u2019informer et de favoriser les \u00e9changes entre les acteurs culturels et \u00e9conomiques du territoire, afin qu\u2019ils puissent d\u00e9velopper ensemble de nouveaux modes de partenariat.\u00a0\u00bb<\/p>\n<\/div>\n<\/div>\n<\/div>\n","protected":false},"excerpt":{"rendered":"<p>Voici la pr\u00e9sentation du Forum culturel en Coeur d&rsquo;H\u00e9rault, Culture + \u00c9conomie : de nouvelles relations \u00e0 inventer ?, qui aura lieu le jeudi 19 d\u00e9cembre 2013, de 9h \u00e0 16h, dans la Galerie \u00d4 Marches du Palais \u00e0 Lod\u00e8ve. Nous aurons le plaisir d&rsquo;animer les d\u00e9bats. \u00ab\u00a0L\u2019\u00e9conomie a longtemps ignor\u00e9 la culture, et ce [&hellip;]<\/p>\n","protected":false},"author":2,"featured_media":0,"comment_status":"open","ping_status":"open","sticky":false,"template":"","format":"standard","meta":{"footnotes":""},"categories":[17,21,11,12,20],"tags":[],"class_list":["post-6433","post","type-post","status-publish","format-standard","hentry","category-colloques","category-financement","category-mecenat","category-politique-culturelle","category-tourisme"],"_links":{"self":[{"href":"https:\/\/www.option-culture.com\/index.php?rest_route=\/wp\/v2\/posts\/6433","targetHints":{"allow":["GET"]}}],"collection":[{"href":"https:\/\/www.option-culture.com\/index.php?rest_route=\/wp\/v2\/posts"}],"about":[{"href":"https:\/\/www.option-culture.com\/index.php?rest_route=\/wp\/v2\/types\/post"}],"author":[{"embeddable":true,"href":"https:\/\/www.option-culture.com\/index.php?rest_route=\/wp\/v2\/users\/2"}],"replies":[{"embeddable":true,"href":"https:\/\/www.option-culture.com\/index.php?rest_route=%2Fwp%2Fv2%2Fcomments&post=6433"}],"version-history":[{"count":4,"href":"https:\/\/www.option-culture.com\/index.php?rest_route=\/wp\/v2\/posts\/6433\/revisions"}],"predecessor-version":[{"id":6652,"href":"https:\/\/www.option-culture.com\/index.php?rest_route=\/wp\/v2\/posts\/6433\/revisions\/6652"}],"wp:attachment":[{"href":"https:\/\/www.option-culture.com\/index.php?rest_route=%2Fwp%2Fv2%2Fmedia&parent=6433"}],"wp:term":[{"taxonomy":"category","embeddable":true,"href":"https:\/\/www.option-culture.com\/index.php?rest_route=%2Fwp%2Fv2%2Fcategories&post=6433"},{"taxonomy":"post_tag","embeddable":true,"href":"https:\/\/www.option-culture.com\/index.php?rest_route=%2Fwp%2Fv2%2Ftags&post=6433"}],"curies":[{"name":"wp","href":"https:\/\/api.w.org\/{rel}","templated":true}]}}