{"id":6329,"date":"2013-11-10T08:00:00","date_gmt":"2013-11-10T06:00:00","guid":{"rendered":"http:\/\/www.option-culture.com\/?p=6329"},"modified":"2013-11-10T17:56:55","modified_gmt":"2013-11-10T15:56:55","slug":"un-point-sur-le-musee-des-confluences-lyon","status":"publish","type":"post","link":"https:\/\/www.option-culture.com\/?p=6329","title":{"rendered":"Un point sur le mus\u00e9e des Confluences (Lyon)"},"content":{"rendered":"<p>Voici le d\u00e9but de l&rsquo;article que consacre Gautier Guigon dans le magazine <a href=\"http:\/\/www.mag2lyon.com\/\" target=\"_blank\">Mag2Lyon<\/a> \u00e0 l&rsquo;ouverture attendue du <strong><span style=\"color: #000080;\">mus\u00e9e des Confluences<\/span><\/strong>.<\/p>\n<p>\u00ab\u00a0Le mus\u00e9e des Confluences, dont le co\u00fbt de construction a fait pol\u00e9mique, ouvrira finalement ses portes au public fin 2014.<\/p>\n<p>En coulisses, les \u00e9quipes s\u2019activent pour remplir les 22 000 m\u00b2 de cet ovni mus\u00e9ographique.<\/p>\n<p>\u201cConfluence est un projet in\u00e9dit dans l\u2019univers des mus\u00e9es. C\u2019est le premier qui offre une vision d\u00e9cloisonn\u00e9e des domaines de la science et des r\u00e9cits de civilisation. C\u2019est le r\u00e9sultat de cinq si\u00e8cles d\u2019Histoire\u201d.<\/p>\n<p>H\u00e9l\u00e8ne Lafont-Couturier, la directrice du mus\u00e9e des Confluences, d\u00e9fend bec et ongles \u201cson\u201d mus\u00e9e qui s\u2019\u00e9rige peu \u00e0 peu sous le regard des Lyonnais, \u00e0 la pointe de la presqu\u2019\u00eele.<\/p>\n<h6 style=\"text-align: center;\"><a href=\"https:\/\/www.option-culture.com\/wp-content\/uploads\/2013\/11\/Confluences-chantier.jpg\"><img loading=\"lazy\" decoding=\"async\" class=\"aligncenter\" alt=\"Confluences chantier\" src=\"https:\/\/www.option-culture.com\/wp-content\/uploads\/2013\/11\/Confluences-chantier-300x199.jpg\" width=\"300\" height=\"199\" \/><\/a>\u00a9 B. Adilon\/mus\u00e9e des Confluences\/D\u00e9partement du Rh\u00f4ne<\/h6>\n<p>Malgr\u00e9 les retards \u00e0 r\u00e9p\u00e9tition sur le chantier et le scandale li\u00e9 au co\u00fbt faramineux du projet, estim\u00e9 aujourd\u2019hui \u00e0 plus de 300 millions d\u2019euros, contre 61 millions d\u2019euros en 2000, le b\u00e2timent devrait enfin \u00eatre livr\u00e9 en 2014, pour une ouverture au public pr\u00e9vue en fin d\u2019ann\u00e9e.<\/p>\n<p>Mais que va-t-il contenir ?<\/p>\n<p>C\u2019est en effet la nouvelle interrogation des d\u00e9tracteurs de ce projet.<\/p>\n<p>Ce b\u00e2timent va-t-il \u00eatre une coquille vide co\u00fbtant encore plus cher aux contribuables ?<\/p>\n<p>\u201cL\u2019ambition du mus\u00e9e des Confluences est forte puisqu\u2019il s\u2019agit de regrouper dans un m\u00eame lieu un mus\u00e9e des cultures du monde comme Branly, un mus\u00e9um d\u2019Histoire naturelle, un conservatoire des Arts et m\u00e9tiers et un mus\u00e9e de l\u2019Homme !\u201d<\/p>\n<p>Mais \u00e0 l\u2019int\u00e9rieur de ce b\u00e2timent de verre et d\u2019acier, dessin\u00e9 par l\u2019architecte Wolf Prix, de l\u2019agence d\u2019architecture autrichienne Coop Himmelb(l)au, que se cache-t-il vraiment ?\u00a0\u00bb<\/p>\n<p>Pour<span style=\"color: #000080;\"><strong> lire la suite<\/strong><\/span> : www.mag2lyon.com &#8211; num\u00e9ro 51 &#8211; novembre 2013.<\/p>\n","protected":false},"excerpt":{"rendered":"<p>Voici le d\u00e9but de l&rsquo;article que consacre Gautier Guigon dans le magazine Mag2Lyon \u00e0 l&rsquo;ouverture attendue du mus\u00e9e des Confluences. \u00ab\u00a0Le mus\u00e9e des Confluences, dont le co\u00fbt de construction a fait pol\u00e9mique, ouvrira finalement ses portes au public fin 2014. En coulisses, les \u00e9quipes s\u2019activent pour remplir les 22 000 m\u00b2 de cet ovni mus\u00e9ographique. [&hellip;]<\/p>\n","protected":false},"author":2,"featured_media":6339,"comment_status":"open","ping_status":"open","sticky":false,"template":"","format":"standard","meta":{"footnotes":""},"categories":[25,16,12],"tags":[],"class_list":["post-6329","post","type-post","status-publish","format-standard","has-post-thumbnail","hentry","category-architecture","category-musees","category-politique-culturelle"],"_links":{"self":[{"href":"https:\/\/www.option-culture.com\/index.php?rest_route=\/wp\/v2\/posts\/6329","targetHints":{"allow":["GET"]}}],"collection":[{"href":"https:\/\/www.option-culture.com\/index.php?rest_route=\/wp\/v2\/posts"}],"about":[{"href":"https:\/\/www.option-culture.com\/index.php?rest_route=\/wp\/v2\/types\/post"}],"author":[{"embeddable":true,"href":"https:\/\/www.option-culture.com\/index.php?rest_route=\/wp\/v2\/users\/2"}],"replies":[{"embeddable":true,"href":"https:\/\/www.option-culture.com\/index.php?rest_route=%2Fwp%2Fv2%2Fcomments&post=6329"}],"version-history":[{"count":11,"href":"https:\/\/www.option-culture.com\/index.php?rest_route=\/wp\/v2\/posts\/6329\/revisions"}],"predecessor-version":[{"id":6344,"href":"https:\/\/www.option-culture.com\/index.php?rest_route=\/wp\/v2\/posts\/6329\/revisions\/6344"}],"wp:featuredmedia":[{"embeddable":true,"href":"https:\/\/www.option-culture.com\/index.php?rest_route=\/wp\/v2\/media\/6339"}],"wp:attachment":[{"href":"https:\/\/www.option-culture.com\/index.php?rest_route=%2Fwp%2Fv2%2Fmedia&parent=6329"}],"wp:term":[{"taxonomy":"category","embeddable":true,"href":"https:\/\/www.option-culture.com\/index.php?rest_route=%2Fwp%2Fv2%2Fcategories&post=6329"},{"taxonomy":"post_tag","embeddable":true,"href":"https:\/\/www.option-culture.com\/index.php?rest_route=%2Fwp%2Fv2%2Ftags&post=6329"}],"curies":[{"name":"wp","href":"https:\/\/api.w.org\/{rel}","templated":true}]}}