{"id":6268,"date":"2013-10-10T08:00:56","date_gmt":"2013-10-10T06:00:56","guid":{"rendered":"http:\/\/www.option-culture.com\/?p=6268"},"modified":"2013-10-12T17:39:42","modified_gmt":"2013-10-12T15:39:42","slug":"congres-de-la-societe-des-musees-du-quebec","status":"publish","type":"post","link":"https:\/\/www.option-culture.com\/?p=6268","title":{"rendered":"Congr\u00e8s de la Soci\u00e9t\u00e9 des mus\u00e9es du Qu\u00e9bec"},"content":{"rendered":"<p>Quels enseignements tirer du congr\u00e8s annuel de la <a href=\"http:\/\/www.musees.qc.ca\/pdf\/2013_programme_congres.pdf\" target=\"_blank\">Soci\u00e9t\u00e9 des mus\u00e9es du Qu\u00e9bec<\/a> pour l&rsquo;ann\u00e9e 2013 ?<\/p>\n<p><strong>En premier lieu<\/strong>, en d\u00e9pit des difficult\u00e9s que doit affronter le secteur culturel en g\u00e9n\u00e9ral et les mus\u00e9es en particulier, une formidable vitalit\u00e9, une facult\u00e9 \u00e0 s&rsquo;interroger, \u00e0 progresser, \u00e0 innover.<\/p>\n<p><a href=\"https:\/\/www.option-culture.com\/wp-content\/uploads\/2013\/10\/20131009_194853.jpg\"><img loading=\"lazy\" decoding=\"async\" class=\"size-medium wp-image-6271 aligncenter\" alt=\"20131009_194853\" src=\"https:\/\/www.option-culture.com\/wp-content\/uploads\/2013\/10\/20131009_194853-300x225.jpg\" width=\"300\" height=\"225\" srcset=\"https:\/\/www.option-culture.com\/wp-content\/uploads\/2013\/10\/20131009_194853-300x225.jpg 300w, https:\/\/www.option-culture.com\/wp-content\/uploads\/2013\/10\/20131009_194853-1024x768.jpg 1024w\" sizes=\"auto, (max-width: 300px) 100vw, 300px\" \/><\/a><strong>En second lieu<\/strong>, la n\u00e9cessit\u00e9 &#8211; pour pouvoir faire front et d\u00e9fendre la cause des arts et de la culture &#8211; de se regrouper pour peser davantage dans les d\u00e9bats publics et aupr\u00e8s des responsables politiques.<\/p>\n<p>Cela ne fait que confirmer la difficult\u00e9 des mus\u00e9es fran\u00e7ais \u00e0 s&rsquo;unir au-del\u00e0 des diff\u00e9rences (mus\u00e9es nationaux <em>vs.<\/em> mus\u00e9es locaux ; mus\u00e9es de beaux-arts <em>vs.<\/em> autres types de mus\u00e9es ; personnels scientifiques <em>vs.<\/em> autres professionnels des mus\u00e9es&#8230;).<\/p>\n<p>Le Livre blanc de l&rsquo;<a href=\"http:\/\/www.agccpf.com\/\" target=\"_blank\">AGCCPF<\/a> a marqu\u00e9 un premier pas dans ce sens.<\/p>\n<p>Mais faute d&rsquo;aller rapidement plus loin et de surmonter ces divisions, il risque d&rsquo;\u00eatre plus difficile de faire entendre la voix des mus\u00e9es dans les temps \u00e0 venir.<\/p>\n<p>Notons par ailleurs que la premi\u00e8re ministre du Qu\u00e9bec, Pauline Marois, et le ministre de la Culture et des Communications, Maka Kotto ont annonc\u00e9 qu&rsquo;\u00e0 partir du 1er octobre 2013, le <strong>prix d\u2019entr\u00e9e pour les jeunes de 13 \u00e0 17 ans<\/strong> au Mus\u00e9e de la civilisation de Qu\u00e9bec, au Mus\u00e9e d\u2019art contemporain de Montr\u00e9al et au Mus\u00e9e national des beaux-arts du Qu\u00e9bec sera de <a href=\"http:\/\/www.mcc.gouv.qc.ca\/\" target=\"_blank\"><strong>1 dollar<\/strong><\/a>.<\/p>\n","protected":false},"excerpt":{"rendered":"<p>Quels enseignements tirer du congr\u00e8s annuel de la Soci\u00e9t\u00e9 des mus\u00e9es du Qu\u00e9bec pour l&rsquo;ann\u00e9e 2013 ? En premier lieu, en d\u00e9pit des difficult\u00e9s que doit affronter le secteur culturel en g\u00e9n\u00e9ral et les mus\u00e9es en particulier, une formidable vitalit\u00e9, une facult\u00e9 \u00e0 s&rsquo;interroger, \u00e0 progresser, \u00e0 innover. En second lieu, la n\u00e9cessit\u00e9 &#8211; pour [&hellip;]<\/p>\n","protected":false},"author":2,"featured_media":0,"comment_status":"open","ping_status":"open","sticky":false,"template":"","format":"standard","meta":{"footnotes":""},"categories":[17,16,12],"tags":[],"class_list":["post-6268","post","type-post","status-publish","format-standard","hentry","category-colloques","category-musees","category-politique-culturelle"],"_links":{"self":[{"href":"https:\/\/www.option-culture.com\/index.php?rest_route=\/wp\/v2\/posts\/6268","targetHints":{"allow":["GET"]}}],"collection":[{"href":"https:\/\/www.option-culture.com\/index.php?rest_route=\/wp\/v2\/posts"}],"about":[{"href":"https:\/\/www.option-culture.com\/index.php?rest_route=\/wp\/v2\/types\/post"}],"author":[{"embeddable":true,"href":"https:\/\/www.option-culture.com\/index.php?rest_route=\/wp\/v2\/users\/2"}],"replies":[{"embeddable":true,"href":"https:\/\/www.option-culture.com\/index.php?rest_route=%2Fwp%2Fv2%2Fcomments&post=6268"}],"version-history":[{"count":13,"href":"https:\/\/www.option-culture.com\/index.php?rest_route=\/wp\/v2\/posts\/6268\/revisions"}],"predecessor-version":[{"id":6282,"href":"https:\/\/www.option-culture.com\/index.php?rest_route=\/wp\/v2\/posts\/6268\/revisions\/6282"}],"wp:attachment":[{"href":"https:\/\/www.option-culture.com\/index.php?rest_route=%2Fwp%2Fv2%2Fmedia&parent=6268"}],"wp:term":[{"taxonomy":"category","embeddable":true,"href":"https:\/\/www.option-culture.com\/index.php?rest_route=%2Fwp%2Fv2%2Fcategories&post=6268"},{"taxonomy":"post_tag","embeddable":true,"href":"https:\/\/www.option-culture.com\/index.php?rest_route=%2Fwp%2Fv2%2Ftags&post=6268"}],"curies":[{"name":"wp","href":"https:\/\/api.w.org\/{rel}","templated":true}]}}