{"id":6259,"date":"2013-10-01T08:00:10","date_gmt":"2013-10-01T06:00:10","guid":{"rendered":"http:\/\/www.option-culture.com\/?p=6259"},"modified":"2013-10-12T17:02:19","modified_gmt":"2013-10-12T15:02:19","slug":"la-democratisation-culturelle-au-fil-de-lhistoire-contemporaine","status":"publish","type":"post","link":"https:\/\/www.option-culture.com\/?p=6259","title":{"rendered":"La d\u00e9mocratisation culturelle au fil de l&rsquo;histoire contemporaine"},"content":{"rendered":"<h2><strong>Pr\u00e9sentation des s\u00e9ances du dernier trimestre 2013<\/strong><\/h2>\n<h3><span style=\"color: #000080;\">S\u00e9ance du 14 octobre 2013<\/span><\/h3>\n<p><strong>Accueil<\/strong><br \/>\nLaurent MARTIN, Jean-Claude POMPOUGNAC<\/p>\n<p><strong>\u00ab\u00a0L&rsquo;\u00e9ducation artistique au d\u00e9fi de la d\u00e9mocratisation culturelle\u00a0\u00bb<\/strong><\/p>\n<p>Introduction et animation : Alain KERLAN<strong><em>, <\/em><\/strong>professeur des universit\u00e9s, Universit\u00e9 Lumi\u00e8re-Lyon 2<em>\u00a0<\/em><strong><em>\u00a0<\/em><\/strong><\/p>\n<p>Marie-Christine BORDEAUX, ma\u00eetre de conf\u00e9rence, Universit\u00e9 Stendhal-Grenoble 3<br \/>\n<em><strong>Les al\u00e9as de l&rsquo;\u00e9ducation artistique et culturelle : br\u00e8ves rencontres, rendez-vous manqu\u00e9s et avanc\u00e9es territoriales<\/strong><\/em><\/p>\n<p>Camille GRABOWSKI, (qui soutiendra prochainement sa th\u00e8se au Centre d&rsquo;histoire de Sciences-Po sur l&rsquo;\u00e9ducation artistique dans le syst\u00e8me scolaire fran\u00e7ais, 1968-2000).<br \/>\n<em><strong>Le colloque d&rsquo;Amiens et le VIe Plan<\/strong><\/em><\/p>\n<p>Perrine BOUTIN, ma\u00eetre de conf\u00e9rence, Universit\u00e9 de Sorbonne-Nouvelle &#8211; Paris 3<br \/>\n<strong><em>Le cin\u00e9ma en France et sa transmission : entre d\u00e9mocratie et d\u00e9mocratisation<\/em><\/strong><\/p>\n<p><strong><em>Grand t\u00e9moin : <\/em><\/strong>Fran\u00e7ois DESCHAMPS, directeur des Affaires culturelles de la communaut\u00e9 d&rsquo;agglom\u00e9ration d&rsquo;Annecy<\/p>\n<p>Marie-Christine Bordeaux et Fran\u00e7ois Deschamps sont co-auteur de l&rsquo;ouvrage<em>\u00a0\u00a0\u00bb<a href=\"http:\/\/www.editions-attribut.fr\/Education-artistique-l-eternel\" target=\"_blank\">Education artistique, l&rsquo;\u00e9ternel retour ? Une ambition nationale \u00e0 l&rsquo;\u00e9preuve des territoires&rsquo;<\/a>&lsquo;, <\/em>(\u00e9d. de l&rsquo;Attribut, 2013).<\/p>\n<h3><span style=\"color: #000080;\">S\u00e9ance du 25 novembre 2013<\/span><\/h3>\n<p><strong>\u00ab\u00a0Histoire des politiques de d\u00e9mocratisation culturelle. &lsquo;Quelques exemples&rsquo; hors de France\u00a0\u00bb <\/strong><\/p>\n<p>Pr\u00e9sidence et animation : Jean-Michel TOBELEM, directeur de l&rsquo;Institut d&rsquo;\u00e9tude et de recherche \u00ab\u00a0Option Culture\u00a0\u00bb<\/p>\n<p>Jean-Louis GENARD, professeur ordinaire \u00e0 la Facult\u00e9 d&rsquo;architecture de Bruxelles<br \/>\n<strong><em>Le destin des controverses sur la d\u00e9mocratisation de la culture en Belgique francophone depuis les ann\u00e9es 60<\/em><\/strong><\/p>\n<p>Alice CHATZIMANASSIS, historienne de l&rsquo;art en mus\u00e9ologie<br \/>\n<strong><em>D\u00e9mocratisation de la culture et d\u00e9mocratie culturelle \u00e0 partir d&rsquo;exemple qu\u00e9b\u00e9cois<\/em><\/strong><\/p>\n<p>Brigitte REMER, ancienne directrice adjointe du Centre culturel fran\u00e7ais d&rsquo;Alexandrie, docteur en sociologie<br \/>\n<em><strong>Une exp\u00e9rience de d\u00e9mocratisation culturelle : le cas de l&rsquo;Egypte et de la Compagnie ind\u00e9pendante \u00a0\u00bbEl-Warsha\u00a0\u00bb<\/strong><\/em><\/p>\n<p>Charlotte FAUCHER, doctorante, Universit\u00e9 de Londres<br \/>\n<em><strong>Quelle d\u00e9mocratisation pour la politique culturelle de la France \u00e0 l&rsquo;\u00e9tranger ? L&rsquo;exemple de l&rsquo;Institut fran\u00e7ais du Royaume-Uni, 1945-1960<\/strong><\/em><\/p>\n<p>&nbsp;<\/p>\n<p><a href=\"https:\/\/www.option-culture.com\/wp-content\/uploads\/2013\/10\/CHMC.jpg\"><img loading=\"lazy\" decoding=\"async\" class=\"aligncenter\" alt=\"CHMC\" src=\"https:\/\/www.option-culture.com\/wp-content\/uploads\/2013\/10\/CHMC.jpg\" width=\"234\" height=\"132\" \/><\/a><\/p>\n<p>&nbsp;<\/p>\n<h3><span style=\"color: #000080;\">S\u00e9ance du 16 d\u00e9cembre 2013<\/span><\/h3>\n<p><strong>\u00ab\u00a0<\/strong><strong>Une approche internationale des politiques de d\u00e9mocratisation\u00a0\u00bb<\/strong><\/p>\n<p>Animation : Chantal COLLEU-DUMONT, ancien chef du service des Affaires internationales au minist\u00e8re de la Culture et de la Communication<\/p>\n<p>Laurent MARTIN, professeur \u00e0 Paris 3<strong>\u00a0<\/strong><br \/>\n<strong><em>Le Conseil de l&rsquo;Europe et l&rsquo;UNESCO pendant les ann\u00e9es 1970-80 : la d\u00e9mocratisation au coeur ? <\/em><\/strong><\/p>\n<p>Marie-B\u00e9n\u00e9dicte VINCENT, ma\u00eetre de conf\u00e9rence \u00e0 l&rsquo;Ecole normale sup\u00e9rieure<br \/>\n<strong><em>Les dimensions europ\u00e9ennes d&rsquo;un projet d&rsquo;\u00e9ducation populaire : l&rsquo;association Peuple et Culture \u00e0 l&rsquo;\u00e9chelle r\u00e9gionale de 1944 au seuil des ann\u00e9es 1970<\/em><\/strong><\/p>\n<p>C\u00e9line GITON, membre du r\u00e9seau Les Lettres europ\u00e9ennes, \u00e9crivain<br \/>\n<strong><em>Une d\u00e9mocratisation du livre ? La politique mondiale du livre de l&rsquo;UNESCO, 1945-1974<\/em><\/strong><\/p>\n<p><em><strong>Grand t\u00e9moin : <\/strong><\/em>Carla BODO, vice-pr\u00e9sidente de l&rsquo; Association italienne pour l&rsquo;\u00e9conomie de la culture<\/p>\n<p><span style=\"color: #000000;\"><a href=\"http:\/\/www.culturecommunication.gouv.fr\/Ministere\/Les-services-rattaches-a-la-Ministre\/Comite-d-histoire\/Actualites-du-Comite-d-histoire\/Programme-en-cours-La-democratisation-culturelle-au-fil-de-l-histoire-contemporaine\"><span style=\"color: #000000;\">http:\/\/www.culturecommunication.gouv.fr\/Ministere\/Les-services-rattaches-a-la-Ministre\/Comite-d-histoire\/Actualites-du-Comite-d-histoire\/Programme-en-cours-La-democratisation-culturelle-au-fil-de-l-histoire-contemporaine<\/span><\/a><\/span><\/p>\n<p><a href=\"mailto:comitehistoire@culture.gouv.fr\"><strong>Acc\u00e8s libre apr\u00e8s inscription pr\u00e9alable<\/strong><\/a><\/p>\n<p><strong>Contact : <\/strong><a href=\"mailto:comitehistoire@culture.gouv.fr\">comitehistoire@culture.gouv.fr<\/a><\/p>\n<p>T\u00e9l. : 01 40 15 79 16<br \/>\nFax : 01 40 15 79 52<\/p>\n<p>&nbsp;<\/p>\n","protected":false},"excerpt":{"rendered":"<p>Pr\u00e9sentation des s\u00e9ances du dernier trimestre 2013 S\u00e9ance du 14 octobre 2013 Accueil Laurent MARTIN, Jean-Claude POMPOUGNAC \u00ab\u00a0L&rsquo;\u00e9ducation artistique au d\u00e9fi de la d\u00e9mocratisation culturelle\u00a0\u00bb Introduction et animation : Alain KERLAN, professeur des universit\u00e9s, Universit\u00e9 Lumi\u00e8re-Lyon 2\u00a0\u00a0 Marie-Christine BORDEAUX, ma\u00eetre de conf\u00e9rence, Universit\u00e9 Stendhal-Grenoble 3 Les al\u00e9as de l&rsquo;\u00e9ducation artistique et culturelle : br\u00e8ves rencontres, [&hellip;]<\/p>\n","protected":false},"author":2,"featured_media":6264,"comment_status":"open","ping_status":"open","sticky":false,"template":"","format":"standard","meta":{"footnotes":""},"categories":[17,12],"tags":[],"class_list":["post-6259","post","type-post","status-publish","format-standard","has-post-thumbnail","hentry","category-colloques","category-politique-culturelle"],"_links":{"self":[{"href":"https:\/\/www.option-culture.com\/index.php?rest_route=\/wp\/v2\/posts\/6259","targetHints":{"allow":["GET"]}}],"collection":[{"href":"https:\/\/www.option-culture.com\/index.php?rest_route=\/wp\/v2\/posts"}],"about":[{"href":"https:\/\/www.option-culture.com\/index.php?rest_route=\/wp\/v2\/types\/post"}],"author":[{"embeddable":true,"href":"https:\/\/www.option-culture.com\/index.php?rest_route=\/wp\/v2\/users\/2"}],"replies":[{"embeddable":true,"href":"https:\/\/www.option-culture.com\/index.php?rest_route=%2Fwp%2Fv2%2Fcomments&post=6259"}],"version-history":[{"count":6,"href":"https:\/\/www.option-culture.com\/index.php?rest_route=\/wp\/v2\/posts\/6259\/revisions"}],"predecessor-version":[{"id":6266,"href":"https:\/\/www.option-culture.com\/index.php?rest_route=\/wp\/v2\/posts\/6259\/revisions\/6266"}],"wp:featuredmedia":[{"embeddable":true,"href":"https:\/\/www.option-culture.com\/index.php?rest_route=\/wp\/v2\/media\/6264"}],"wp:attachment":[{"href":"https:\/\/www.option-culture.com\/index.php?rest_route=%2Fwp%2Fv2%2Fmedia&parent=6259"}],"wp:term":[{"taxonomy":"category","embeddable":true,"href":"https:\/\/www.option-culture.com\/index.php?rest_route=%2Fwp%2Fv2%2Fcategories&post=6259"},{"taxonomy":"post_tag","embeddable":true,"href":"https:\/\/www.option-culture.com\/index.php?rest_route=%2Fwp%2Fv2%2Ftags&post=6259"}],"curies":[{"name":"wp","href":"https:\/\/api.w.org\/{rel}","templated":true}]}}