{"id":6253,"date":"2013-09-20T08:00:48","date_gmt":"2013-09-20T06:00:48","guid":{"rendered":"http:\/\/www.option-culture.com\/?p=6253"},"modified":"2013-10-05T18:02:26","modified_gmt":"2013-10-05T16:02:26","slug":"sociologie-des-elites-culturelles-locales","status":"publish","type":"post","link":"https:\/\/www.option-culture.com\/?p=6253","title":{"rendered":"Sociologie des \u00e9lites culturelles locales"},"content":{"rendered":"<h1 id=\"resume\">Sociologie des \u00e9lites culturelles locales, 1947-1989<\/h1>\n<div>Ce s\u00e9minaire analyse les r\u00e9sultats d\u2019un programme de recherche men\u00e9 en collaboration avec le CNRS (Institut d\u2019histoire du temps pr\u00e9sent, IHTP).<\/div>\n<div>Ce projet s\u2019att\u00e8le \u00e0 une sociologie des \u00e9lites culturelles fran\u00e7aises, aux lendemains de la Lib\u00e9ration et jusqu\u2019\u00e0 la c\u00e9l\u00e9bration du centenaire de la R\u00e9volution.<\/div>\n<div>Outre la sollicitation critique de ressources traditionnelles, il utilise la puissance d\u2019une enqu\u00eate nationale pour investir la sph\u00e8re publique autant que le cercle priv\u00e9 afin de d\u00e9crypter la socio-gen\u00e8se d\u2019une population, ses espaces de dialogue et outils de transmission, ses diff\u00e9rents registres de r\u00e9ception.<\/div>\n<div id=\"annonce\">\n<div id=\"annonce-258977-fr\" lang=\"fr\">\n<p><em>S\u00e9minaire d\u2019anthropologie historique, \u00c9cole des Chartes (ENC), CNRS &#8211; Institut d\u2019histoire du temps pr\u00e9sent (IHTP), Ann\u00e9e universitaire 2013\/2014. Le mercredi de 18h \u00e0 20h.<\/em><\/p>\n<h3>Programme<\/h3>\n<h4>S\u00e9ance 1 (9 octobre 2013)<\/h4>\n<ul>\n<li>\u00ab <em>De l\u2019Histoire culturelle et de la Sociologie des \u00e9lites<\/em> \u00bb (Agn\u00e8s CALLU, ENC\/IHTP)<\/li>\n<\/ul>\n<h4>S\u00e9ance 2 (23 octobre 2013)<\/h4>\n<ul>\n<li>\u00ab <em>L\u2019IHTP : historiographie et pratiques historiennes<\/em> \u00bb (Agn\u00e8s CALLU, Christian INGRAO, IHTP et Olivier BUTTNER, IHTP)<\/li>\n<\/ul>\n<h4>S\u00e9ance 3. (6 novembre 2013)<\/h4>\n<ul>\n<li>\u00ab <em>Malraux et Ga\u00ebtan Picon : la Direction g\u00e9n\u00e9rale des Arts et Lettres \u00bb<\/em> (Agn\u00e8s CALLU, ENC\/IHTP)<\/li>\n<\/ul>\n<h4>S\u00e9ance 4 (27 novembre 2013)<\/h4>\n<ul>\n<li>\u00ab <em>Un mod\u00e8le conqu\u00e9rant : l\u2019am\u00e9ricanisation de la culture fran\u00e7aise<\/em> \u00bb (Ludovic TOURNES, Universit\u00e9 de Gen\u00e8ve)<\/li>\n<\/ul>\n<h4>S\u00e9ance 5 (18 d\u00e9cembre 2013)<\/h4>\n<ul>\n<li>\u00ab <em>Sociabilit\u00e9 et \u00e9rudition : les soci\u00e9t\u00e9s savantes<\/em> \u00bb (Sylvie SAGNES, CNRS\/LAHIC)<\/li>\n<\/ul>\n<h4>S\u00e9ance 6 (5 f\u00e9vrier 2014)<\/h4>\n<ul>\n<li>\u00ab <em>Jeanne Laurent et la d\u00e9centralisation culturelle<\/em> \u00bb (Marion DENIZOT, Rennes II)<\/li>\n<\/ul>\n<h4>S\u00e9ance 7 (19 f\u00e9vrier 2014)<\/h4>\n<ul>\n<li>\u00ab<em> Pour une identification des politiques culturelles locales\u00a0<\/em>\u00bb (Vincent DUBOIS, IEP de Strasbourg)<\/li>\n<\/ul>\n<h4>S\u00e9ance 8 (5 mars 2014)<\/h4>\n<ul>\n<li>\u00ab <em>Cartographie critique des cin\u00e9math\u00e8ques fran\u00e7aises<\/em> \u00bb (Christophe GAUTHIER, BnF, [sous r\u00e9serve])<\/li>\n<\/ul>\n<h4>S\u00e9ance 9 (26 mars 2014)<\/h4>\n<ul>\n<li>\u00ab <em>Jack Lang et l\u2019instauration des grandes f\u00eates culturelles<\/em> \u00bb (Laurent MARTIN, Paris 3)<\/li>\n<\/ul>\n<h4>S\u00e9ance 10 (2 avril 2014)<\/h4>\n<ul>\n<li>\u00ab<em> Le Bicentenaire de la R\u00e9volution fran\u00e7aise : pratiques sociales comm\u00e9moratives<\/em> \u00bb (Patrick GARCIA, Universit\u00e9 de Cergy\/IHTP)<\/li>\n<\/ul>\n<h4>S\u00e9ance 11 (21 mai 2014)<\/h4>\n<ul>\n<li>\u00ab <em>Les patrons de la presse fran\u00e7aise<\/em> \u00bb (Patrick EVENO, Paris I)<\/li>\n<\/ul>\n<h4>S\u00e9ance 12 (28 mai 2014)<\/h4>\n<ul>\n<li>Conclusions de la premi\u00e8re ann\u00e9e du s\u00e9minaire (Agn\u00e8s CALLU)<\/li>\n<\/ul>\n<p>Ancienne \u00e9l\u00e8ve de l\u2019\u00c9cole nationale des Chartes (th\u00e8se publi\u00e9e sur la R\u00e9union des mus\u00e9es nationaux sous la IIIe R\u00e9publique, Prix Lenoir) et de l\u2019Institut national du Patrimoine, Docteur en histoire contemporaine de l\u2019IEP de Paris\/ Sciences Po (th\u00e8se publi\u00e9e sur le philosophe esth\u00e9ticien et critique d\u2019art Ga\u00ebtan Picon, Prix Chaix d\u2019Est Ange), Agn\u00e8s Callu est historienne, conservateur du Patrimoine au mus\u00e9e des Arts d\u00e9coratifs, charg\u00e9 du Cabinet des Dessins, chercheur associ\u00e9 permanent au CNRS (Institut d\u2019histoire du temps pr\u00e9sent, IHTP) et \u00e0 Sciences Po (CHSP), charg\u00e9 de cours \u00e0 l\u2019\u00c9cole nationale des Chartes.<\/p>\n<p><a href=\"http:\/\/calenda.org\/258977\">http:\/\/calenda.org\/258977<\/a><\/p>\n<\/div>\n<\/div>\n","protected":false},"excerpt":{"rendered":"<p>Sociologie des \u00e9lites culturelles locales, 1947-1989 Ce s\u00e9minaire analyse les r\u00e9sultats d\u2019un programme de recherche men\u00e9 en collaboration avec le CNRS (Institut d\u2019histoire du temps pr\u00e9sent, IHTP). Ce projet s\u2019att\u00e8le \u00e0 une sociologie des \u00e9lites culturelles fran\u00e7aises, aux lendemains de la Lib\u00e9ration et jusqu\u2019\u00e0 la c\u00e9l\u00e9bration du centenaire de la R\u00e9volution. Outre la sollicitation critique [&hellip;]<\/p>\n","protected":false},"author":2,"featured_media":0,"comment_status":"open","ping_status":"open","sticky":false,"template":"","format":"standard","meta":{"footnotes":""},"categories":[17,12],"tags":[],"class_list":["post-6253","post","type-post","status-publish","format-standard","hentry","category-colloques","category-politique-culturelle"],"_links":{"self":[{"href":"https:\/\/www.option-culture.com\/index.php?rest_route=\/wp\/v2\/posts\/6253","targetHints":{"allow":["GET"]}}],"collection":[{"href":"https:\/\/www.option-culture.com\/index.php?rest_route=\/wp\/v2\/posts"}],"about":[{"href":"https:\/\/www.option-culture.com\/index.php?rest_route=\/wp\/v2\/types\/post"}],"author":[{"embeddable":true,"href":"https:\/\/www.option-culture.com\/index.php?rest_route=\/wp\/v2\/users\/2"}],"replies":[{"embeddable":true,"href":"https:\/\/www.option-culture.com\/index.php?rest_route=%2Fwp%2Fv2%2Fcomments&post=6253"}],"version-history":[{"count":4,"href":"https:\/\/www.option-culture.com\/index.php?rest_route=\/wp\/v2\/posts\/6253\/revisions"}],"predecessor-version":[{"id":6257,"href":"https:\/\/www.option-culture.com\/index.php?rest_route=\/wp\/v2\/posts\/6253\/revisions\/6257"}],"wp:attachment":[{"href":"https:\/\/www.option-culture.com\/index.php?rest_route=%2Fwp%2Fv2%2Fmedia&parent=6253"}],"wp:term":[{"taxonomy":"category","embeddable":true,"href":"https:\/\/www.option-culture.com\/index.php?rest_route=%2Fwp%2Fv2%2Fcategories&post=6253"},{"taxonomy":"post_tag","embeddable":true,"href":"https:\/\/www.option-culture.com\/index.php?rest_route=%2Fwp%2Fv2%2Ftags&post=6253"}],"curies":[{"name":"wp","href":"https:\/\/api.w.org\/{rel}","templated":true}]}}