{"id":6121,"date":"2013-05-30T08:00:09","date_gmt":"2013-05-30T06:00:09","guid":{"rendered":"http:\/\/www.option-culture.com\/?p=6121"},"modified":"2013-06-04T09:39:35","modified_gmt":"2013-06-04T07:39:35","slug":"le-pont-du-gard-une-destination-desormais-reservee-aux-privilegies","status":"publish","type":"post","link":"https:\/\/www.option-culture.com\/?p=6121","title":{"rendered":"Le Pont du Gard, une destination d\u00e9sormais r\u00e9serv\u00e9e aux privil\u00e9gi\u00e9s ?"},"content":{"rendered":"<p>C&rsquo;est le titre d&rsquo;un article \u00e0 retrouver \u00e0 l&rsquo;adresse suivante : <span style=\"font-size: 12.0pt; font-family: 'Times New Roman'; mso-fareast-font-family: 'Times New Roman'; mso-ansi-language: FR; mso-fareast-language: EN-US; mso-bidi-language: AR-SA;\"><a href=\"http:\/\/patrimoine-environnement.fr\/le-pont-du-gard-une-destination-desormais-reservee-aux-privilegies\/\">http:\/\/patrimoine-environnement.fr\/le-pont-du-gard-une-destination-desormais-reservee-aux-privilegies\/<\/a><\/span><\/p>\n<p>En voici le d\u00e9but :<\/p>\n<p>\u00ab\u00a0\u00c0 rebours du principe fondateur du projet initial et abusif \u00e0 plus d\u2019un titre, la tarification des acc\u00e8s pi\u00e9tons et cyclistes \u00e0 l\u2019entr\u00e9e du pont du Gard (10 et 12 \u20ac par personne) d\u00e9clenche l\u2019indignation de l\u2019association <a title=\"Pont du Gard et Patrimoine\" href=\"http:\/\/www.pontdugard.org\/\" target=\"_blank\"><strong>Pont du Gard et Patrimoine<\/strong><\/a>. Aujourd\u2019hui, le site de l\u2019aqueduc de N\u00eemes et du Pont du Gard est l\u2019un des plus fr\u00e9quent\u00e9s de France. En sera-t-il de m\u00eame \u00e0 l\u2019avenir si l\u2019EPCC maintient sa mesure\u00a0?\u00a0\u00bb<\/p>\n<p><a href=\"https:\/\/www.option-culture.com\/wp-content\/uploads\/2013\/06\/FPE.jpg\"><img loading=\"lazy\" decoding=\"async\" class=\"size-full wp-image-6123 aligncenter\" alt=\"FPE\" src=\"https:\/\/www.option-culture.com\/wp-content\/uploads\/2013\/06\/FPE.jpg\" width=\"1082\" height=\"180\" srcset=\"https:\/\/www.option-culture.com\/wp-content\/uploads\/2013\/06\/FPE.jpg 1082w, https:\/\/www.option-culture.com\/wp-content\/uploads\/2013\/06\/FPE-300x49.jpg 300w, https:\/\/www.option-culture.com\/wp-content\/uploads\/2013\/06\/FPE-1024x170.jpg 1024w\" sizes=\"auto, (max-width: 1082px) 100vw, 1082px\" \/><\/a>Apr\u00e8s le Mont Saint-Michel, voici donc un autre haut lieu du patrimoine dont la politique tarifaire fait d\u00e9bat.<\/p>\n<p>Et vous, qu&rsquo;en pensez-vous ?<\/p>\n","protected":false},"excerpt":{"rendered":"<p>C&rsquo;est le titre d&rsquo;un article \u00e0 retrouver \u00e0 l&rsquo;adresse suivante : http:\/\/patrimoine-environnement.fr\/le-pont-du-gard-une-destination-desormais-reservee-aux-privilegies\/ En voici le d\u00e9but : \u00ab\u00a0\u00c0 rebours du principe fondateur du projet initial et abusif \u00e0 plus d\u2019un titre, la tarification des acc\u00e8s pi\u00e9tons et cyclistes \u00e0 l\u2019entr\u00e9e du pont du Gard (10 et 12 \u20ac par personne) d\u00e9clenche l\u2019indignation de l\u2019association Pont [&hellip;]<\/p>\n","protected":false},"author":2,"featured_media":6123,"comment_status":"open","ping_status":"open","sticky":false,"template":"","format":"standard","meta":{"footnotes":""},"categories":[13,12,14,20],"tags":[],"class_list":["post-6121","post","type-post","status-publish","format-standard","has-post-thumbnail","hentry","category-patrimoine","category-politique-culturelle","category-tarification-gratuite","category-tourisme"],"_links":{"self":[{"href":"https:\/\/www.option-culture.com\/index.php?rest_route=\/wp\/v2\/posts\/6121","targetHints":{"allow":["GET"]}}],"collection":[{"href":"https:\/\/www.option-culture.com\/index.php?rest_route=\/wp\/v2\/posts"}],"about":[{"href":"https:\/\/www.option-culture.com\/index.php?rest_route=\/wp\/v2\/types\/post"}],"author":[{"embeddable":true,"href":"https:\/\/www.option-culture.com\/index.php?rest_route=\/wp\/v2\/users\/2"}],"replies":[{"embeddable":true,"href":"https:\/\/www.option-culture.com\/index.php?rest_route=%2Fwp%2Fv2%2Fcomments&post=6121"}],"version-history":[{"count":3,"href":"https:\/\/www.option-culture.com\/index.php?rest_route=\/wp\/v2\/posts\/6121\/revisions"}],"predecessor-version":[{"id":6126,"href":"https:\/\/www.option-culture.com\/index.php?rest_route=\/wp\/v2\/posts\/6121\/revisions\/6126"}],"wp:featuredmedia":[{"embeddable":true,"href":"https:\/\/www.option-culture.com\/index.php?rest_route=\/wp\/v2\/media\/6123"}],"wp:attachment":[{"href":"https:\/\/www.option-culture.com\/index.php?rest_route=%2Fwp%2Fv2%2Fmedia&parent=6121"}],"wp:term":[{"taxonomy":"category","embeddable":true,"href":"https:\/\/www.option-culture.com\/index.php?rest_route=%2Fwp%2Fv2%2Fcategories&post=6121"},{"taxonomy":"post_tag","embeddable":true,"href":"https:\/\/www.option-culture.com\/index.php?rest_route=%2Fwp%2Fv2%2Ftags&post=6121"}],"curies":[{"name":"wp","href":"https:\/\/api.w.org\/{rel}","templated":true}]}}