{"id":6060,"date":"2013-05-05T08:00:30","date_gmt":"2013-05-05T06:00:30","guid":{"rendered":"http:\/\/www.option-culture.com\/?p=6060"},"modified":"2013-05-04T21:04:54","modified_gmt":"2013-05-04T19:04:54","slug":"optimiser-la-relation-entre-economie-et-culture","status":"publish","type":"post","link":"https:\/\/www.option-culture.com\/?p=6060","title":{"rendered":"Optimiser la relation entre \u00e9conomie et culture"},"content":{"rendered":"<p>L\u2019appr\u00e9ciation portant sur les <strong><span style=\"color: #000080;\">relations entre \u00e9conomie et culture<\/span><\/strong> varie du scepticisme infond\u00e9 (lorsque la culture est per\u00e7ue uniquement comme une d\u00e9pense improductive) \u00e0 l\u2019exag\u00e9ration manifeste (lorsque la culture est vue comme le facteur d\u00e9cisif permettant \u00e0 notre pays de sortir de la crise).<\/p>\n<div class=\"contenu\">\n<p>La v\u00e9rit\u00e9 se situe en r\u00e9alit\u00e9 entre ces deux p\u00f4les. Et surtout, il reste bien des efforts \u00e0 accomplir afin de maximiser les effets des manifestations et des \u00e9quipements culturels.<\/p>\n<p>La culture devrait \u00eatre appr\u00e9ci\u00e9e avant tout pour ce qu\u2019elle apporte \u00e0 notre soci\u00e9t\u00e9 : un facteur d\u2019ouverture, d\u2019\u00e9panouissement, de d\u00e9couverte, d\u2019enrichissement personnel et de rencontre avec les autres.<\/p>\n<p style=\"text-align: center;\"><a href=\"https:\/\/www.option-culture.com\/wp-content\/uploads\/2013\/05\/Echos.jpg\"><img loading=\"lazy\" decoding=\"async\" class=\" wp-image-6062 aligncenter\" alt=\"Echos\" src=\"https:\/\/www.option-culture.com\/wp-content\/uploads\/2013\/05\/Echos.jpg\" width=\"135\" height=\"134\" srcset=\"https:\/\/www.option-culture.com\/wp-content\/uploads\/2013\/05\/Echos.jpg 225w, https:\/\/www.option-culture.com\/wp-content\/uploads\/2013\/05\/Echos-150x150.jpg 150w\" sizes=\"auto, (max-width: 135px) 100vw, 135px\" \/><\/a><\/p>\n<p>La suite de cette<strong> <\/strong><span style=\"color: #000080;\"><strong>tribune<\/strong> <\/span>co-\u00e9crite avec Claude Origet du Cluzeau est \u00e0 lire \u00e0 l&rsquo;adresse suivante : <span style=\"font-size: 12.0pt; font-family: 'Times New Roman','serif'; mso-fareast-font-family: 'MS Mincho'; mso-fareast-theme-font: minor-fareast; mso-ansi-language: FR; mso-fareast-language: FR; mso-bidi-language: AR-SA;\"><a href=\"http:\/\/lecercle.lesechos.fr\/economie-societe\/societe\/autres\/221171731\/optimiser-relation-economie-et-culture\">http:\/\/lecercle.lesechos.fr\/economie-societe\/societe\/autres\/221171731\/optimiser-relation-economie-et-culture<\/a><\/span><\/p>\n<p>Nos autres <strong><span style=\"color: #000080;\">contributions<\/span> <\/strong>: <span style=\"font-size: 12.0pt; font-family: 'Times New Roman','serif'; mso-fareast-font-family: 'MS Mincho'; mso-fareast-theme-font: minor-fareast; mso-ansi-language: FR; mso-fareast-language: FR; mso-bidi-language: AR-SA;\"><a href=\"http:\/\/lecercle.lesechos.fr\/user\/15725\/contributions\">http:\/\/lecercle.lesechos.fr\/user\/15725\/contributions<\/a><\/span><\/p>\n<p>&nbsp;<\/p>\n<p>&nbsp;<\/p>\n<\/div>\n","protected":false},"excerpt":{"rendered":"<p>L\u2019appr\u00e9ciation portant sur les relations entre \u00e9conomie et culture varie du scepticisme infond\u00e9 (lorsque la culture est per\u00e7ue uniquement comme une d\u00e9pense improductive) \u00e0 l\u2019exag\u00e9ration manifeste (lorsque la culture est vue comme le facteur d\u00e9cisif permettant \u00e0 notre pays de sortir de la crise). La v\u00e9rit\u00e9 se situe en r\u00e9alit\u00e9 entre ces deux p\u00f4les. Et [&hellip;]<\/p>\n","protected":false},"author":2,"featured_media":0,"comment_status":"open","ping_status":"open","sticky":false,"template":"","format":"standard","meta":{"footnotes":""},"categories":[12,24,20],"tags":[],"class_list":["post-6060","post","type-post","status-publish","format-standard","hentry","category-politique-culturelle","category-strategie","category-tourisme"],"_links":{"self":[{"href":"https:\/\/www.option-culture.com\/index.php?rest_route=\/wp\/v2\/posts\/6060","targetHints":{"allow":["GET"]}}],"collection":[{"href":"https:\/\/www.option-culture.com\/index.php?rest_route=\/wp\/v2\/posts"}],"about":[{"href":"https:\/\/www.option-culture.com\/index.php?rest_route=\/wp\/v2\/types\/post"}],"author":[{"embeddable":true,"href":"https:\/\/www.option-culture.com\/index.php?rest_route=\/wp\/v2\/users\/2"}],"replies":[{"embeddable":true,"href":"https:\/\/www.option-culture.com\/index.php?rest_route=%2Fwp%2Fv2%2Fcomments&post=6060"}],"version-history":[{"count":4,"href":"https:\/\/www.option-culture.com\/index.php?rest_route=\/wp\/v2\/posts\/6060\/revisions"}],"predecessor-version":[{"id":6065,"href":"https:\/\/www.option-culture.com\/index.php?rest_route=\/wp\/v2\/posts\/6060\/revisions\/6065"}],"wp:attachment":[{"href":"https:\/\/www.option-culture.com\/index.php?rest_route=%2Fwp%2Fv2%2Fmedia&parent=6060"}],"wp:term":[{"taxonomy":"category","embeddable":true,"href":"https:\/\/www.option-culture.com\/index.php?rest_route=%2Fwp%2Fv2%2Fcategories&post=6060"},{"taxonomy":"post_tag","embeddable":true,"href":"https:\/\/www.option-culture.com\/index.php?rest_route=%2Fwp%2Fv2%2Ftags&post=6060"}],"curies":[{"name":"wp","href":"https:\/\/api.w.org\/{rel}","templated":true}]}}