{"id":6055,"date":"2013-05-15T08:00:29","date_gmt":"2013-05-15T06:00:29","guid":{"rendered":"http:\/\/www.option-culture.com\/?p=6055"},"modified":"2013-06-04T11:31:06","modified_gmt":"2013-06-04T09:31:06","slug":"le-plus-grand-danger-qui-menace-nos-musees-cest-lindifference","status":"publish","type":"post","link":"https:\/\/www.option-culture.com\/?p=6055","title":{"rendered":"\u00ab Le plus grand danger qui menace nos mus\u00e9es, c\u2019est l\u2019indiff\u00e9rence \u00bb"},"content":{"rendered":"<p>\u00ab\u00a0La <strong><span style=\"color: #000080;\">F\u00e9d\u00e9ration des \u00e9comus\u00e9es et mus\u00e9es de soci\u00e9t\u00e9<\/span><\/strong> (FEMS) a tenu ses 10\u00e8mes rencontres professionnelles du 25 au 27 avril 2013 \u00e0 Bayonne (Pyr\u00e9n\u00e9es-Atlantiques).<\/p>\n<p>Th\u00e8me des travaux : le sens de la collecte des objets contemporains.<\/p>\n<p>A cette occasion, la Gazette a interrog\u00e9 Marc Casteignau, pr\u00e9sident de la FEMS, sur les principaux enjeux auxquels sont confront\u00e9s ces \u00e9quipements.\u00a0\u00bb<\/p>\n<p><a href=\"https:\/\/www.option-culture.com\/wp-content\/uploads\/2013\/06\/FEMS.gif\"><img loading=\"lazy\" decoding=\"async\" class=\"size-full wp-image-6129 aligncenter\" alt=\"FEMS\" src=\"https:\/\/www.option-culture.com\/wp-content\/uploads\/2013\/06\/FEMS.gif\" width=\"206\" height=\"116\" \/><\/a>La <span style=\"color: #000080;\">suite de l&rsquo;article<\/span> est \u00e0 lire \u00e0 l&rsquo;adresse suivante : <span style=\"font-size: 12.0pt; font-family: 'Times New Roman'; mso-fareast-font-family: 'Times New Roman'; mso-ansi-language: FR; mso-fareast-language: EN-US; mso-bidi-language: AR-SA;\"><a href=\"http:\/\/www.lagazettedescommunes.com\/165837\/%C2%AB-le-plus-grand-danger-qui-menace-nos-musees-c%E2%80%99est-l%E2%80%99indifference-%C2%BB-marc-casteignau-president-de-la-fems\/?utm_source=quotidien&amp;utm_medium=Email&amp;utm_campaign=03-05-2013-quotidien#fnref-165837-2\">http:\/\/www.lagazettedescommunes.com\/165837\/%C2%AB-le-plus-grand-danger-qui-menace-nos-musees-c%E2%80%99est-l%E2%80%99indifference-%C2%BB-marc-casteignau-president-de-la-fems\/?utm_source=quotidien&amp;utm_medium=Email&amp;utm_campaign=03-05-2013-quotidien#fnref-165837-2<\/a><\/span><\/p>\n<p>Voir \u00e9galement : <span style=\"font-size: 12.0pt; font-family: 'Times New Roman'; mso-fareast-font-family: 'Times New Roman'; mso-ansi-language: FR; mso-fareast-language: EN-US; mso-bidi-language: AR-SA;\"><a href=\"http:\/\/www.fems.asso.fr\/wp-content\/uploads\/2013\/05\/La-Lettre-des-Territoires-n13-HD-du-2-au-16-avril1.pdf\">http:\/\/www.fems.asso.fr\/wp-content\/uploads\/2013\/05\/La-Lettre-des-Territoires-n13-HD-du-2-au-16-avril1.pdf<\/a><\/span><\/p>\n<p>Le site de la FEMS : <span style=\"font-size: 12.0pt; font-family: 'Times New Roman'; mso-fareast-font-family: 'Times New Roman'; mso-ansi-language: FR; mso-fareast-language: EN-US; mso-bidi-language: AR-SA;\"><a href=\"http:\/\/www.fems.asso.fr\/\">http:\/\/www.fems.asso.fr\/<\/a><\/span><\/p>\n","protected":false},"excerpt":{"rendered":"<p>\u00ab\u00a0La F\u00e9d\u00e9ration des \u00e9comus\u00e9es et mus\u00e9es de soci\u00e9t\u00e9 (FEMS) a tenu ses 10\u00e8mes rencontres professionnelles du 25 au 27 avril 2013 \u00e0 Bayonne (Pyr\u00e9n\u00e9es-Atlantiques). Th\u00e8me des travaux : le sens de la collecte des objets contemporains. A cette occasion, la Gazette a interrog\u00e9 Marc Casteignau, pr\u00e9sident de la FEMS, sur les principaux enjeux auxquels sont [&hellip;]<\/p>\n","protected":false},"author":2,"featured_media":6129,"comment_status":"open","ping_status":"open","sticky":false,"template":"","format":"standard","meta":{"footnotes":""},"categories":[16,13,12,23,24],"tags":[],"class_list":["post-6055","post","type-post","status-publish","format-standard","has-post-thumbnail","hentry","category-musees","category-patrimoine","category-politique-culturelle","category-publics","category-strategie"],"_links":{"self":[{"href":"https:\/\/www.option-culture.com\/index.php?rest_route=\/wp\/v2\/posts\/6055","targetHints":{"allow":["GET"]}}],"collection":[{"href":"https:\/\/www.option-culture.com\/index.php?rest_route=\/wp\/v2\/posts"}],"about":[{"href":"https:\/\/www.option-culture.com\/index.php?rest_route=\/wp\/v2\/types\/post"}],"author":[{"embeddable":true,"href":"https:\/\/www.option-culture.com\/index.php?rest_route=\/wp\/v2\/users\/2"}],"replies":[{"embeddable":true,"href":"https:\/\/www.option-culture.com\/index.php?rest_route=%2Fwp%2Fv2%2Fcomments&post=6055"}],"version-history":[{"count":8,"href":"https:\/\/www.option-culture.com\/index.php?rest_route=\/wp\/v2\/posts\/6055\/revisions"}],"predecessor-version":[{"id":6132,"href":"https:\/\/www.option-culture.com\/index.php?rest_route=\/wp\/v2\/posts\/6055\/revisions\/6132"}],"wp:featuredmedia":[{"embeddable":true,"href":"https:\/\/www.option-culture.com\/index.php?rest_route=\/wp\/v2\/media\/6129"}],"wp:attachment":[{"href":"https:\/\/www.option-culture.com\/index.php?rest_route=%2Fwp%2Fv2%2Fmedia&parent=6055"}],"wp:term":[{"taxonomy":"category","embeddable":true,"href":"https:\/\/www.option-culture.com\/index.php?rest_route=%2Fwp%2Fv2%2Fcategories&post=6055"},{"taxonomy":"post_tag","embeddable":true,"href":"https:\/\/www.option-culture.com\/index.php?rest_route=%2Fwp%2Fv2%2Ftags&post=6055"}],"curies":[{"name":"wp","href":"https:\/\/api.w.org\/{rel}","templated":true}]}}