{"id":6012,"date":"2013-04-25T08:00:11","date_gmt":"2013-04-25T06:00:11","guid":{"rendered":"http:\/\/www.option-culture.com\/?p=6012"},"modified":"2013-04-29T09:06:28","modified_gmt":"2013-04-29T07:06:28","slug":"democratiser-la-culture-une-histoire-comparee-des-politiques-culturelles-2","status":"publish","type":"post","link":"https:\/\/www.option-culture.com\/?p=6012","title":{"rendered":"D\u00e9mocratiser la culture ! Une histoire compar\u00e9e des politiques culturelles"},"content":{"rendered":"<p class=\"MsoNormal\" style=\"text-align: justify;\"><span style=\"color: #000080;\"><strong>D\u00e9mocratiser la culture ! Une histoire compar\u00e9e des politiques culturelles<\/strong><\/span><\/p>\n<p>Publi\u00e9e sous la direction de Laurent Martin et Philippe Poirrier, voici le <strong>sommaire<\/strong> de la revue en ligne <strong><span style=\"color: #000080;\">Territoires contemporains<\/span><\/strong> (<span lang=\"EN-GB\" style=\"mso-ansi-language: EN-GB;\"><a href=\"http:\/\/tristan.u-bourgogne.fr\/CGC\/publications\/Democratiser_culture\/Democratiser_culture.html\"><span style=\"font-size: 10.0pt; font-family: Arial;\">http:\/\/tristan.u-bourgogne.fr\/CGC\/publications\/Democratiser_culture\/Democratiser_culture.html<\/span><\/a><\/span>), n\u00b0 5, avril 2013 (notre contribution porte sur les <strong>\u00c9tats-Unis d&rsquo;Am\u00e9rique<\/strong>).<\/p>\n<p><a href=\"http:\/\/tristan.u-bourgogne.fr\/CGC\/publications\/Democratiser_culture\/P_Poirrier.html\">Introduction &#8211; <\/a><a href=\"http:\/\/tristan.u-bourgogne.fr\/CGC\/publications\/Democratiser_culture\/P_Poirrier.html\">Une histoire compar\u00e9e de la d\u00e9mocratisation de la culture<\/a> &#8211; Philippe Poirrier<\/p>\n<ul>\n<li><a href=\"http:\/\/tristan.u-bourgogne.fr\/CGC\/publications\/Democratiser_culture\/Laurent_Martin.html\">La d\u00e9mocratisation de la culture en France\u00a0: une ambition obsol\u00e8te\u00a0?<\/a> &#8211; Laurent Martin (Sciences Po Paris)<\/li>\n<li><a href=\"http:\/\/tristan.u-bourgogne.fr\/CGC\/publications\/Democratiser_culture\/JL_Genard.html\">Controverses \u00e0 propos de la d\u00e9mocratisation de la culture en Belgique francophone depuis les ann\u00e9es 60<\/a> &#8211; Jean-Louis Genard (Universit\u00e9 Libre de Bruxelles)<\/li>\n<li><a href=\"http:\/\/tristan.u-bourgogne.fr\/CGC\/publications\/Democratiser_culture\/Carla_Bodo.html\">La d\u00e9mocratisation de la culture en Italie<\/a> &#8211; Carla Bodo (Rome\u00a0: Associazone per l&rsquo;Economia della Cultura)<\/li>\n<li><a href=\"http:\/\/tristan.u-bourgogne.fr\/CGC\/publications\/Democratiser_culture\/A_Slaby.html\">D\u00e9mocratiser la culture en Irlande : une politique pragmatique<\/a> &#8211; Alexandra Slaby (Universit\u00e9 de Caen)<\/li>\n<li><a href=\"http:\/\/tristan.u-bourgogne.fr\/CGC\/publications\/Democratiser_culture\/C_Doustaly.html\">Les politiques de d\u00e9mocratisation culturelle en Grande-Bretagne de 1940 \u00e0 nos jours : l\u00e9gitimation ou instrumentalisation ?<\/a> &#8211; C\u00e9cile Doustaly (Universit\u00e9 de Cergy-Pontoise)<\/li>\n<li><a href=\"http:\/\/tristan.u-bourgogne.fr\/CGC\/publications\/Democratiser_culture\/JM_Tobelem.html\">D\u00e9mocratiser la culture. Le cas des \u00c9tats-Unis d\u2019Am\u00e9rique. Un contexte en \u00e9volution<\/a> &#8211; Jean-Michel Tobelem (Option Culture)<\/li>\n<li><a href=\"http:\/\/tristan.u-bourgogne.fr\/CGC\/publications\/Democratiser_culture\/S_Moussakova.html\">D\u00e9mocratiser les pratiques culturelles\u00a0: l\u2019exemple bulgare. Les enjeux de la transition d\u00e9mocratique, 1989-2012<\/a>&#8211; Svetla Moussakova (Universit\u00e9 de Paris III Sorbonne-Nouvelle)<\/li>\n<\/ul>\n<p><strong>Postface<\/strong> : <em><a href=\"http:\/\/tristan.u-bourgogne.fr\/CGC\/publications\/Democratiser_culture\/AM_Autissier.html\">Quels contenus pour la d\u00e9mocratisation culturelle dans l\u2019Europe du XXI<sup>e<\/sup> si\u00e8cle\u00a0? <\/a><\/em>&#8211; Anne-Marie Autissier (Universit\u00e9 de Paris VIII)<\/p>\n<p><span style=\"color: #000080;\"><strong><a href=\"https:\/\/www.option-culture.com\/wp-content\/uploads\/2013\/04\/TC.jpg\"><img loading=\"lazy\" decoding=\"async\" class=\"size-full wp-image-6034 aligncenter\" alt=\"TC\" src=\"https:\/\/www.option-culture.com\/wp-content\/uploads\/2013\/04\/TC.jpg\" width=\"503\" height=\"100\" srcset=\"https:\/\/www.option-culture.com\/wp-content\/uploads\/2013\/04\/TC.jpg 503w, https:\/\/www.option-culture.com\/wp-content\/uploads\/2013\/04\/TC-300x59.jpg 300w\" sizes=\"auto, (max-width: 503px) 100vw, 503px\" \/><\/a><\/strong><\/span><\/p>\n<p>Voici le d\u00e9but de l&rsquo;<span style=\"color: #000080;\"><strong>introduction<\/strong><\/span> de l&rsquo;historien Philippe Poirrier :<\/p>\n<p>\u00ab\u00a0En mai 2012, lors de la c\u00e9r\u00e9monie de passation des pouvoirs, la nouvelle ministre de la Culture et de la Communication, Aur\u00e9lie Filippetti, n\u2019a pas manqu\u00e9 de souligner le \u00ab\u00a0dessein politique\u00a0\u00bb qui l\u00e9gitime la politique culturelle en France\u00a0:<\/p>\n<address class=\"citation\" style=\"text-align: justify; text-autospace: none;\">\u00ab Ce dessein politique, au sens le plus noble du terme, qui consiste et qui consistera pour moi \u00e0 \u0153uvrer pour que la culture, pour que les arts soient accessibles au plus grand nombre, pour que tous les enfants de France et que pour tous les Fran\u00e7ais d\u2019o\u00f9 qu\u2019ils viennent, o\u00f9 qu\u2019ils vivent, quelle que soit leur formation, leur parcours, leur cursus, quel que soit leur niveau d\u2019\u00e9tudes auquel parfois on le sait c\u2019est aussi la malchance qui ne leur a pas permis d\u2019atteindre, eh bien que tous les Fran\u00e7ais aient acc\u00e8s \u00e0 ces merveilles de l\u2019art et de la culture, \u00e0 cette ouverture sur la curiosit\u00e9 des belles choses du monde (sic).<a title=\"\" href=\"http:\/\/tristan.u-bourgogne.fr\/CGC\/publications\/Democratiser_culture\/P_Poirrier.html#_ftn1\" name=\"_ftnref1\"><\/a> \u00bb<\/address>\n<p class=\"bodystyle\" style=\"text-align: justify; line-height: 150%; text-autospace: none;\">Sous le gouvernement pr\u00e9c\u00e9dent, la th\u00e9matique de \u00ab\u00a0la culture pour chacun\u00a0\u00bb, lanc\u00e9e par le minist\u00e8re de la Culture, avait suscit\u00e9 un large et vif d\u00e9bat\u00a0: une n\u00e9cessaire adaptation de la doctrine du minist\u00e8re pour ses promoteurs\u00a0; abandon de la culture pour tous selon les contempteurs de la politique initi\u00e9e par Fr\u00e9d\u00e9ric Mitterrand<a title=\"\" href=\"http:\/\/tristan.u-bourgogne.fr\/CGC\/publications\/Democratiser_culture\/P_Poirrier.html#_ftn2\" name=\"_ftnref2\"><\/a>.<\/p>\n<p class=\"bodystyle\" style=\"text-align: justify; line-height: 150%; text-autospace: none;\">La \u00ab\u00a0d\u00e9mocratisation\u00a0\u00bb de la culture \u2013 par-del\u00e0 la polys\u00e9mie de la notion \u2013 a en r\u00e9alit\u00e9 \u00e9t\u00e9 largement mobilis\u00e9e par les acteurs des politiques culturelles, depuis le d\u00e9cret fondateur de 1959 qui d\u00e9finit les missions du minist\u00e8re des Affaires culturelles, confi\u00e9 \u00e0 Andr\u00e9 Malraux<a title=\"\" href=\"http:\/\/tristan.u-bourgogne.fr\/CGC\/publications\/Democratiser_culture\/P_Poirrier.html#_ftn3\" name=\"_ftnref3\"><\/a>.<\/p>\n<p class=\"bodystyle\" style=\"text-align: justify; line-height: 150%; text-autospace: none;\">L\u2019\u00e9chec pr\u00e9sum\u00e9 de cette ambition est, depuis deux d\u00e9cennies, au c\u0153ur des d\u00e9bats qui, de mani\u00e8re p\u00e9renne, concernent le bilan, l\u2019action et l\u2019avenir du minist\u00e8re de la Culture<a title=\"\" href=\"http:\/\/tristan.u-bourgogne.fr\/CGC\/publications\/Democratiser_culture\/P_Poirrier.html#_ftn4\" name=\"_ftnref4\"><\/a>. Mais la focalisation de l\u2019historiographie fran\u00e7aise sur la situation nationale a contribu\u00e9 \u00e0 naturaliser cette configuration, m\u00eame si l\u2019approfondissement de ce chantier reste d\u2019actualit\u00e9<a title=\"\" href=\"http:\/\/tristan.u-bourgogne.fr\/CGC\/publications\/Democratiser_culture\/P_Poirrier.html#_ftn5\" name=\"_ftnref5\"><\/a>.\u00a0\u00bb<\/p>\n<p class=\"bodystyle\" style=\"text-align: justify; line-height: 150%; text-autospace: none;\"><strong><span style=\"color: #000080;\">R\u00e9f\u00e9rencement<\/span> <\/strong><\/p>\n<div>\n<div>Comit\u00e9 d&rsquo;histoire du minist\u00e8re de la Culture<\/div>\n<div><a href=\"http:\/\/www.culturecommunication.gouv.fr\/Ministere\/Les-services-rattaches-a-la-Ministre\/Comite-d-histoire\/Actualites-du-Comite-d-histoire\/Publication-integrale-en-ligne\" target=\"_blank\">http:\/\/www.culturecommunication.gouv.fr\/Ministere\/Les-services-rattaches-a-la-Ministre\/Comite-d-histoire\/Actualites-du-Comite-d-histoire\/Publication-integrale-en-ligne<\/a><\/div>\n<div><\/div>\n<div>Lettre du CGC, mai 2013.<\/div>\n<div><a href=\"http:\/\/tristan.u-bourgogne.fr\/La_lettre\/Lettre_2013_15\/Lettre_2013_15.html\" target=\"_blank\">http:\/\/tristan.u-bourgogne.fr\/La_lettre\/Lettre_2013_15\/Lettre_2013_15.html<\/a><\/div>\n<div><\/div>\n<div>Fabula, avril 2013<\/div>\n<div><a href=\"http:\/\/www.fabula.org\/actualites\/territoires-contemporains_56678.php\" target=\"_blank\">http:\/\/www.fabula.org\/actualites\/territoires-contemporains_56678.php<\/a>.<\/div>\n<div><\/div>\n<div>Liste des Clionautes, avril 2013<\/div>\n<div><a href=\"http:\/\/h-net.msu.edu\/cgi-bin\/logbrowse.pl?trx=vx&amp;list=H-Francais&amp;month=1304&amp;week=c&amp;msg=HiRVBJ2vMlW7F5orP0jlaQ&amp;user=&amp;pw=\" target=\"_blank\">http:\/\/h-net.msu.edu\/cgi-bin\/logbrowse.pl?trx=vx&amp;list=H-Francais&amp;month=1304&amp;week=c&amp;msg=HiRVBJ2vMlW7F5orP0jlaQ&amp;user=&amp;pw=<\/a><\/div>\n<div><\/div>\n<div>Liste H-France<\/div>\n<div><a href=\"https:\/\/lists.uakron.edu\/sympa\/arc\/h-france\/2013-04\/msg00096.html\" target=\"_blank\">https:\/\/lists.uakron.edu\/sympa\/arc\/h-france\/2013-04\/msg00096.html<\/a><\/div>\n<div><\/div>\n<div>Le Pupitre, 23 avril 2013<\/div>\n<div><a href=\"http:\/\/pupitre.hypotheses.org\/1037\" target=\"_blank\">http:\/\/pupitre.hypotheses.org\/1037<\/a><\/div>\n<div><\/div>\n<div>Culthist, 23 avril 2013<\/div>\n<div><a href=\"https:\/\/www.jiscmail.ac.uk\/cgi-bin\/webadmin?A2=CULTHIST;87300d39.1304\" target=\"_blank\">https:\/\/www.jiscmail.ac.uk\/cgi-bin\/webadmin?A2=CULTHIST;87300d39.1304<\/a><\/div>\n<div><\/div>\n<div>Site Objectif Culture, avril 2013<\/div>\n<div><a href=\"http:\/\/objectif-culture.com\/\" target=\"_blank\">http:\/\/objectif-culture.com\/<\/a><\/div>\n<div><\/div>\n<div>Bib-num\u00e9rique, 23 avril 2013.<\/div>\n<div><a href=\"http:\/\/www.scoop.it\/t\/bib-numerique\" target=\"_blank\">http:\/\/www.scoop.it\/t\/bib-numerique<\/a><\/div>\n<div><\/div>\n<div>IFP de Paris 2 (rubrique document)<\/div>\n<div><a href=\"http:\/\/ifp.u-paris2.fr\/49296418\/0\/fiche___pagelibre\/&amp;RH=IFP_FR\" target=\"_blank\">http:\/\/ifp.u-paris2.fr\/49296418\/0\/fiche___pagelibre\/&amp;RH=IFP_FR<\/a><\/div>\n<div><\/div>\n<div>Option Culture, 25 avril 2013<\/div>\n<div><a href=\"https:\/\/www.option-culture.com\/?p=6012\" target=\"_blank\">https:\/\/www.option-culture.com\/?p=6012<\/a><\/div>\n<div><\/div>\n<div>\n<div>Blog La Cit\u00e9 des sens, 22 avril 2013<\/div>\n<div><a href=\"http:\/\/cite.over-blog.com\/\" target=\"_blank\">http:\/\/cite.over-blog.com\/<\/a><\/div>\n<\/div>\n<div><\/div>\n<div>\n<div>Carnet Histoire de mode, avril 2013<\/div>\n<div><a href=\"http:\/\/histoiredemode.hypotheses.org\/557\" target=\"_blank\">http:\/\/histoiredemode.hypotheses.org\/557<\/a><\/div>\n<\/div>\n<div><\/div>\n<div>\n<div>Site de l&rsquo;Association fran\u00e7aise de droit des m\u00e9dias et de la culture, avril 2013<\/div>\n<div><a href=\"http:\/\/www.droit-medias-culture.com\/Philippe-Poirrier-dir-Democratiser.html\" target=\"_blank\">http:\/\/www.droit-medias-culture.com\/Philippe-Poirrier-dir-Democratiser.html<\/a><\/div>\n<\/div>\n<div><\/div>\n<div><a href=\"http:\/\/Territorial.fr\/\" target=\"_blank\">Territorial.fr<\/a>\u00a0: lettre culture, 23 avril 2013<\/div>\n<div>\n<div><a href=\"http:\/\/www.territorial.fr\/uploads\/Newsletters\/newsletter-CULT_388_1366703564.html\" target=\"_blank\">http:\/\/www.territorial.fr\/uploads\/Newsletters\/newsletter-CULT_388_1366703564.html<\/a><\/div>\n<\/div>\n<div><\/div>\n<div>Liste AHCSER (Nadine Vivier), avril 2013<\/div>\n<\/div>\n","protected":false},"excerpt":{"rendered":"<p>D\u00e9mocratiser la culture ! Une histoire compar\u00e9e des politiques culturelles Publi\u00e9e sous la direction de Laurent Martin et Philippe Poirrier, voici le sommaire de la revue en ligne Territoires contemporains (http:\/\/tristan.u-bourgogne.fr\/CGC\/publications\/Democratiser_culture\/Democratiser_culture.html), n\u00b0 5, avril 2013 (notre contribution porte sur les \u00c9tats-Unis d&rsquo;Am\u00e9rique). Introduction &#8211; Une histoire compar\u00e9e de la d\u00e9mocratisation de la culture &#8211; Philippe [&hellip;]<\/p>\n","protected":false},"author":2,"featured_media":6034,"comment_status":"open","ping_status":"open","sticky":false,"template":"","format":"standard","meta":{"footnotes":""},"categories":[12,8,23,19],"tags":[],"class_list":["post-6012","post","type-post","status-publish","format-standard","has-post-thumbnail","hentry","category-politique-culturelle","category-publications","category-publics","category-usa"],"_links":{"self":[{"href":"https:\/\/www.option-culture.com\/index.php?rest_route=\/wp\/v2\/posts\/6012","targetHints":{"allow":["GET"]}}],"collection":[{"href":"https:\/\/www.option-culture.com\/index.php?rest_route=\/wp\/v2\/posts"}],"about":[{"href":"https:\/\/www.option-culture.com\/index.php?rest_route=\/wp\/v2\/types\/post"}],"author":[{"embeddable":true,"href":"https:\/\/www.option-culture.com\/index.php?rest_route=\/wp\/v2\/users\/2"}],"replies":[{"embeddable":true,"href":"https:\/\/www.option-culture.com\/index.php?rest_route=%2Fwp%2Fv2%2Fcomments&post=6012"}],"version-history":[{"count":12,"href":"https:\/\/www.option-culture.com\/index.php?rest_route=\/wp\/v2\/posts\/6012\/revisions"}],"predecessor-version":[{"id":6052,"href":"https:\/\/www.option-culture.com\/index.php?rest_route=\/wp\/v2\/posts\/6012\/revisions\/6052"}],"wp:featuredmedia":[{"embeddable":true,"href":"https:\/\/www.option-culture.com\/index.php?rest_route=\/wp\/v2\/media\/6034"}],"wp:attachment":[{"href":"https:\/\/www.option-culture.com\/index.php?rest_route=%2Fwp%2Fv2%2Fmedia&parent=6012"}],"wp:term":[{"taxonomy":"category","embeddable":true,"href":"https:\/\/www.option-culture.com\/index.php?rest_route=%2Fwp%2Fv2%2Fcategories&post=6012"},{"taxonomy":"post_tag","embeddable":true,"href":"https:\/\/www.option-culture.com\/index.php?rest_route=%2Fwp%2Fv2%2Ftags&post=6012"}],"curies":[{"name":"wp","href":"https:\/\/api.w.org\/{rel}","templated":true}]}}