{"id":5908,"date":"2013-03-05T08:00:55","date_gmt":"2013-03-05T06:00:55","guid":{"rendered":"http:\/\/www.option-culture.com\/?p=5908"},"modified":"2013-03-13T12:52:40","modified_gmt":"2013-03-13T10:52:40","slug":"le-territoire-support-ou-enjeu-du-developpement","status":"publish","type":"post","link":"https:\/\/www.option-culture.com\/?p=5908","title":{"rendered":"Le territoire, support ou enjeu du d\u00e9veloppement ?"},"content":{"rendered":"<p>Voici la pr\u00e9sentation de la journ\u00e9e d&rsquo;\u00e9tude (15 mars 2013, campus Croix-Rouge, b\u00e2timent 13, universit\u00e9 de Reims) portant sur le sujet suivant : <strong><span style=\"color: #000080;\">Le territoire, support ou enjeu du d\u00e9veloppement ?<\/span><\/strong><\/p>\n<p>\u00ab\u00a0Partant du constat que les \u00e9lus ainsi que les experts territoriaux qui les accompagnent s&rsquo;appuient sur la notion de territoire pour construire leur politique de d\u00e9veloppement, l&rsquo;association CIDERAL, en collaboration avec le CRDT, propose aux \u00e9tudiants, enseignants-chercheurs, professionnels et grands publics de r\u00e9fl\u00e9chir aux diff\u00e9rentes dynamiques de d\u00e9veloppement d&rsquo;un territoire.<\/p>\n<p>L&rsquo;enjeu de cette journ\u00e9e sera donc de nous interroger sur la ou les d\u00e9finition(s) que rev\u00eat le terme \u00ab\u00a0territoire\u00a0\u00bb et le r\u00f4le qu&rsquo;on lui attribue dans le cadre d&rsquo;une politique de d\u00e9veloppement.<\/p>\n<p style=\"text-align: left;\"><a href=\"https:\/\/www.option-culture.com\/wp-content\/uploads\/2013\/03\/URCA.jpg\"><img loading=\"lazy\" decoding=\"async\" class=\" wp-image-5921 aligncenter\" alt=\"URCA\" src=\"https:\/\/www.option-culture.com\/wp-content\/uploads\/2013\/03\/URCA.jpg\" width=\"299\" height=\"183\" srcset=\"https:\/\/www.option-culture.com\/wp-content\/uploads\/2013\/03\/URCA.jpg 2887w, https:\/\/www.option-culture.com\/wp-content\/uploads\/2013\/03\/URCA-300x183.jpg 300w, https:\/\/www.option-culture.com\/wp-content\/uploads\/2013\/03\/URCA-1024x627.jpg 1024w, https:\/\/www.option-culture.com\/wp-content\/uploads\/2013\/03\/URCA-194x120.jpg 194w\" sizes=\"auto, (max-width: 299px) 100vw, 299px\" \/><\/a>Pour y r\u00e9pondre, nous aborderons quatre types d\u2019interventions importants \u00e0 l&rsquo;\u00e9chelle territoriale :<\/p>\n<ul>\n<li>le d\u00e9veloppement durable avec M. Fr\u00e9d\u00e9ric Sailly, Directeur de l&rsquo;Agence R\u00e9gionale de la Construction et de l&rsquo;Am\u00e9nagement Durables en Champagne-Ardenne<\/li>\n<li>l&rsquo;\u00e9conomie sociale et solidaire avec M. Djamel Didi, Directeur de la Chambre R\u00e9gionale de l\u2019\u00c9conomie Sociale de Champagne-Ardenne (CRES-CA)<\/li>\n<li>le tourisme culturel avec M. Jean-Michel Tobelem, Directeur de l&rsquo;Institut d&rsquo;\u00e9tude et de recherche d&rsquo;Option Culture<\/li>\n<li>le m\u00e9c\u00e9nat territorial avec Mme Laura Exposito Del Rio de la Mission M\u00e9c\u00e9nat de la Ville de Reims<\/li>\n<\/ul>\n<p>Chaque intervenant pr\u00e9sentera ses pratiques professionnelles et partagera avec les autres intervenants et le public sa r\u00e9flexion sur les notions de territoire et de d\u00e9veloppement.\u00a0\u00bb<\/p>\n<p><strong><span style=\"color: #000080;\">Programme<\/span><\/strong><\/p>\n<p>10h Ouverture par Charlotte Coudert Belarabi, pr\u00e9sidente de l&rsquo;association CIDERAL<\/p>\n<p>10 h 15 Intervention de M. Fr\u00e9d\u00e9ric Sailly sur le d\u00e9veloppement durable 3 piliers : environnement, \u00e9conomie, social<br \/>\nLe d\u00e9veloppement durable permet de repenser nos pratiques professionnelles et personnelles afin de garantir la qualit\u00e9 de vie des g\u00e9n\u00e9rations futures. Pour ce faire, elle conjugue protection de l&rsquo;environnement et d\u00e9veloppement \u00e9conomique et social. L&rsquo;ARCAD-CA, agence du Conseil R\u00e9gional de Champagne-Ardenne, conseille et accompagne les ma\u00eetres d&rsquo;ouvrage publics et priv\u00e9s, les ma\u00eetres d&rsquo;\u0153uvre, les architectes et les utilisateurs de b\u00e2timents et am\u00e9nagements dans l&rsquo;\u00e9laboration et la mise en \u0153uvre de projets durables. M. Sailly dressera un panorama des actions faites dans ce domaine sur le territoire de la Champagne-Ardenne.<br \/>\nSite Internet : www.arcad-ca.fr<\/p>\n<p>11 h Intervention de M. Djamel Didi sur l&rsquo;\u00c9conomie sociale et solidaire en r\u00e9gion Champagne-Ardenne<br \/>\nL&rsquo;\u00e9conomie sociale et solidaire s&rsquo;appuie sur la d\u00e9finition de l&rsquo;entreprise en tant que groupement d&rsquo;hommes et de femmes menant des actions \u00e9conomiques dans le cadre d&rsquo;un projet collectif dont le b\u00e9n\u00e9fice est r\u00e9inject\u00e9 dans l&rsquo;activit\u00e9 de ce m\u00eame groupe. Elle propose ainsi un autre mod\u00e8le \u00e9conomique fond\u00e9 sur des valeurs \u00e9thiques et donnant naissance \u00e0 un nouveau d\u00e9veloppement territorial. La CRES-CA a pour r\u00f4le de promouvoir cette pratique en r\u00e9gion Champagne-Ardenne, d&rsquo;observer et de f\u00e9d\u00e9rer toutes les initiatives dans ce domaine. Nous \u00e9voquerons avec Djamel Didi les apports de l&rsquo;EES dans l&rsquo;approche du territoire.<br \/>\nSite Internet : www.cresca.fr<\/p>\n<p>11 h 45 Synth\u00e8se de la matin\u00e9e et d\u00e9bat crois\u00e9 entre les participants<\/p>\n<p style=\"text-align: center;\"><a href=\"https:\/\/www.option-culture.com\/wp-content\/uploads\/2013\/03\/Cideral.jpg\"><img loading=\"lazy\" decoding=\"async\" class=\" wp-image-5923 aligncenter\" alt=\"Cideral\" src=\"https:\/\/www.option-culture.com\/wp-content\/uploads\/2013\/03\/Cideral.jpg\" width=\"461\" height=\"154\" srcset=\"https:\/\/www.option-culture.com\/wp-content\/uploads\/2013\/03\/Cideral.jpg 960w, https:\/\/www.option-culture.com\/wp-content\/uploads\/2013\/03\/Cideral-300x100.jpg 300w\" sizes=\"auto, (max-width: 461px) 100vw, 461px\" \/><\/a><\/p>\n<p>14 h Intervention de M. Jean-Michel Tobelem<br \/>\nNous constatons aujourd&rsquo;hui la volont\u00e9 des \u00e9lus de renforcer l&rsquo;attractivit\u00e9 de leur territoire, notamment dans le domaine de l&rsquo;action culturelle et de la valorisation du patrimoine local. Les pratiques professionnelles culturelles et touristiques tendent alors \u00e0 se rapprocher, voire se confondre afin de proposer une offre territoriale globale. Nous inviterons Jean-Michel Tobelem \u00e0 \u00e9voquer les liens qui se tissent entre ces deux domaines, les avantages pour le territoire, des exemples d\u2019exp\u00e9riences innovantes, mais aussi les limites que l&rsquo;on pourrait observer.<br \/>\nSite Internet : www.option-culture.com<\/p>\n<p>14 h 45 Intervention de Mme Exposito Del Rio<br \/>\nDepuis la loi Aillagon de 2003, le m\u00e9c\u00e9nat b\u00e9n\u00e9ficie d&rsquo;un essor sans pr\u00e9c\u00e9dent en France, notamment dans les domaines culturels, environnementaux et humanitaires. A l&rsquo;\u00e9chelon territorial, il constitue une nouvelle base de partenariat \u00e9conomique entre les collectivit\u00e9s et les entreprises, ce qui offre de nouvelles perspectives en mati\u00e8re de d\u00e9veloppement. A ce titre, la Ville de Reims a cr\u00e9\u00e9 une mission M\u00e9c\u00e9nat et Partenariat, ce qui fait d&rsquo;elle l&rsquo;une des premi\u00e8res collectivit\u00e9s locales \u00e0 proposer ce type d&rsquo;action. Laura Exposito Del Rio nous d\u00e9crira ses pratiques professionnelles et indiquera comment elle entend essaimer cette pratique sur le territoire et au-del\u00e0.<br \/>\nSite Internet : www.ville-reims.fr\/fr\/culture\/la-mission-mecenat\/index.html<\/p>\n<p>15 h 30 Synth\u00e8se de la matin\u00e9e et d\u00e9bat crois\u00e9 entre les participants<\/p>\n<p>16 h Cl\u00f4ture &#8211; Discours de cl\u00f4ture de Charlotte Belarabi-Coudert, pr\u00e9sidente de l&rsquo;association Cideral<\/p>\n<p>Site internet de CIDERAL : http:\/\/crdt.univ-reims.fr\/cideral\/<br \/>\nSite internet du CRDT (EA 3312 \u2013 GIS GRALE CNRS) : http:\/\/crdt.univ-reims.fr\/CRDT3\/<br \/>\nSite internet de l\u2019URCA : http:\/\/www.univ-reims.fr\/<br \/>\nR\u00e9servation recommand\u00e9e : association.cideral@gmail.com<\/p>\n","protected":false},"excerpt":{"rendered":"<p>Voici la pr\u00e9sentation de la journ\u00e9e d&rsquo;\u00e9tude (15 mars 2013, campus Croix-Rouge, b\u00e2timent 13, universit\u00e9 de Reims) portant sur le sujet suivant : Le territoire, support ou enjeu du d\u00e9veloppement ? \u00ab\u00a0Partant du constat que les \u00e9lus ainsi que les experts territoriaux qui les accompagnent s&rsquo;appuient sur la notion de territoire pour construire leur politique [&hellip;]<\/p>\n","protected":false},"author":2,"featured_media":5923,"comment_status":"open","ping_status":"open","sticky":false,"template":"","format":"standard","meta":{"footnotes":""},"categories":[17,12],"tags":[],"class_list":["post-5908","post","type-post","status-publish","format-standard","has-post-thumbnail","hentry","category-colloques","category-politique-culturelle"],"_links":{"self":[{"href":"https:\/\/www.option-culture.com\/index.php?rest_route=\/wp\/v2\/posts\/5908","targetHints":{"allow":["GET"]}}],"collection":[{"href":"https:\/\/www.option-culture.com\/index.php?rest_route=\/wp\/v2\/posts"}],"about":[{"href":"https:\/\/www.option-culture.com\/index.php?rest_route=\/wp\/v2\/types\/post"}],"author":[{"embeddable":true,"href":"https:\/\/www.option-culture.com\/index.php?rest_route=\/wp\/v2\/users\/2"}],"replies":[{"embeddable":true,"href":"https:\/\/www.option-culture.com\/index.php?rest_route=%2Fwp%2Fv2%2Fcomments&post=5908"}],"version-history":[{"count":17,"href":"https:\/\/www.option-culture.com\/index.php?rest_route=\/wp\/v2\/posts\/5908\/revisions"}],"predecessor-version":[{"id":5950,"href":"https:\/\/www.option-culture.com\/index.php?rest_route=\/wp\/v2\/posts\/5908\/revisions\/5950"}],"wp:featuredmedia":[{"embeddable":true,"href":"https:\/\/www.option-culture.com\/index.php?rest_route=\/wp\/v2\/media\/5923"}],"wp:attachment":[{"href":"https:\/\/www.option-culture.com\/index.php?rest_route=%2Fwp%2Fv2%2Fmedia&parent=5908"}],"wp:term":[{"taxonomy":"category","embeddable":true,"href":"https:\/\/www.option-culture.com\/index.php?rest_route=%2Fwp%2Fv2%2Fcategories&post=5908"},{"taxonomy":"post_tag","embeddable":true,"href":"https:\/\/www.option-culture.com\/index.php?rest_route=%2Fwp%2Fv2%2Ftags&post=5908"}],"curies":[{"name":"wp","href":"https:\/\/api.w.org\/{rel}","templated":true}]}}