{"id":5867,"date":"2013-02-08T08:00:29","date_gmt":"2013-02-08T06:00:29","guid":{"rendered":"http:\/\/www.option-culture.com\/?p=5867"},"modified":"2013-02-09T17:20:30","modified_gmt":"2013-02-09T15:20:30","slug":"le-succes-des-expositions-temporaires","status":"publish","type":"post","link":"https:\/\/www.option-culture.com\/?p=5867","title":{"rendered":"Le succ\u00e8s des expositions temporaires"},"content":{"rendered":"<p>Un entretien r\u00e9alis\u00e9 par la journaliste Juliette Mickiewicz permet d&rsquo;aborder plusieurs questions portant sur le ph\u00e9nom\u00e8ne des expositions temporaires dans les mus\u00e9es :<\/p>\n<ul>\n<li>Selon quels crit\u00e8res sont choisies les expositions ?<\/li>\n<li>Ce ph\u00e9nom\u00e8ne est-il un symbole de mercantilisation ?<\/li>\n<li>Quel est l&rsquo;impact sur les collections permanentes ?<\/li>\n<li>Peut-on parler de massification ?<\/li>\n<li>Assise-t-on \u00e0 un autre type d&rsquo;\u00e9conomie ?<\/li>\n<li>Existe-t-il paradoxalement un risque de d\u00e9clin ?<\/li>\n<li>Et les visites num\u00e9riques ? <a href=\"https:\/\/www.option-culture.com\/wp-content\/uploads\/2013\/02\/Expos.jpg\"><img loading=\"lazy\" decoding=\"async\" class=\"aligncenter\" alt=\"Expos\" src=\"https:\/\/www.option-culture.com\/wp-content\/uploads\/2013\/02\/Expos.jpg\" width=\"286\" height=\"286\" \/><\/a><\/li>\n<\/ul>\n<p>L&rsquo;entretien est \u00e0 lire \u00e0 l&rsquo;adresse suivante : <a href=\"http:\/\/www.atlantico.fr\/decryptage\/quelle-est-recette-expositions-qui-drainent-foules-jean-michel-tobelem-628740.html\">http:\/\/www.atlantico.fr\/decryptage\/quelle-est-recette-expositions-qui-drainent-foules-jean-michel-tobelem-628740.html<\/a><\/p>\n","protected":false},"excerpt":{"rendered":"<p>Un entretien r\u00e9alis\u00e9 par la journaliste Juliette Mickiewicz permet d&rsquo;aborder plusieurs questions portant sur le ph\u00e9nom\u00e8ne des expositions temporaires dans les mus\u00e9es : Selon quels crit\u00e8res sont choisies les expositions ? Ce ph\u00e9nom\u00e8ne est-il un symbole de mercantilisation ? Quel est l&rsquo;impact sur les collections permanentes ? Peut-on parler de massification ? Assise-t-on \u00e0 un [&hellip;]<\/p>\n","protected":false},"author":2,"featured_media":5870,"comment_status":"open","ping_status":"open","sticky":false,"template":"","format":"standard","meta":{"footnotes":""},"categories":[22,7,16,12,23],"tags":[],"class_list":["post-5867","post","type-post","status-publish","format-standard","has-post-thumbnail","hentry","category-communication","category-marketing","category-musees","category-politique-culturelle","category-publics"],"_links":{"self":[{"href":"https:\/\/www.option-culture.com\/index.php?rest_route=\/wp\/v2\/posts\/5867","targetHints":{"allow":["GET"]}}],"collection":[{"href":"https:\/\/www.option-culture.com\/index.php?rest_route=\/wp\/v2\/posts"}],"about":[{"href":"https:\/\/www.option-culture.com\/index.php?rest_route=\/wp\/v2\/types\/post"}],"author":[{"embeddable":true,"href":"https:\/\/www.option-culture.com\/index.php?rest_route=\/wp\/v2\/users\/2"}],"replies":[{"embeddable":true,"href":"https:\/\/www.option-culture.com\/index.php?rest_route=%2Fwp%2Fv2%2Fcomments&post=5867"}],"version-history":[{"count":7,"href":"https:\/\/www.option-culture.com\/index.php?rest_route=\/wp\/v2\/posts\/5867\/revisions"}],"predecessor-version":[{"id":5879,"href":"https:\/\/www.option-culture.com\/index.php?rest_route=\/wp\/v2\/posts\/5867\/revisions\/5879"}],"wp:featuredmedia":[{"embeddable":true,"href":"https:\/\/www.option-culture.com\/index.php?rest_route=\/wp\/v2\/media\/5870"}],"wp:attachment":[{"href":"https:\/\/www.option-culture.com\/index.php?rest_route=%2Fwp%2Fv2%2Fmedia&parent=5867"}],"wp:term":[{"taxonomy":"category","embeddable":true,"href":"https:\/\/www.option-culture.com\/index.php?rest_route=%2Fwp%2Fv2%2Fcategories&post=5867"},{"taxonomy":"post_tag","embeddable":true,"href":"https:\/\/www.option-culture.com\/index.php?rest_route=%2Fwp%2Fv2%2Ftags&post=5867"}],"curies":[{"name":"wp","href":"https:\/\/api.w.org\/{rel}","templated":true}]}}