{"id":58,"date":"2009-09-16T08:00:08","date_gmt":"2009-09-16T06:00:08","guid":{"rendered":"http:\/\/blog.option.culture.marrot.org\/?p=58"},"modified":"2009-09-16T08:00:08","modified_gmt":"2009-09-16T06:00:08","slug":"les-medias-en-parlent","status":"publish","type":"post","link":"https:\/\/www.option-culture.com\/?p=58","title":{"rendered":"Les m\u00e9dias en parlent"},"content":{"rendered":"<p><a href=\"http:\/\/blog.option.culture.marrot.org\/wp-content\/uploads\/2009\/09\/Prix-2.jpg\"><\/a><a href=\"http:\/\/blog.option.culture.marrot.org\/wp-content\/uploads\/2009\/09\/Prix.jpg\"><\/a><a href=\"http:\/\/blog.option.culture.marrot.org\/wp-content\/uploads\/2009\/09\/Prix-1.jpg\"><\/a><a href=\"http:\/\/blog.option.culture.marrot.org\/wp-content\/uploads\/2009\/09\/Prix.jpeg\"><\/a><a href=\"http:\/\/blog.option.culture.marrot.org\/wp-content\/uploads\/2009\/09\/Prix1.jpeg\"><\/a><a href=\"http:\/\/blog.option.culture.marrot.org\/wp-content\/uploads\/2009\/09\/Tarifs.JPG\"><\/a>Contrairement \u00e0 ce qu&rsquo;on aurait pu penser, les m\u00e9dias \u00e9crits et audiovisuels continuent \u00e0 s&rsquo;int\u00e9resser \u00e0 la question de la gratuit\u00e9 dans les mus\u00e9es et les monuments !<\/p>\n<p>Pour notre part, nous avons eu l&rsquo;occasion d&rsquo;en parler \u00e0 plusieurs reprises (en dernier lieu lundi 24 ao\u00fbt)\u00a0\u00e0 <em>France Inter<\/em>, <em>France Infos<\/em> et <em>France Culture<\/em> (voir la rubrique <em>Actualit\u00e9s<\/em> du site d&rsquo;Option Culture : <a href=\"http:\/\/option.culture.free.fr\">http:\/\/option.culture.free.fr<\/a>), ainsi que dans la presse.<\/p>\n<p style=\"text-align: center;\"><img loading=\"lazy\" decoding=\"async\" class=\"aligncenter\" title=\"Tarifs\" src=\"http:\/\/blog.option.culture.marrot.org\/wp-content\/uploads\/2009\/09\/Tarifs-150x150.jpg\" alt=\"Tarifs\" width=\"150\" height=\"150\" \/><\/p>\n<p>Cela aura eu plusieurs cons\u00e9quences.<\/p>\n<p>D&rsquo;une part, nombre d&rsquo;arguments utilis\u00e9s par les adversaires de la gratuit\u00e9 n&rsquo;apparaissent tout simplement plus valides.<\/p>\n<p>D&rsquo;autre part, en d\u00e9pit des d\u00e9clarations du minist\u00e8re de la Culture, les r\u00e9sultats de l&rsquo;exp\u00e9rimentation de la gratuit\u00e9 dans les mus\u00e9es et les monuments sont ceux que nous avons d\u00e9crits depuis plusieurs ann\u00e9es (voir notre communiqu\u00e9 de presse sur ce sujet :<\/p>\n<p><a href=\"http:\/\/www.herodote.net\/agenda\/actu_gratuite_musees_Tobelem.pdf\">http:\/\/www.herodote.net\/agenda\/actu_gratuite_musees_Tobelem.pdf<\/a>).<\/p>\n<p>La mesure de\u00a0gratuit\u00e9 (aux conditions pr\u00e9cis\u00e9es par ailleurs) permet d&rsquo;accueillir davantage de visiteurs,\u00a0pr\u00e9sentant de surcro\u00eet un profil plus diversifi\u00e9 !<\/p>\n<p>L&rsquo;ouvrage <span style=\"color: #333399;\">La culture mise \u00e0 prix, la tarification dans les sites culturels <\/span>propose une analyse large et nuanc\u00e9e, avec des contributions fran\u00e7aises et \u00e9trang\u00e8res de chercheurs et de professionnels,\u00a0de la question du prix d&rsquo;acc\u00e8s aux institutions culturelles.<\/p>\n<p style=\"text-align: center;\"><img loading=\"lazy\" decoding=\"async\" title=\"Prix 2\" src=\"http:\/\/blog.option.culture.marrot.org\/wp-content\/uploads\/2009\/09\/Prix-2.jpeg\" alt=\"Prix 2\" width=\"240\" height=\"240\" \/>\u00a0<\/p>\n<p>Partagez-vous cette analyse ?<\/p>\n","protected":false},"excerpt":{"rendered":"<p>Contrairement \u00e0 ce qu&rsquo;on aurait pu penser, les m\u00e9dias \u00e9crits et audiovisuels continuent \u00e0 s&rsquo;int\u00e9resser \u00e0 la question de la gratuit\u00e9 dans les mus\u00e9es et les monuments ! Pour notre part, nous avons eu l&rsquo;occasion d&rsquo;en parler \u00e0 plusieurs reprises (en dernier lieu lundi 24 ao\u00fbt)\u00a0\u00e0 France Inter, France Infos et France Culture (voir la [&hellip;]<\/p>\n","protected":false},"author":2,"featured_media":0,"comment_status":"open","ping_status":"open","sticky":false,"template":"","format":"standard","meta":{"footnotes":""},"categories":[22,12,8,14],"tags":[],"class_list":["post-58","post","type-post","status-publish","format-standard","hentry","category-communication","category-politique-culturelle","category-publications","category-tarification-gratuite"],"_links":{"self":[{"href":"https:\/\/www.option-culture.com\/index.php?rest_route=\/wp\/v2\/posts\/58","targetHints":{"allow":["GET"]}}],"collection":[{"href":"https:\/\/www.option-culture.com\/index.php?rest_route=\/wp\/v2\/posts"}],"about":[{"href":"https:\/\/www.option-culture.com\/index.php?rest_route=\/wp\/v2\/types\/post"}],"author":[{"embeddable":true,"href":"https:\/\/www.option-culture.com\/index.php?rest_route=\/wp\/v2\/users\/2"}],"replies":[{"embeddable":true,"href":"https:\/\/www.option-culture.com\/index.php?rest_route=%2Fwp%2Fv2%2Fcomments&post=58"}],"version-history":[{"count":0,"href":"https:\/\/www.option-culture.com\/index.php?rest_route=\/wp\/v2\/posts\/58\/revisions"}],"wp:attachment":[{"href":"https:\/\/www.option-culture.com\/index.php?rest_route=%2Fwp%2Fv2%2Fmedia&parent=58"}],"wp:term":[{"taxonomy":"category","embeddable":true,"href":"https:\/\/www.option-culture.com\/index.php?rest_route=%2Fwp%2Fv2%2Fcategories&post=58"},{"taxonomy":"post_tag","embeddable":true,"href":"https:\/\/www.option-culture.com\/index.php?rest_route=%2Fwp%2Fv2%2Ftags&post=58"}],"curies":[{"name":"wp","href":"https:\/\/api.w.org\/{rel}","templated":true}]}}