{"id":5757,"date":"2013-02-20T08:00:35","date_gmt":"2013-02-20T06:00:35","guid":{"rendered":"http:\/\/www.option-culture.com\/?p=5757"},"modified":"2013-02-20T09:43:43","modified_gmt":"2013-02-20T07:43:43","slug":"litalie-un-destin-europeen","status":"publish","type":"post","link":"https:\/\/www.option-culture.com\/?p=5757","title":{"rendered":"L&rsquo;Italie, un destin europ\u00e9en"},"content":{"rendered":"<p style=\"text-align: justify;\">La revue <strong><span style=\"color: #000080;\">Questions internationales<\/span><\/strong> (<a href=\"http:\/\/www.ladocumentationfrancaise.fr\/ouvrages\/3303331600596-l-italie\">http:\/\/www.ladocumentationfrancaise.fr\/ouvrages\/3303331600596-l-italie<\/a>) consacre son num\u00e9ro 59 (janvier-f\u00e9vrier 2013) \u00e0 l&rsquo;Italie.<\/p>\n<p style=\"text-align: justify;\">Nous avons collabor\u00e9 \u00e0 ce dossier en nous int\u00e9ressant aux questions culturelles.<\/p>\n<p style=\"text-align: justify;\">Voici le <span style=\"color: #000080;\"><strong>sommaire<\/strong> <\/span>de cette publication :<\/p>\n<ul>\n<li>Ouverture \u2013 Des rayons et des ombres <em>(Serge Sur)<\/em><\/li>\n<li>La longue marche de la d\u00e9mocratie italienne\u00a0 <em>(Marie-Anne Matard Bonucci)<\/em><\/li>\n<li>La soci\u00e9t\u00e9 de Janus : l\u2019Italie \u00e0 l\u2019\u00e9preuve de la modernit\u00e9\u00a0<em> (St\u00e9phane Mourlane)<\/em><\/li>\n<li>\u00ab Crise permanente \u00bb ? La difficile institutionnalisation de la IIe R\u00e9publique <em>(Herv\u00e9 Rayner)<\/em><\/li>\n<li>Du miracle \u00e9conomique \u00e0 la stagnation <em>(C\u00e9line Antonin)<\/em><\/li>\n<li>La soci\u00e9t\u00e9 de Janus : l\u2019Italie \u00e0 l\u2019\u00e9preuve de la modernit\u00e9 <em>(St\u00e9phane Mourlane)<\/em><\/li>\n<li>Le r\u00e9gionalisme en Italie : du d\u00e9passement au retour inachev\u00e9 <em>(Christophe Roux)<\/em><\/li>\n<li>La construction europ\u00e9enne : le guide et le b\u00e2ton <em>(Dominique Rivi\u00e8re)<\/em><\/li>\n<li>Une politique ext\u00e9rieure entre Europe et M\u00e9diterran\u00e9e\u00a0 <em>(Jean-Pierre Darnis)<\/em><\/li>\n<\/ul>\n<p style=\"text-align: justify;\"><a href=\"https:\/\/www.option-culture.com\/wp-content\/uploads\/2013\/01\/Italie-QI.jpg\"><img loading=\"lazy\" decoding=\"async\" class=\"aligncenter\" title=\"Italie QI\" alt=\"\" src=\"https:\/\/www.option-culture.com\/wp-content\/uploads\/2013\/01\/Italie-QI.jpg\" width=\"332\" height=\"442\" \/><\/a><strong>Les encadr\u00e9s du dossier<\/strong><\/p>\n<ul>\n<li>L\u2019Italie : \u00e9l\u00e9ments chronologiques <em>(Questions internationales)<\/em><\/li>\n<li>L\u2019Italie et la M\u00e9diterran\u00e9e <em>(Roberto Aliboni)<\/em><\/li>\n<li>L\u2019Italie et la France <em>(Oliver Forlin)<\/em><\/li>\n<li>Le Vatican<em> (Marie Levant)<\/em><\/li>\n<li>L\u2019immigration <em>(Camille Schmoll)<\/em><\/li>\n<li>Les diasporas italiennes <em>(Antonio Bechelloni)<\/em><\/li>\n<li>Mafia, collusions et client\u00e9lisme (<em>Charlotte Moge)<\/em><\/li>\n<li>Le cin\u00e9ma italien <em>(Jean Gili)<\/em><\/li>\n<li>Patrimoine et politique culturels en Italie <em>(Jean-Michel Tobelem)<\/em><\/li>\n<\/ul>\n<p><strong>R\u00e9f. :<\/strong> 3303331600596.<\/p>\n<p><strong><span style=\"color: #000080;\">A lire<\/span><\/strong> : <a href=\"http:\/\/clio-cr.clionautes.org\/spip.php?article4400\">http:\/\/clio-cr.clionautes.org\/spip.php?article4400<\/a><\/p>\n","protected":false},"excerpt":{"rendered":"<p>La revue Questions internationales (http:\/\/www.ladocumentationfrancaise.fr\/ouvrages\/3303331600596-l-italie) consacre son num\u00e9ro 59 (janvier-f\u00e9vrier 2013) \u00e0 l&rsquo;Italie. Nous avons collabor\u00e9 \u00e0 ce dossier en nous int\u00e9ressant aux questions culturelles. Voici le sommaire de cette publication : Ouverture \u2013 Des rayons et des ombres (Serge Sur) La longue marche de la d\u00e9mocratie italienne\u00a0 (Marie-Anne Matard Bonucci) La soci\u00e9t\u00e9 de Janus [&hellip;]<\/p>\n","protected":false},"author":2,"featured_media":5761,"comment_status":"open","ping_status":"open","sticky":false,"template":"","format":"standard","meta":{"footnotes":""},"categories":[13,12,8,20],"tags":[],"class_list":["post-5757","post","type-post","status-publish","format-standard","has-post-thumbnail","hentry","category-patrimoine","category-politique-culturelle","category-publications","category-tourisme"],"_links":{"self":[{"href":"https:\/\/www.option-culture.com\/index.php?rest_route=\/wp\/v2\/posts\/5757","targetHints":{"allow":["GET"]}}],"collection":[{"href":"https:\/\/www.option-culture.com\/index.php?rest_route=\/wp\/v2\/posts"}],"about":[{"href":"https:\/\/www.option-culture.com\/index.php?rest_route=\/wp\/v2\/types\/post"}],"author":[{"embeddable":true,"href":"https:\/\/www.option-culture.com\/index.php?rest_route=\/wp\/v2\/users\/2"}],"replies":[{"embeddable":true,"href":"https:\/\/www.option-culture.com\/index.php?rest_route=%2Fwp%2Fv2%2Fcomments&post=5757"}],"version-history":[{"count":15,"href":"https:\/\/www.option-culture.com\/index.php?rest_route=\/wp\/v2\/posts\/5757\/revisions"}],"predecessor-version":[{"id":5895,"href":"https:\/\/www.option-culture.com\/index.php?rest_route=\/wp\/v2\/posts\/5757\/revisions\/5895"}],"wp:featuredmedia":[{"embeddable":true,"href":"https:\/\/www.option-culture.com\/index.php?rest_route=\/wp\/v2\/media\/5761"}],"wp:attachment":[{"href":"https:\/\/www.option-culture.com\/index.php?rest_route=%2Fwp%2Fv2%2Fmedia&parent=5757"}],"wp:term":[{"taxonomy":"category","embeddable":true,"href":"https:\/\/www.option-culture.com\/index.php?rest_route=%2Fwp%2Fv2%2Fcategories&post=5757"},{"taxonomy":"post_tag","embeddable":true,"href":"https:\/\/www.option-culture.com\/index.php?rest_route=%2Fwp%2Fv2%2Ftags&post=5757"}],"curies":[{"name":"wp","href":"https:\/\/api.w.org\/{rel}","templated":true}]}}