{"id":5738,"date":"2013-02-25T08:00:25","date_gmt":"2013-02-25T06:00:25","guid":{"rendered":"http:\/\/www.option-culture.com\/?p=5738"},"modified":"2013-02-21T12:11:34","modified_gmt":"2013-02-21T10:11:34","slug":"financement-de-la-culture-qui-rattrape-qui","status":"publish","type":"post","link":"https:\/\/www.option-culture.com\/?p=5738","title":{"rendered":"Financement de la culture : qui \u00ab\u00a0rattrape\u00a0\u00bb qui ?"},"content":{"rendered":"<p>Dans un entretien paru dans <em>Newstank <\/em>(article n\u00b0 2815 du 8 janvier 2013), l&rsquo;inspecteur des finances Jean-Paul Cluzel, pr\u00e9sident de la RMN-Grand Palais, d\u00e9clare :<\/p>\n<p>\u00ab\u00a0La r\u00e9flexion sur la place du minist\u00e8re de la Culture dans la culture fran\u00e7aise est tr\u00e8s diff\u00e9rente aujourd\u2019hui, o\u00f9 les interventions de l\u2019\u00c9tat doivent repr\u00e9senter 20 % des d\u00e9penses totales de la culture en France, qu\u2019\u00e0 l\u2019\u00e9poque de Jack Lang o\u00f9 elles devaient \u00eatre de l\u2019ordre de 50 % ou plus. \u00a0\u00bb<\/p>\n<p>Apr\u00e8s cette d\u00e9claration aussi mal inform\u00e9e que tant d&rsquo;autres, nous nous permettons de reproduire &#8211; avec son autorisation &#8211; l&rsquo;intervention de l&rsquo;universitaire <strong><span style=\"color: #000080;\">Fabrice Thuriot<\/span> <\/strong>devant l&rsquo;Assembl\u00e9e nationale le 29 septembre 2009, qui vient heureusement r\u00e9tablir la v\u00e9rit\u00e9 des chiffres !<\/p>\n<p>\u00ab\u00a0Il est d\u00e9sormais admis que les collectivit\u00e9s locales d\u00e9pensent plus que l\u2019\u00c9tat en mati\u00e8re culturelle, en particulier pour le spectacle vivant (2\/3 \u00e0 3\/4 selon les sources), l\u2019\u00e9ducation artistique et l\u2019action culturelle.<\/p>\n<p>Or, cette vision v\u00e9hicul\u00e9e par le minist\u00e8re de la Culture lui-m\u00eame cache une r\u00e9alit\u00e9 pourtant d\u00e9crite par les chiffres m\u00eames du minist\u00e8re.<\/p>\n<p>En effet, les collectivit\u00e9s ont toujours d\u00e9pens\u00e9 plus que l\u2019\u00c9tat en mati\u00e8re culturelle puisqu\u2019elles ont en charge la plupart des \u00e9quipements.<\/p>\n<p>Ainsi, <span style=\"color: #000080;\">avant le doublement du budget du minist\u00e8re en 1982 puis le renforcement des cr\u00e9dits des autres minist\u00e8res depuis les ann\u00e9es 1990, la part de l\u2019\u00c9tat<\/span> (tous minist\u00e8res confondus) <span style=\"color: #000080;\">\u00e9tait de 38,7 % en 1981 contre 61,3 % pour les collectivit\u00e9s alors que le rapport est de pr\u00e8s de 50-50 depuis le d\u00e9but des ann\u00e9es 1990<\/span> (cf. donn\u00e9es 1993 du DEP) sans les comptes sp\u00e9ciaux.<\/p>\n<p><strong><span style=\"color: #000080;\">C&rsquo;est donc bien l&rsquo;\u00c9tat qui a rejoint les collectivit\u00e9s et non l\u2019inverse.<\/span> <\/strong><\/p>\n<p><a href=\"https:\/\/www.option-culture.com\/wp-content\/uploads\/2013\/02\/AN.jpg\"><img loading=\"lazy\" decoding=\"async\" alt=\"AN\" src=\"https:\/\/www.option-culture.com\/wp-content\/uploads\/2013\/02\/AN.jpg\" width=\"780\" height=\"105\" \/><\/a><\/p>\n<p>Le d\u00e9sengagement de l\u2019\u00c9tat constat\u00e9 et critiqu\u00e9 par tous est donc relatif et en trompe-l\u2019oeil.<\/p>\n<p>S\u2019il est devenu r\u00e9el pour quasiment tous les op\u00e9rateurs, publics et priv\u00e9s depuis 2006, il est d\u2019une part plus ou moins important et a, d\u2019autre part, d\u00e8s le d\u00e9but des ann\u00e9es 2000, touch\u00e9 les acteurs culturels non labellis\u00e9s tels que les petits festivals ou les centres culturels et socio-culturels des petites villes ou en milieu rural ; l\u00e0 o\u00f9 l\u2019\u00e9ducation artistique et l\u2019action culturelle sont peut-\u00eatre les plus m\u00eal\u00e9es \u00e0 la diffusion et \u00e0 la cr\u00e9ation du fait de leur proximit\u00e9, m\u00eame si celles-ci peuvent \u00eatre aussi ou bien souvent amateurs.\u00a0\u00bb<\/p>\n<p>Source : <a href=\"http:\/\/crdt.univ-reims.fr\/CRDT3\/files\/Intervention%20AN%20290909%20revue%202.pdf\" target=\"_blank\">http:\/\/crdt.univ-reims.fr\/CRDT3\/files\/Intervention%20AN%20290909%20revue%202.pdf<\/a><\/p>\n<p><span style=\"color: #000080;\"><strong>Fabrice Thuriot<\/strong><\/span>, docteur en droit public, habilit\u00e9 \u00e0 diriger des recherches, ing\u00e9nieur d\u2019\u00e9tudes au Centre de recherche sur la d\u00e9centralisation territoriale (CRDT EA 3312 GIS GRALE CNRS), Facult\u00e9 de Droit et de Science Politique, Universit\u00e9 de Reims Champagne-Ardenne sur les cr\u00e9dits du programme 224 \u00ab Transmission des savoirs et d\u00e9mocratisation de la culture \u00bb de la mission \u00ab Culture \u00bb du projet de loi de finances pour 2010 le mardi 29 septembre 2009 de 15h \u00e0 15h45 au 8e bureau devant M. Marcel Rogemont, rapporteur pour avis de la Commission des affaires culturelles et de l\u2019\u00e9ducation de l\u2019Assembl\u00e9e nationale (<a href=\"http:\/\/www.assemblee-nationale.fr\/13\/budget\/plf2010\/a1968-tii.asp\">http:\/\/www.assemblee-nationale.fr\/13\/budget\/plf2010\/a1968-tii.asp<\/a>).<\/p>\n","protected":false},"excerpt":{"rendered":"<p>Dans un entretien paru dans Newstank (article n\u00b0 2815 du 8 janvier 2013), l&rsquo;inspecteur des finances Jean-Paul Cluzel, pr\u00e9sident de la RMN-Grand Palais, d\u00e9clare : \u00ab\u00a0La r\u00e9flexion sur la place du minist\u00e8re de la Culture dans la culture fran\u00e7aise est tr\u00e8s diff\u00e9rente aujourd\u2019hui, o\u00f9 les interventions de l\u2019\u00c9tat doivent repr\u00e9senter 20 % des d\u00e9penses totales [&hellip;]<\/p>\n","protected":false},"author":2,"featured_media":5884,"comment_status":"open","ping_status":"open","sticky":false,"template":"","format":"standard","meta":{"footnotes":""},"categories":[21,12,23],"tags":[],"class_list":["post-5738","post","type-post","status-publish","format-standard","has-post-thumbnail","hentry","category-financement","category-politique-culturelle","category-publics"],"_links":{"self":[{"href":"https:\/\/www.option-culture.com\/index.php?rest_route=\/wp\/v2\/posts\/5738","targetHints":{"allow":["GET"]}}],"collection":[{"href":"https:\/\/www.option-culture.com\/index.php?rest_route=\/wp\/v2\/posts"}],"about":[{"href":"https:\/\/www.option-culture.com\/index.php?rest_route=\/wp\/v2\/types\/post"}],"author":[{"embeddable":true,"href":"https:\/\/www.option-culture.com\/index.php?rest_route=\/wp\/v2\/users\/2"}],"replies":[{"embeddable":true,"href":"https:\/\/www.option-culture.com\/index.php?rest_route=%2Fwp%2Fv2%2Fcomments&post=5738"}],"version-history":[{"count":17,"href":"https:\/\/www.option-culture.com\/index.php?rest_route=\/wp\/v2\/posts\/5738\/revisions"}],"predecessor-version":[{"id":5898,"href":"https:\/\/www.option-culture.com\/index.php?rest_route=\/wp\/v2\/posts\/5738\/revisions\/5898"}],"wp:featuredmedia":[{"embeddable":true,"href":"https:\/\/www.option-culture.com\/index.php?rest_route=\/wp\/v2\/media\/5884"}],"wp:attachment":[{"href":"https:\/\/www.option-culture.com\/index.php?rest_route=%2Fwp%2Fv2%2Fmedia&parent=5738"}],"wp:term":[{"taxonomy":"category","embeddable":true,"href":"https:\/\/www.option-culture.com\/index.php?rest_route=%2Fwp%2Fv2%2Fcategories&post=5738"},{"taxonomy":"post_tag","embeddable":true,"href":"https:\/\/www.option-culture.com\/index.php?rest_route=%2Fwp%2Fv2%2Ftags&post=5738"}],"curies":[{"name":"wp","href":"https:\/\/api.w.org\/{rel}","templated":true}]}}