{"id":5678,"date":"2013-01-05T08:00:13","date_gmt":"2013-01-05T06:00:13","guid":{"rendered":"http:\/\/www.option-culture.com\/?p=5678"},"modified":"2012-12-24T19:26:03","modified_gmt":"2012-12-24T17:26:03","slug":"le-musee-et-les-publics","status":"publish","type":"post","link":"https:\/\/www.option-culture.com\/?p=5678","title":{"rendered":"Le mus\u00e9e et les publics"},"content":{"rendered":"<p>Vient de para\u00eetre, \u00e0 la suite du 8\u00e8me colloque Ic\u00f4ne-Image (<a href=\"https:\/\/www.option-culture.com\/?p=3802\">https:\/\/www.option-culture.com\/?p=3802<\/a>), l&rsquo;ouvrage <em>Le mus\u00e9e et les publics<\/em>.<\/p>\n<p>En voici la <strong><span style=\"color: #003366;\">pr\u00e9sentation<\/span><\/strong>.<\/p>\n<p>\u00ab\u00a0Le huiti\u00e8me colloque Ic\u00f4ne-Image cl\u00f4ture le cycle des trois colloques consacr\u00e9s aux mus\u00e9es avec, en 2011 \u00ab\u00a0Le mus\u00e9e et les publics\u00a0\u00bb.<\/p>\n<p>On aurait pu dire ses publics, tant ils sont divers par leurs milieux et leurs motivations. Jamais les visiteurs n\u2019ont \u00e9t\u00e9 aussi nombreux \u00e0 pousser les portes des mus\u00e9es. Jamais les grandes expositions n\u2019ont accueilli autant d\u2019admirateurs. Et cependant, une couche importante de la population est rest\u00e9e \u00e0 l&rsquo;ext\u00e9rieur. Ici et l\u00e0, \u00e9quipes et budgets sont fragilis\u00e9s, comme si les mus\u00e9es n\u2019\u00e9taient plus une priorit\u00e9.<\/p>\n<p>Comment conqu\u00e9rir alors un public plus large encore ? Sujet vaste et passionnant. Une douzaine de sp\u00e9cialistes et d\u2019acteurs sur le terrain discutent, preuves \u00e0 l\u2019appui, pendant deux jours. Le colloque se termine par un d\u00e9bat sur le Livre blanc des mus\u00e9es, fruit d\u2019un travail de trois ans de l\u2019Association g\u00e9n\u00e9rale des conservateurs.<\/p>\n<p>En somme, un colloque sur la place en 2011 de la culture dans nos vies et dans la cit\u00e9.\u00a0\u00bb<\/p>\n<p style=\"text-align: justify;\"><a href=\"https:\/\/www.option-culture.com\/wp-content\/uploads\/2012\/12\/Sens.jpg\"><img loading=\"lazy\" decoding=\"async\" class=\" wp-image-5689 aligncenter\" title=\"Sens\" src=\"https:\/\/www.option-culture.com\/wp-content\/uploads\/2012\/12\/Sens.jpg\" alt=\"\" width=\"320\" height=\"431\" srcset=\"https:\/\/www.option-culture.com\/wp-content\/uploads\/2012\/12\/Sens.jpg 400w, https:\/\/www.option-culture.com\/wp-content\/uploads\/2012\/12\/Sens-222x300.jpg 222w\" sizes=\"auto, (max-width: 320px) 100vw, 320px\" \/><\/a>Le <strong><span style=\"color: #003366;\">sommaire<\/span> <\/strong>de l&rsquo;ouvrage est le suivant.<\/p>\n<p>En guise d\u2019ouverture, <em>Micheline Durand<\/em><\/p>\n<p><strong>Le mus\u00e9e dans la cit\u00e9 <\/strong><\/p>\n<ul>\n<li>Regard prospectif sur les mus\u00e9es d\u2019hier, <em>Baptiste-Marrey<\/em><\/li>\n<li>Le mus\u00e9e, agent d\u2019innovation culturelle, <em>Bernard Gilman<\/em><\/li>\n<li>Le Centre Pompidou-Metz\u00a0: les nouveaux publics d\u2019un mus\u00e9e, <em>Aur\u00e9lie Dablanc<\/em><\/li>\n<li>Georges Guggenheim ou Pompidou \u00e0 Metz, <em>Charles Le Pailleur<\/em><\/li>\n<li>Les mus\u00e9es \u00e0 la conqu\u00eate de leurs publics,<em> Fr\u00e9d\u00e9ric Poulard<\/em><\/li>\n<li>Les mus\u00e9es et les municipalit\u00e9s, <em>Didier Rykner<\/em><\/li>\n<li>Le Mac\/Val de Vitry-sur-Seine. Entre ancrage territorial et rayonnement m\u00e9tropolitain, <em>Anne Hertzog<\/em><\/li>\n<li>L\u2019enjeu de la gratuit\u00e9 dans les sites culturels, <em>Jean-Michel Tobelem<\/em><\/li>\n<li>Retour d\u2019exp\u00e9rience\u00a0: \u00ab\u00a0Folies d\u2019amour\u00a0\u00bb ou comment l\u2019art permet d\u2019exprimer les sentiments, <em>A. C. Delatte, \u00c9. Falk et J. Rousset<\/em><\/li>\n<li>Le service \u00e9ducatif des mus\u00e9es de Sens et son r\u00f4le aupr\u00e8s du public scolaire, <em>Bernard Pernuit<\/em><\/li>\n<\/ul>\n<p><strong>Exp\u00e9riences de terrain<\/strong><\/p>\n<ul>\n<li>Mus\u00e9es des sciences ou champ mus\u00e9al des sciences\u00a0? Quelques rep\u00e8res hexagonaux, <em>Louis-Jean Gachet<\/em><\/li>\n<li>Exposer le design \u00e0 la Cit\u00e9 du design, <em>Sylvie Sauvignet<\/em><\/li>\n<li>Entre vulgarisation scientifique et m\u00e9diation\u00a0: l\u2019exp\u00e9rience de Bibracte, <em>Vincent Guichard<\/em><\/li>\n<li>Le ch\u00e2teau de Rivoli, mus\u00e9e d\u2019art contemporain, <em>Anna Pironti<\/em><\/li>\n<li>L\u2019association D\u00c9CIDER \u00e0 Grigny, <em>Martine Vincent<\/em><\/li>\n<li>Le principe de dignit\u00e9 ou regards d\u2019un amateur sur les mus\u00e9es, <em>Baptiste-Marrey<\/em><\/li>\n<li>Le livre blanc des mus\u00e9es, <em>Micheline Durand<\/em><\/li>\n<\/ul>\n<p>\u00c9dition Obsidiane &#8211; Les Trois P. Diffusion Les Belles Lettres.<\/p>\n<p>ISBN : 9782916447506.<\/p>\n","protected":false},"excerpt":{"rendered":"<p>Vient de para\u00eetre, \u00e0 la suite du 8\u00e8me colloque Ic\u00f4ne-Image (https:\/\/www.option-culture.com\/?p=3802), l&rsquo;ouvrage Le mus\u00e9e et les publics. En voici la pr\u00e9sentation. \u00ab\u00a0Le huiti\u00e8me colloque Ic\u00f4ne-Image cl\u00f4ture le cycle des trois colloques consacr\u00e9s aux mus\u00e9es avec, en 2011 \u00ab\u00a0Le mus\u00e9e et les publics\u00a0\u00bb. On aurait pu dire ses publics, tant ils sont divers par leurs milieux [&hellip;]<\/p>\n","protected":false},"author":2,"featured_media":5689,"comment_status":"open","ping_status":"open","sticky":false,"template":"","format":"standard","meta":{"footnotes":""},"categories":[16,13,12,8,23],"tags":[],"class_list":["post-5678","post","type-post","status-publish","format-standard","has-post-thumbnail","hentry","category-musees","category-patrimoine","category-politique-culturelle","category-publications","category-publics"],"_links":{"self":[{"href":"https:\/\/www.option-culture.com\/index.php?rest_route=\/wp\/v2\/posts\/5678","targetHints":{"allow":["GET"]}}],"collection":[{"href":"https:\/\/www.option-culture.com\/index.php?rest_route=\/wp\/v2\/posts"}],"about":[{"href":"https:\/\/www.option-culture.com\/index.php?rest_route=\/wp\/v2\/types\/post"}],"author":[{"embeddable":true,"href":"https:\/\/www.option-culture.com\/index.php?rest_route=\/wp\/v2\/users\/2"}],"replies":[{"embeddable":true,"href":"https:\/\/www.option-culture.com\/index.php?rest_route=%2Fwp%2Fv2%2Fcomments&post=5678"}],"version-history":[{"count":16,"href":"https:\/\/www.option-culture.com\/index.php?rest_route=\/wp\/v2\/posts\/5678\/revisions"}],"predecessor-version":[{"id":5702,"href":"https:\/\/www.option-culture.com\/index.php?rest_route=\/wp\/v2\/posts\/5678\/revisions\/5702"}],"wp:featuredmedia":[{"embeddable":true,"href":"https:\/\/www.option-culture.com\/index.php?rest_route=\/wp\/v2\/media\/5689"}],"wp:attachment":[{"href":"https:\/\/www.option-culture.com\/index.php?rest_route=%2Fwp%2Fv2%2Fmedia&parent=5678"}],"wp:term":[{"taxonomy":"category","embeddable":true,"href":"https:\/\/www.option-culture.com\/index.php?rest_route=%2Fwp%2Fv2%2Fcategories&post=5678"},{"taxonomy":"post_tag","embeddable":true,"href":"https:\/\/www.option-culture.com\/index.php?rest_route=%2Fwp%2Fv2%2Ftags&post=5678"}],"curies":[{"name":"wp","href":"https:\/\/api.w.org\/{rel}","templated":true}]}}