{"id":5657,"date":"2012-12-15T08:00:23","date_gmt":"2012-12-15T06:00:23","guid":{"rendered":"http:\/\/www.option-culture.com\/?p=5657"},"modified":"2012-12-24T17:55:12","modified_gmt":"2012-12-24T15:55:12","slug":"musees-en-mutation-un-espace-public-a-revisiter","status":"publish","type":"post","link":"https:\/\/www.option-culture.com\/?p=5657","title":{"rendered":"Mus\u00e9es en mutation. Un espace public \u00e0 revisiter"},"content":{"rendered":"<p>Voici la <span style=\"color: #003366;\"><strong>pr\u00e9sentation <\/strong><\/span>de l&rsquo;ouvrage publi\u00e9 sous la direction de Martine Regourd : Mus\u00e9es en mutation. Un espace public \u00e0 revisiter (<a href=\"http:\/\/www.editions-harmattan.fr\/index.asp?navig=catalogue&amp;obj=livre&amp;no=38767\">http:\/\/www.editions-harmattan.fr\/index.asp?navig=catalogue&amp;obj=livre&amp;no=38767<\/a>).<\/p>\n<p>\u00ab\u00a0Les mus\u00e9es sont confront\u00e9s aujourd\u2019hui \u00e0 des interrogations, parfois \u00e0 des mutations majeures concernant leur mode de gestion, leurs statuts, leur insertion territoriale, leur relation au public, leurs dispositifs de m\u00e9diation et de valorisation.<\/p>\n<p>Cet ouvrage se propose d\u2019analyser ces \u00e9volutions dans leurs dimensions institutionnelles, territoriales, historiques et communicationnelles, afin de mettre en lumi\u00e8re combien elles concernent le devenir m\u00eame des institutions mus\u00e9ales tant au niveau national qu\u2019international.<\/p>\n<p>Ces mutations sont-elles de nature \u00e0 op\u00e9rer une rupture \u00e9pist\u00e9mologique dans la d\u00e9finition m\u00eame du mus\u00e9e\u00a0?<\/p>\n<p>La r\u00e9ponse \u00e0 cette question se fonde sur une approche r\u00e9solument pluridisciplinaire faisant appel aux donn\u00e9es juridiques, \u00e0 celles des sciences de l\u2019information et de la communication, mais \u00e9galement \u00e0 l\u2019histoire, la gestion, la sociologie\u2026\u00a0\u00bb<\/p>\n<p style=\"text-align: center;\"><a href=\"https:\/\/www.option-culture.com\/wp-content\/uploads\/2012\/12\/Regourd.jpg\"><img loading=\"lazy\" decoding=\"async\" class=\"wp-image-5667 aligncenter\" title=\"Regourd\" src=\"https:\/\/www.option-culture.com\/wp-content\/uploads\/2012\/12\/Regourd.jpg\" alt=\"\" width=\"289\" height=\"468\" srcset=\"https:\/\/www.option-culture.com\/wp-content\/uploads\/2012\/12\/Regourd.jpg 602w, https:\/\/www.option-culture.com\/wp-content\/uploads\/2012\/12\/Regourd-185x300.jpg 185w\" sizes=\"auto, (max-width: 289px) 100vw, 289px\" \/><\/a><\/p>\n<p>Le <strong><span style=\"color: #003366;\">sommaire<\/span> <\/strong>de l&rsquo;ouvrage est le suivant.<\/p>\n<p>Introduction g\u00e9n\u00e9rale, <em>Martine Regourd<\/em><\/p>\n<p>Les origines de l\u2019espace public des mus\u00e9es fran\u00e7ais, <em>Dominique Poulot<\/em><\/p>\n<p><strong>Premi\u00e8re partie : axe Juridique<\/strong><\/p>\n<ul>\n<li>La nouvelle r\u00e9gulation des mus\u00e9es, <em>Jean-Marie Pontier<\/em><\/li>\n<li>Le mus\u00e9e face au public. \u00c0 la recherche du service public culturel. Une approche historique, <em>Annie H\u00e9ritier<\/em><\/li>\n<li>La d\u00e9centralisation culturelle fran\u00e7aise : \u00e0 la recherche de \u00ab l\u2019effet Bilbao \u00bb, <em>Florence Crouzatier-Durand<\/em><\/li>\n<li>Recherche d\u2019auteur en espace mus\u00e9al, <em>Xavier Daverat<\/em><\/li>\n<li>Inali\u00e9nabilit\u00e9 et d\u00e9classement : quelques r\u00e9flexions sur la \u00ab valeur culturelle \u00bb des collections publiques, <em>Fabrice Reneaud<\/em><\/li>\n<\/ul>\n<p><strong>Deuxi\u00e8me partie : axe Gestion<\/strong><\/p>\n<ul>\n<li>La logique de la gestion mus\u00e9ale : un syst\u00e8me hybride, <em>Fran\u00e7ois Mairesse<\/em><\/li>\n<li>Enjeux li\u00e9s \u00e0 l\u2019implantation de nouveaux outils de gestion dans les mus\u00e9es, <em>Pascale Amans et Jean-Michel Tobelem<\/em><\/li>\n<li>L\u2019offre et la demande des librairies, boutiques des mus\u00e9es d\u2019art : quels produits pour quels publics ? <em>Mathilde Gautier<\/em><\/li>\n<li>Haribo chez les Muses : la tentation patrimoniale. Quand les marques deviennent des mus\u00e9es, <em>Caroline de Montety<\/em><\/li>\n<\/ul>\n<p><strong>Troisi\u00e8me partie : axe M\u00e9diations<\/strong><\/p>\n<ul>\n<li><em>Bed-in<\/em> au mus\u00e9e des beaux-arts, <em>Bernard Schiele<\/em><\/li>\n<li>Mus\u00e9alisation du rock et rationalisation du champ mus\u00e9al. Les expositions sur le rock\u2019n\u2019roll et leurs m\u00e9diations, <em>Ga\u00eblle Crenn<\/em><\/li>\n<li>Que signifie r\u00e9ellement engager des m\u00e9diations innovantes ? <em>Marie-Sylvie Poli<\/em><\/li>\n<li>Prendre des photographies au mus\u00e9e : une forme de m\u00e9diation de l\u2019exp\u00e9rience de visite ? <em>M\u00e9lanie Roustan<\/em><\/li>\n<li>Le public, les attentes et les formes de m\u00e9diation : l\u2019exemple des maisons d\u2019\u00e9crivains, <em>Florence Abrioux<\/em><\/li>\n<\/ul>\n<p><strong>Quatri\u00e8me partie : axe Territoires<\/strong><\/p>\n<ul>\n<li>Le mus\u00e9e comme balise territoriale et communicationnelle, <em>Val\u00e9rie Colomb<\/em><\/li>\n<li>Le mus\u00e9e comme ressource territoriale\u00a0: gouvernance et instrumentation locales de l\u2019action publique patrimoniale, <em>Jean-Charles Basson et Nadine Haschar-No\u00e9<\/em><\/li>\n<li>De la collection priv\u00e9e au mus\u00e9e associatif : quel d\u00e9veloppement pour la centaine de mus\u00e9es non labellis\u00e9s \u00ab mus\u00e9e de France \u00bb du D\u00e9partement du Nord ? <em>C\u00e9lia Fleury<\/em><\/li>\n<li>Potentiel s\u00e9mantique et identit\u00e9 territoriale : le mus\u00e9e porte ouverte sur un espace signifiant. \u00c0 propos du \u00ab pays de Courbet \u00bb, <em>Bernard Lyonnet<\/em><\/li>\n<\/ul>\n<p><strong>Cinqui\u00e8me partie : axe International<\/strong><\/p>\n<ul>\n<li>Les \u00ab mus\u00e9es universels \u00bb, vieille histoire ou nouvelle g\u00e9n\u00e9ration ? \u00c0 propos du Louvre Abou Dabi et de quelques autres,\u00a0<em>Bernadette Dufr\u00eane<\/em><\/li>\n<li>Le mus\u00e9e Brukenthal de Sibiu avant et apr\u00e8s la capitale culturelle europ\u00e9enne de 2007 : un marqueur territorial saxon (de minorit\u00e9), roumain (national), transylvain (r\u00e9gional) ? <em>Catherine Roth<\/em><\/li>\n<li>La politique d\u2019expansion du mus\u00e9e de l\u2019Ermitage : une strat\u00e9gie en mouvement ? <em>Aur\u00e9lie Gosselin<\/em><\/li>\n<li>Les enjeux du projet europ\u00e9en RIME, <em>Anne-Marie Bouttiaux<\/em><\/li>\n<\/ul>\n<p><em>Martine Regourd est professeur en sciences de l\u2019information et de la communication \u00e0 l\u2019Universit\u00e9 Toulouse 1-Capitole et dirige le Master 2 administration des activit\u00e9s culturelles au sein du m\u00eame \u00e9tablissement. Elle est membre de l\u2019Institut du Droit de l\u2019espace, des territoires et de la communication (Idetcom EA785).<\/em><\/p>\n","protected":false},"excerpt":{"rendered":"<p>Voici la pr\u00e9sentation de l&rsquo;ouvrage publi\u00e9 sous la direction de Martine Regourd : Mus\u00e9es en mutation. Un espace public \u00e0 revisiter (http:\/\/www.editions-harmattan.fr\/index.asp?navig=catalogue&amp;obj=livre&amp;no=38767). \u00ab\u00a0Les mus\u00e9es sont confront\u00e9s aujourd\u2019hui \u00e0 des interrogations, parfois \u00e0 des mutations majeures concernant leur mode de gestion, leurs statuts, leur insertion territoriale, leur relation au public, leurs dispositifs de m\u00e9diation et de [&hellip;]<\/p>\n","protected":false},"author":2,"featured_media":5667,"comment_status":"open","ping_status":"open","sticky":false,"template":"","format":"standard","meta":{"footnotes":""},"categories":[22,26,16,12,8,23],"tags":[],"class_list":["post-5657","post","type-post","status-publish","format-standard","has-post-thumbnail","hentry","category-communication","category-ethique-deontologie","category-musees","category-politique-culturelle","category-publications","category-publics"],"_links":{"self":[{"href":"https:\/\/www.option-culture.com\/index.php?rest_route=\/wp\/v2\/posts\/5657","targetHints":{"allow":["GET"]}}],"collection":[{"href":"https:\/\/www.option-culture.com\/index.php?rest_route=\/wp\/v2\/posts"}],"about":[{"href":"https:\/\/www.option-culture.com\/index.php?rest_route=\/wp\/v2\/types\/post"}],"author":[{"embeddable":true,"href":"https:\/\/www.option-culture.com\/index.php?rest_route=\/wp\/v2\/users\/2"}],"replies":[{"embeddable":true,"href":"https:\/\/www.option-culture.com\/index.php?rest_route=%2Fwp%2Fv2%2Fcomments&post=5657"}],"version-history":[{"count":13,"href":"https:\/\/www.option-culture.com\/index.php?rest_route=\/wp\/v2\/posts\/5657\/revisions"}],"predecessor-version":[{"id":5677,"href":"https:\/\/www.option-culture.com\/index.php?rest_route=\/wp\/v2\/posts\/5657\/revisions\/5677"}],"wp:featuredmedia":[{"embeddable":true,"href":"https:\/\/www.option-culture.com\/index.php?rest_route=\/wp\/v2\/media\/5667"}],"wp:attachment":[{"href":"https:\/\/www.option-culture.com\/index.php?rest_route=%2Fwp%2Fv2%2Fmedia&parent=5657"}],"wp:term":[{"taxonomy":"category","embeddable":true,"href":"https:\/\/www.option-culture.com\/index.php?rest_route=%2Fwp%2Fv2%2Fcategories&post=5657"},{"taxonomy":"post_tag","embeddable":true,"href":"https:\/\/www.option-culture.com\/index.php?rest_route=%2Fwp%2Fv2%2Ftags&post=5657"}],"curies":[{"name":"wp","href":"https:\/\/api.w.org\/{rel}","templated":true}]}}