{"id":5499,"date":"2012-11-15T08:00:10","date_gmt":"2012-11-15T06:00:10","guid":{"rendered":"http:\/\/www.option-culture.com\/?p=5499"},"modified":"2012-11-26T10:32:03","modified_gmt":"2012-11-26T08:32:03","slug":"la-mise-en-tourisme-du-patrimoine","status":"publish","type":"post","link":"https:\/\/www.option-culture.com\/?p=5499","title":{"rendered":"La mise en tourisme du patrimoine"},"content":{"rendered":"<p><strong><span style=\"color: #000080;\">S\u00e9minaire R\u00e9gional 2012 \u2013 Chemins de l\u2019Histoire Sud de France<\/span><\/strong><\/p>\n<p><a href=\"https:\/\/www.option-culture.com\/wp-content\/uploads\/2012\/11\/RLR1.png\"><img loading=\"lazy\" decoding=\"async\" class=\" wp-image-5514 aligncenter\" title=\"RLR\" src=\"https:\/\/www.option-culture.com\/wp-content\/uploads\/2012\/11\/RLR1.png\" alt=\"\" width=\"255\" height=\"146\" srcset=\"https:\/\/www.option-culture.com\/wp-content\/uploads\/2012\/11\/RLR1.png 1180w, https:\/\/www.option-culture.com\/wp-content\/uploads\/2012\/11\/RLR1-300x172.png 300w, https:\/\/www.option-culture.com\/wp-content\/uploads\/2012\/11\/RLR1-1024x587.png 1024w\" sizes=\"auto, (max-width: 255px) 100vw, 255px\" \/><\/a>Propos\u00e9e par la R\u00e9gion Languedoc-Roussillon et organis\u00e9e par R\u00e9seau Culturel Terre Catalane (http:\/\/www.reseauculturel.fr), cette journ\u00e9e avait pour objectif de rappeler la n\u00e9cessit\u00e9 pour tourisme et culture de faire cause commune et d&rsquo;illustrer cela par des exp\u00e9riences significatives en termes de gouvernance, strat\u00e9gies marketing, labellisation, mise en r\u00e9seau&#8230;<\/p>\n<p>Selon les organisateurs, c&rsquo;\u00e9tait aussi l&rsquo;occasion de prendre du recul par rapport \u00e0 ses pratiques et de dialoguer entre professionnels de la culture, du patrimoine et du tourisme.<a href=\"https:\/\/www.option-culture.com\/wp-content\/uploads\/2012\/11\/RCTC-2.jpg\"><img loading=\"lazy\" decoding=\"async\" class=\"size-thumbnail wp-image-5505 aligncenter\" title=\"RCTC 2\" src=\"https:\/\/www.option-culture.com\/wp-content\/uploads\/2012\/11\/RCTC-2-150x150.jpg\" alt=\"\" width=\"150\" height=\"150\" \/><\/a>En voici le <strong><span style=\"color: #000080;\">programme<\/span><\/strong>.<\/p>\n<p>LA MISE EN TOURISME DU PATRIMOINE<\/p>\n<p>La Cigali\u00e8re &#8211; S\u00e9rignan &#8211; 13 novembre 2012<\/p>\n<p>9h30 : Ouverture du s\u00e9minaire<\/p>\n<p>M. Fr\u00e9d\u00e9ric LACAS, Maire de S\u00e9rignan, Vice-pr\u00e9sident de la Communaut\u00e9 d&rsquo;Agglom\u00e9ration de B\u00e9ziers-M\u00e9diterran\u00e9e d\u00e9l\u00e9gu\u00e9 au Tourisme.<\/p>\n<p>M. Marcel MATEU, Pr\u00e9sident du R\u00e9seau Culturel Terre Catalane, Conseiller r\u00e9gional, Charg\u00e9 des cultures occitane et catalane, Conseiller G\u00e9n\u00e9ral des Pyr\u00e9n\u00e9es-Orientales, Pr\u00e9sident d\u00e9l\u00e9gu\u00e9 \u00e0 la Catalanit\u00e9 et au Patrimoine.<\/p>\n<p>Mme Agn\u00e8s JULLIAN, Vice-pr\u00e9sidente de la R\u00e9gion Languedoc-Roussillon, D\u00e9l\u00e9gu\u00e9e au Tourisme.<\/p>\n<p>10h00 : Les enjeux et objectifs de la mise en tourisme des sites patrimoniaux<br \/>\nIntroduction par M. Claude GALLEX.<\/p>\n<p>10h15 : Tourisme et culture, un atout pour le d\u00e9veloppement des territoires<br \/>\nM. Jean-Michel TOBELEM, Directeur, cabinet Option Culture, Paris.<\/p>\n<p>11h00 : Quelle strat\u00e9gie marketing pour les sites patrimoniaux ?<br \/>\nM. Jean-Pascal VENDEVILLE, Directeur, cabinet Kurt Salmon, Paris.<\/p>\n<p>11h45 : Conclusion de la matin\u00e9e et \u00e9changes avec la salle.<\/p>\n<p><a href=\"https:\/\/www.option-culture.com\/wp-content\/uploads\/2012\/11\/Visiter-CheminsHistoire.png\"><img loading=\"lazy\" decoding=\"async\" class=\"size-thumbnail wp-image-5508 aligncenter\" title=\"Visiter-CheminsHistoire\" src=\"https:\/\/www.option-culture.com\/wp-content\/uploads\/2012\/11\/Visiter-CheminsHistoire-150x150.png\" alt=\"\" width=\"150\" height=\"150\" \/><\/a>14h00 : Cr\u00e9er de nouvelles gouvernances entre tourisme et culture.<br \/>\nM. Benjamin BELLET, Directeur du D\u00e9veloppement du Tourisme International, le Voyage \u00e0 Nantes.<\/p>\n<p>14h30 : Les Utopies r\u00e9alis\u00e9es, les atouts de la mise en r\u00e9seau.<br \/>\nM. Pierrick ARNAUD, Charg\u00e9 de mission, R\u00e9gion Urbaine de Lyon.<\/p>\n<p>15h00 : Une d\u00e9marche qualit\u00e9 : levier de performance pour les sites patrimoniaux. Mme Angelika SAUERMOST, Responsable du label Qualit\u00e9\u00a0 Sud de France, Sud de France D\u00e9veloppement et Mme Christelle NAU, M\u00e9diateur du patrimoine au Fort Lagarde \u00e0 Prats-de-Mollo-la-Preste, Pyr\u00e9n\u00e9es-Orientales.<\/p>\n<p>15h30 : Comment r\u00e9pondre au cahier des charges d\u2019un Tour Op\u00e9rateur ?<br \/>\nMme Marie KREMER, Charg\u00e9e de d\u00e9veloppement, Via Nostra, Tour Op\u00e9rateur de voyages culturels.<\/p>\n<p>16h00 : Un mus\u00e9e d\u2019art comme outil de d\u00e9veloppement touristique<br \/>\nMme H\u00e9l\u00e8ne AUDIFFREN, Directrice, Mus\u00e9e R\u00e9gional d\u2019Art Contemporain Languedoc Roussillon \u00e0 S\u00e9rignan.<\/p>\n<p><strong><a href=\"https:\/\/www.option-culture.com\/wp-content\/uploads\/2012\/11\/DSC07032.jpg\"><img loading=\"lazy\" decoding=\"async\" class=\"aligncenter\" title=\"DSC07032\" src=\"https:\/\/www.option-culture.com\/wp-content\/uploads\/2012\/11\/DSC07032-150x150.jpg\" alt=\"\" width=\"150\" height=\"150\" \/><\/a><\/strong><\/p>\n<p>16h30 : Synth\u00e8se de la journ\u00e9e et \u00e9changes avec la salle<br \/>\nCl\u00f4ture officielle de la journ\u00e9e par Mme Josianne COLLERAIS, Vice-Pr\u00e9sidente de la R\u00e9gion Languedoc-Roussillon, D\u00e9l\u00e9gu\u00e9e \u00e0 la Culture et au Patrimoine.<\/p>\n<p>Une vid\u00e9o sur le <strong><span style=\"color: #000080;\">patrimoine maritime<\/span><\/strong> : <a href=\"http:\/\/www.lagazettedescommunes.com\/140400\/samuel-villevieille-ethnologue-charge-de-mission-au-patrimoine-maritime-conseil-general-des-pyrenees-orientales\/?utm_source=quotidien&amp;utm_medium=Email&amp;utm_campaign=24-11-2012-quotidien\">http:\/\/www.lagazettedescommunes.com\/140400\/samuel-villevieille-ethnologue-charge-de-mission-au-patrimoine-maritime-conseil-general-des-pyrenees-orientales\/?utm_source=quotidien&amp;utm_medium=Email&amp;utm_campaign=24-11-2012-quotidien<\/a>.<\/p>\n<p>&nbsp;<\/p>\n<p>&nbsp;<\/p>\n<p>&nbsp;<\/p>\n","protected":false},"excerpt":{"rendered":"<p>S\u00e9minaire R\u00e9gional 2012 \u2013 Chemins de l\u2019Histoire Sud de France Propos\u00e9e par la R\u00e9gion Languedoc-Roussillon et organis\u00e9e par R\u00e9seau Culturel Terre Catalane (http:\/\/www.reseauculturel.fr), cette journ\u00e9e avait pour objectif de rappeler la n\u00e9cessit\u00e9 pour tourisme et culture de faire cause commune et d&rsquo;illustrer cela par des exp\u00e9riences significatives en termes de gouvernance, strat\u00e9gies marketing, labellisation, mise [&hellip;]<\/p>\n","protected":false},"author":2,"featured_media":5502,"comment_status":"open","ping_status":"open","sticky":false,"template":"","format":"standard","meta":{"footnotes":""},"categories":[17,13,12,20],"tags":[],"class_list":["post-5499","post","type-post","status-publish","format-standard","has-post-thumbnail","hentry","category-colloques","category-patrimoine","category-politique-culturelle","category-tourisme"],"_links":{"self":[{"href":"https:\/\/www.option-culture.com\/index.php?rest_route=\/wp\/v2\/posts\/5499","targetHints":{"allow":["GET"]}}],"collection":[{"href":"https:\/\/www.option-culture.com\/index.php?rest_route=\/wp\/v2\/posts"}],"about":[{"href":"https:\/\/www.option-culture.com\/index.php?rest_route=\/wp\/v2\/types\/post"}],"author":[{"embeddable":true,"href":"https:\/\/www.option-culture.com\/index.php?rest_route=\/wp\/v2\/users\/2"}],"replies":[{"embeddable":true,"href":"https:\/\/www.option-culture.com\/index.php?rest_route=%2Fwp%2Fv2%2Fcomments&post=5499"}],"version-history":[{"count":19,"href":"https:\/\/www.option-culture.com\/index.php?rest_route=\/wp\/v2\/posts\/5499\/revisions"}],"predecessor-version":[{"id":5579,"href":"https:\/\/www.option-culture.com\/index.php?rest_route=\/wp\/v2\/posts\/5499\/revisions\/5579"}],"wp:featuredmedia":[{"embeddable":true,"href":"https:\/\/www.option-culture.com\/index.php?rest_route=\/wp\/v2\/media\/5502"}],"wp:attachment":[{"href":"https:\/\/www.option-culture.com\/index.php?rest_route=%2Fwp%2Fv2%2Fmedia&parent=5499"}],"wp:term":[{"taxonomy":"category","embeddable":true,"href":"https:\/\/www.option-culture.com\/index.php?rest_route=%2Fwp%2Fv2%2Fcategories&post=5499"},{"taxonomy":"post_tag","embeddable":true,"href":"https:\/\/www.option-culture.com\/index.php?rest_route=%2Fwp%2Fv2%2Ftags&post=5499"}],"curies":[{"name":"wp","href":"https:\/\/api.w.org\/{rel}","templated":true}]}}