{"id":5465,"date":"2012-10-15T08:00:27","date_gmt":"2012-10-15T06:00:27","guid":{"rendered":"http:\/\/www.option-culture.com\/?p=5465"},"modified":"2012-10-25T09:42:17","modified_gmt":"2012-10-25T07:42:17","slug":"parlons-musee-panorama-des-theories-et-des-pratiques","status":"publish","type":"post","link":"https:\/\/www.option-culture.com\/?p=5465","title":{"rendered":"Parlons mus\u00e9e ! Panorama des th\u00e9ories et des pratiques"},"content":{"rendered":"<p>Quels sont les enjeux sociaux, identitaires, patrimoniaux de la constitution de collections ? Quels sont les apports de la cr\u00e9ation de r\u00e9seaux de mus\u00e9es ? Quels probl\u00e8mes sp\u00e9cifiques pose l\u2019exposition de l\u2019art moderne et contemporain ? Quels sont les avantages des dispositifs de m\u00e9diation dits \u00ab innovants \u00bb ? Et enfin, comment conna\u00eetre mieux ses publics et avec quels objectifs ? Voil\u00e0 le genre de questions que se propose d\u2019aborder le colloque \u00ab Parlons mus\u00e9e ! Panorama des th\u00e9ories et pratiques \u00bb qui se tiendra du 30 novembre au 1er d\u00e9cembre \u00e0 l\u2019abbaye de Neum\u00fcnster.<br \/>\nCes deux journ\u00e9es offriront une approche panoramique de la notion de mus\u00e9e<\/p>\n<p>Le colloque abordera trois th\u00e8mes centraux en mus\u00e9ologie : les collections, les m\u00e9diations et les publics.<\/p>\n<p>Pour chacun de ces th\u00e8mes, un dialogue s\u2019engagera gr\u00e2ce \u00e0 deux types de sessions : les sessions pl\u00e9ni\u00e8res aborderont les diff\u00e9rentes approches scientifiques du th\u00e8me, tout en proposant des applications concr\u00e8tes de la recherche (sociologie, s\u00e9miotique, communication, histoire, etc.), tandis que les tables rondes devront initier un r\u00e9el \u00e9change de points de vue entre les acteurs du champ mus\u00e9al (les intervenants pr\u00e9parent des questions autour du th\u00e8me et en discutent devant le public).<\/p>\n<p>Professionnels du mus\u00e9e, \u00e9tudiants, chercheurs, passionn\u00e9s ou au contraire sceptiques, voire \u00ab phobiques \u00bb du mus\u00e9e sont convi\u00e9s \u00e0 la discussion !<\/p>\n<p>&nbsp;<\/p>\n<p><span style=\"color: #000080;\">Vendredi 30 novembre 2012<br style=\"color: #000080;\" \/><\/span><\/p>\n<p>9h\u00a0\u00a0 \u00a0Discours d\u2019ouverture<\/p>\n<p>Octavie Modert Madame la Ministre de la Culture du Grand-duch\u00e9 du Luxembourg ; Michel Margue Doyen de la Facult\u00e9 des Lettres, des Sciences Humaines, des Arts et des Sciences de l&rsquo;Education (Universit\u00e9 du Luxembourg) ; Claude Frisoni Directeur g\u00e9n\u00e9ral du CCRN &#8211; Abbaye de Neum\u00fcnster ; Marion Colas-Blaise Professeur, Directrice du Laboratoire de langue et de litt\u00e9rature fran\u00e7aises de l\u2019Universit\u00e9 du Luxembourg ; C\u00e9line Schall Chercheur, Laboratoire de langue et de litt\u00e9rature fran\u00e7aises (Universit\u00e9 du Luxembourg)<\/p>\n<p>9h30\u00a0\u00a0 \u00a0Conf\u00e9rence inaugurale<br \/>\nJean Davallon, Professeur en sciences de l\u2019information et de la communication (Universit\u00e9 d\u2019Avignon) : \u00ab La mus\u00e9ologie \u00bb pour penser l\u2019\u00e9volution des mus\u00e9es ? \u00bb<\/p>\n<p>10h45\u00a0\u00a0 \u00a0Session pl\u00e9ni\u00e8re 1 : L\u2019objet de mus\u00e9e : le collectionner, l\u2019\u00e9tudier, le prot\u00e9ger, le comprendre (Pr\u00e9sident de s\u00e9ance : Jean Davallon)<\/p>\n<p>10h45\u00a0\u00a0 \u00a0Andr\u00e9 Gob, Professeur en histoire et en mus\u00e9ologie (Universit\u00e9 de Li\u00e8ge) : \u00ab Pour une nouvelle approche de l\u2019histoire des mus\u00e9es \u00bb<\/p>\n<p>11h05\u00a0\u00a0 \u00a0Xavier Roig\u00e9, Professeur en anthropologie (Universit\u00e9 de Barcelone) : \u00ab Anthropologie, mus\u00e9es et multiculturalisme : nouvelles strat\u00e9gies pour les mus\u00e9es ethnologiques ou l\u2019anthropologie a-t-elle besoin des mus\u00e9es ethnologiques ? \u00bb<\/p>\n<p>11h25\u00a0\u00a0 \u00a0Marie Renoue, Docteur en sciences du langage (Universit\u00e9 d\u2019Avignon) : \u00ab S\u00e9miotique, esth\u00e9tique et mus\u00e9e d&rsquo;art \u00bb<\/p>\n<p>14h\u00a0\u00a0 \u00a0Table ronde 1 : Apports et formes des r\u00e9seaux de mus\u00e9es (Mod\u00e9rateur : Jean Reitz, Agence luxembourgeoise d&rsquo;action culturelle)<br \/>\nFrank Schroeder, Membre fondateur du r\u00e9seau Mus\u00e9es Luxembourg ; Jo Kox, Responsable du r\u00e9seau D\u2019Stater Mus\u00e9e\u00ebn ; Emmanuel Landas, Responsable du d\u00e9partement de la conservation et de la mus\u00e9ographie des Mus\u00e9es des Techniques et Cultures Comtoises ; Fran\u00e7oise Gohy, Directrice du r\u00e9seau des Mus\u00e9es et Soci\u00e9t\u00e9 en Wallonie ; Eva Keller,\u00a0 Responsable du Service des Mus\u00e9es de B\u00e2le.<\/p>\n<p>15h45\u00a0\u00a0 \u00a0Table ronde 2 : Les m\u00e9diateurs et m\u00e9diations de l\u2019art moderne et contemporain (Mod\u00e9ratrice : Claire Lahuerta, Universit\u00e9 de Lorraine)<br \/>\nEnrico Lunghi, Directeur du Mudam, Mus\u00e9e d\u2019art moderne grand-duc Jean ; Kevin Muhlen Directeur artistique du Casino, Forum d\u2019art contemporain ; Laurent Le Bon, Directeur du Centre Pompidou-Metz<\/p>\n<p><span style=\"color: #000080;\"><a href=\"https:\/\/www.option-culture.com\/wp-content\/uploads\/2012\/10\/Luxembourg-2.jpg\"><img loading=\"lazy\" decoding=\"async\" class=\"aligncenter\" title=\"Luxembourg 2\" src=\"https:\/\/www.option-culture.com\/wp-content\/uploads\/2012\/10\/Luxembourg-2-120x150.jpg\" alt=\"\" width=\"120\" height=\"150\" \/><\/a><\/span><\/p>\n<p><span style=\"color: #000080;\">Samedi 1er d\u00e9cembre 2012<\/span><\/p>\n<p>9h\u00a0\u00a0 \u00a0Session pl\u00e9ni\u00e8re 2 : L\u2019exposition : m\u00e9diations, dispositifs et \u00e9v\u00e9nements (Pr\u00e9sidente de s\u00e9ance : No\u00e9mie Drouguet, Universit\u00e9 de Li\u00e8ge)<\/p>\n<p>9h\u00a0\u00a0 \u00a0Mich\u00e8le Gellereau, Professeur en sciences de l\u2019information et de la communication (Universit\u00e9 de Lille) : \u00ab M\u00e9diations mus\u00e9ales et \u00e9volutions des dispositifs d\u2019aide \u00e0 la visite \u00bb<\/p>\n<p>9h20\u00a0\u00a0 \u00a0Sophie Deshayes, Chercheur en sciences de l&rsquo;information et de la communication, attach\u00e9e de conservation, responsable du d\u00e9veloppement culturel (Mus\u00e9e d&rsquo;histoire de Marseille) : \u00ab Les apports d&rsquo;une recherche au long cours sur la m\u00e9diation mus\u00e9ale audioguid\u00e9e : \u00e0 qui profite l&rsquo;innovation ? \u00bb<\/p>\n<p>9h40\u00a0\u00a0 \u00a0Jean-Michel Tobelem, Docteur en gestion, directeur d\u2019Option Culture, charg\u00e9 de cours (\u00c9cole du Louvre) : \u00ab L\u2019\u00e9v\u00e9nementiel autour des expositions temporaires : un instrument de m\u00e9diation ? \u00bb<\/p>\n<p>10h\u00a0\u00a0 \u00a0Andr\u00e9 Giordan, Professeur de didactique et concepteur d\u2019expositions (Gen\u00e8ve) : \u00ab Peut-on envisager de nouvelles formes de mus\u00e9ologie et de m\u00e9diation pour les mus\u00e9es et les expositions ? Bilans de diff\u00e9rentes tentatives \u00bb<\/p>\n<p>11h15\u00a0\u00a0 \u00a0Table ronde 3 : Tout un panel de m\u00e9diations au mus\u00e9e : quelles offres, quels avantages, quels probl\u00e8mes ? (Mod\u00e9rateur : Morgan Meyer, Mines Paris-Tech)<br \/>\nMarie-Paule Jungblut Directrice du Mus\u00e9e historique de B\u00e2le ; Carine Welter Directrice du Mus\u00e9e d\u2019histoire(s) de Diekirch ; Sonja Kmec et Gianna Thommes (Universit\u00e9 du Luxembourg), Curatrices de l\u2019exposition I-Lux, Identit\u00e9s au Luxembourg au mus\u00e9e Dr\u00e4i Eechelen<\/p>\n<p>14h \u00a0\u00a0 \u00a0Session pl\u00e9ni\u00e8re 3 : Le mus\u00e9e et ses publics : cibler, comprendre, \u00e9valuer (Pr\u00e9sident de s\u00e9ance : Paul di Felice, Universit\u00e9 du Luxembourg)<\/p>\n<p>14h\u00a0\u00a0 \u00a0Lucie Daignault, Docteur en sociologie, responsable de l\u2019\u00e9valuation (Mus\u00e9e de la civilisation, Qu\u00e9bec) : \u00ab La prise en compte des publics au mus\u00e9e de la civilisation de Qu\u00e9bec \u00bb<\/p>\n<p>14h20\u00a0\u00a0 \u00a0Jean-Christophe Vilatte, Ma\u00eetre de conf\u00e9rences en sciences de l\u2019\u00e9ducation (Universit\u00e9 de Lorraine) : \u00ab L\u2019approche psychologique des publics \u00bb<\/p>\n<p>14h40 \u00a0\u00a0 \u00a0Emma Nardi, Professeur en didactique mus\u00e9ale (Universit\u00e9 Roma Tre) : \u00ab Le Committee for Education and Cultural Action de l&rsquo;ICOM : une organisation mondiale pour la qualit\u00e9 de l&rsquo;\u00e9ducation mus\u00e9ale \u00bb<\/p>\n<p>15h45\u00a0\u00a0 \u00a0Table ronde 4 : Concevoir un projet d\u2019exposition au Luxembourg pour divers publics (Mod\u00e9rateur : Jean-Christophe Vilatte, Universit\u00e9 de Lorraine)<br \/>\nPatrick Michaely, Responsable du service communication et relations publiques du Mus\u00e9e national d\u2019histoire naturelle de Luxembourg ; Jean-Luc Mousset, Responsable de la section Arts d\u00e9coratifs et populaires du Mus\u00e9e national d\u2019histoire et d\u2019art du Luxembourg ; Anke Reitz, Conservatrice de l\u2019exposition The Family of man, Centre national de l\u2019audiovisuel ; Dani\u00e8le Wagener, Directeur Les 2 mus\u00e9es de la ville de Luxembourg<\/p>\n<p>17h15\u00a0\u00a0 \u00a0Conclusions et pr\u00e9sentation des perspectives<br \/>\nGa\u00eblle Crenn, Ma\u00eetre de conf\u00e9rences en sciences de l\u2019information et de la communication, Centre de Recherche et d\u2019Etude sur les M\u00e9diations (Universit\u00e9 de Lorraine)<\/p>\n<ul>\n<li>Date : 30 novembre et 1er d\u00e9cembre 2012.<\/li>\n<li>Lieu : Centre Culturel de Rencontre, Abbaye de Neum\u00fcnster, 28 rue M\u00fcnster, L-2160 Luxembourg, Salle Ensch.<\/li>\n<li>Entr\u00e9e libre et gratuite<\/li>\n<li>Tous les d\u00e9tails sur parlons-musee.uni.lu<\/li>\n<li>Inscriptions avant le 15 novembre par e-mail \u00e0 parlons-musee@uni.lu<\/li>\n<\/ul>\n","protected":false},"excerpt":{"rendered":"<p>Quels sont les enjeux sociaux, identitaires, patrimoniaux de la constitution de collections ? Quels sont les apports de la cr\u00e9ation de r\u00e9seaux de mus\u00e9es ? Quels probl\u00e8mes sp\u00e9cifiques pose l\u2019exposition de l\u2019art moderne et contemporain ? Quels sont les avantages des dispositifs de m\u00e9diation dits \u00ab innovants \u00bb ? Et enfin, comment conna\u00eetre mieux ses [&hellip;]<\/p>\n","protected":false},"author":2,"featured_media":5482,"comment_status":"open","ping_status":"open","sticky":false,"template":"","format":"standard","meta":{"footnotes":""},"categories":[17,16,12,23],"tags":[],"class_list":["post-5465","post","type-post","status-publish","format-standard","has-post-thumbnail","hentry","category-colloques","category-musees","category-politique-culturelle","category-publics"],"_links":{"self":[{"href":"https:\/\/www.option-culture.com\/index.php?rest_route=\/wp\/v2\/posts\/5465","targetHints":{"allow":["GET"]}}],"collection":[{"href":"https:\/\/www.option-culture.com\/index.php?rest_route=\/wp\/v2\/posts"}],"about":[{"href":"https:\/\/www.option-culture.com\/index.php?rest_route=\/wp\/v2\/types\/post"}],"author":[{"embeddable":true,"href":"https:\/\/www.option-culture.com\/index.php?rest_route=\/wp\/v2\/users\/2"}],"replies":[{"embeddable":true,"href":"https:\/\/www.option-culture.com\/index.php?rest_route=%2Fwp%2Fv2%2Fcomments&post=5465"}],"version-history":[{"count":22,"href":"https:\/\/www.option-culture.com\/index.php?rest_route=\/wp\/v2\/posts\/5465\/revisions"}],"predecessor-version":[{"id":5489,"href":"https:\/\/www.option-culture.com\/index.php?rest_route=\/wp\/v2\/posts\/5465\/revisions\/5489"}],"wp:featuredmedia":[{"embeddable":true,"href":"https:\/\/www.option-culture.com\/index.php?rest_route=\/wp\/v2\/media\/5482"}],"wp:attachment":[{"href":"https:\/\/www.option-culture.com\/index.php?rest_route=%2Fwp%2Fv2%2Fmedia&parent=5465"}],"wp:term":[{"taxonomy":"category","embeddable":true,"href":"https:\/\/www.option-culture.com\/index.php?rest_route=%2Fwp%2Fv2%2Fcategories&post=5465"},{"taxonomy":"post_tag","embeddable":true,"href":"https:\/\/www.option-culture.com\/index.php?rest_route=%2Fwp%2Fv2%2Ftags&post=5465"}],"curies":[{"name":"wp","href":"https:\/\/api.w.org\/{rel}","templated":true}]}}