{"id":5333,"date":"2011-11-15T08:00:52","date_gmt":"2011-11-15T07:00:52","guid":{"rendered":"http:\/\/blog.option.culture.marrot.org\/?p=4078"},"modified":"2011-11-15T08:00:52","modified_gmt":"2011-11-15T07:00:52","slug":"pour-une-histoire-des-politiques-culturelles-dans-le-monde-1945-2011","status":"publish","type":"post","link":"https:\/\/www.option-culture.com\/?p=5333","title":{"rendered":"Pour une histoire des politiques culturelles dans le monde (1945-2011)"},"content":{"rendered":"<p style=\"text-align: justify;\">Voici la <span style=\"color: #333399;\"><strong>pr\u00e9sentation<\/strong><\/span> de l&rsquo;ouvrage qui vient de para\u00eetre \u00e0 la Documentation fran\u00e7aise (<a href=\"http:\/\/www.culture.gouv.fr\/mcc\/Le-ministere\/Histoire-du-ministere\/Themes\/Publications-du-Comite-d-histoire\/Pour-une-histoire-des-politiques-culturelles-dans-le-monde-1945-2011\">http:\/\/www.culture.gouv.fr\/mcc\/Le-ministere\/Histoire-du-ministere\/Themes\/Publications-du-Comite-d-histoire\/Pour-une-histoire-des-politiques-culturelles-dans-le-monde-1945-2011<\/a> ; <span style=\"color: #800000;\">possibilit\u00e9 de t\u00e9l\u00e9charger le sommaire et l&rsquo;introduction<\/span>), sous la direction de Philippe Poirrier et sous les auspices du Comit\u00e9 d&rsquo;histoire du minist\u00e8re de la Culture, qui vient \u00e9galement r\u00e9cemment de publier l&rsquo;ouvrage suivant : <a href=\"http:\/\/www.culture.gouv.fr\/mcc\/Le-ministere\/Histoire-du-ministere\/Themes\/Publications-du-Comite-d-histoire\/Cinquante-ans-apres.-Culture-politique-et-politiques-culturelles\">http:\/\/www.culture.gouv.fr\/mcc\/Le-ministere\/Histoire-du-ministere\/Themes\/Publications-du-Comite-d-histoire\/Cinquante-ans-apres.-Culture-politique-et-politiques-culturelles<\/a>.<\/p>\n<p style=\"text-align: justify;\"><em>Le colloque international qui s&rsquo;est tenu en 2009 pour marquer le cinquantenaire du minist\u00e8re de la culture fut l&rsquo;occasion d&rsquo;\u00e9changes crois\u00e9s entre responsables des politiques culturelles nationales \u00e0 l&rsquo;\u00e9tranger et en France.<\/em><\/p>\n<p style=\"text-align: justify;\"><em>L&rsquo;objectif de cet ouvrage est d&rsquo;\u00e9largir et d&rsquo;enrichir par des \u00e9tudes de cas, les t\u00e9moignages recueillis lors de ce colloque et, ceci, dans une perspective historique.<\/em><\/p>\n<p style=\"text-align: justify;\"><em>La postface permet d&rsquo;en dresser une synth\u00e8se et de saisir les principales \u00e9volutions qui, depuis la Seconde Guerre mondiale, ont caract\u00e9ris\u00e9 le renforcement des politiques publiques de la culture de par le monde.<\/em><\/p>\n<p style=\"text-align: justify;\"><em>Les monographies portent sur les pays suivants : Allemagne, Australie, Belgique, Bulgarie, Canada (Qu\u00e9bec compris), Chili, Danemark, Espagne, \u00c9tats-Unis, Finlande, France, Gr\u00e8ce, Irlande, Italie, Japon, Norv\u00e8ge, Royaume-Uni, Su\u00e8de et Suisse.<\/em><\/p>\n<p><em>La mise en \u0153uvre de politiques publiques de la culture, commun\u00e9ment d\u00e9nomm\u00e9es \u00ab\u00a0politiques culturelles\u00a0\u00bb, est \u00e9troitement li\u00e9e \u00e0 la construction et \u00e0 la consolidation des \u00c9tats-nations. Aussi, n&rsquo;est-il gu\u00e8re \u00e9tonnant que leur histoire ait \u00e9t\u00e9 prioritairement \u00e9labor\u00e9e dans le cadre des historiographies nationales.<\/em><\/p>\n<p><em>La perspective est celle d&rsquo;une histoire compar\u00e9e des politiques publiques de la culture.<\/em><\/p>\n<p><em>Le volume est constitu\u00e9 de contributions qui pr\u00e9sentent des \u00e9tudes de cas nationales ; premier jalon indispensable \u00e0 des \u00e9tudes qui devront, \u00e0 l&rsquo;avenir, \u00eatre plus sensibles \u00e0 la question des transferts culturels d&rsquo;institutionnalisation des politiques culturelles ; ce qui se traduit notamment par la cr\u00e9ation dans certains pays de minist\u00e8re de la Culture.<\/em><\/p>\n<p><em>Pierre-Michel Menger souligne, sous la forme d&rsquo;une synth\u00e8se des dix-neuf \u00e9tudes de cas, les grandes tendances qui participent d&rsquo;une \u00e9volution que l&rsquo;on peut d\u00e9composer en quatre \u00e9tapes successives :<\/em><\/p>\n<ul>\n<li><em>la construction d&rsquo;une politique syst\u00e9matique d&rsquo;offre culturelle ;<\/em><\/li>\n<li><em>une d\u00e9centralisation progressive de l&rsquo;action publique ;<\/em><\/li>\n<li><em>une r\u00e9vision du champ d&rsquo;intervention l\u00e9gitime de l&rsquo;action publique ;<\/em><\/li>\n<li><em>une justification croissante de la politique culturelle par ses contributions \u00e0 la croissance \u00e9conomique.<\/em><\/li>\n<\/ul>\n<p><strong><br \/>\n<\/strong><\/p>\n<p><a href=\"https:\/\/www.option-culture.com\/wp-content\/uploads\/2011\/10\/Histoire-politiques-culturelles.jpg\"><img loading=\"lazy\" decoding=\"async\" class=\"size-full wp-image-4080 aligncenter\" title=\"Histoire politiques culturelles\" src=\"https:\/\/www.option-culture.com\/wp-content\/uploads\/2011\/10\/Histoire-politiques-culturelles.jpg\" alt=\"\" width=\"269\" height=\"432\" \/><\/a><\/p>\n<p><span style=\"color: #000080;\"><strong>Sommaire<\/strong><\/span><\/p>\n<ul>\n<li>Maryvonne DE SAINT PULGENT : Avant-propos<\/li>\n<li>Philippe POIRRIER : Introduction<\/li>\n<li>Thomas H\u00d6PEL : La politique culturelle en Allemagne au XXe si\u00e8cle<\/li>\n<li>Katya JOHANSON : La politique culturelle australienne. 1945-2009<\/li>\n<li>Christophe PIRENNE : Les politiques culturelles en Belgique depuis 1945<\/li>\n<li>Svetla MOUSSAKOVA : Les politiques culturelles en Bulgarie. 1878-2009<\/li>\n<li>Diane SAINT-PIERRE\u00a0 : Les politiques culturelles au Canada et au Qu\u00e9bec : identit\u00e9s nationales et dynamiques crois\u00e9es<\/li>\n<li>Maite DE CEA : Gen\u00e8se d\u2019une institution publique pour la culture au Chili : le Conseil national de la culture et les arts<\/li>\n<li>Jens ENGBERG : La politique culturelle au Danemark. 1945-2007<\/li>\n<li>Llu\u00eds BONET et Emmanuel N\u00c9GRIER : Un mod\u00e8le espagnol de politique culturelle ?<\/li>\n<li>Jean-Michel TOBELEM : Les \u00c9tats-Unis d\u2019Am\u00e9rique<\/li>\n<li>Anita KANGAS et Sakarias SOKKA : L\u2019imp\u00e9ratif de la politique culturelle finlandaise : renforcer la nation en cultivant la population<\/li>\n<li>Laurent MARTIN : La politique culturelle de la France depuis 1945<\/li>\n<li>Myrsini ZORBA : La politique culturelle de la Gr\u00e8ce. La culture comme objet de politique publique<\/li>\n<li>Alexandra SLABY : La politique culturelle de l\u2019Irlande depuis 1945<\/li>\n<li>Antonella GIOLI : La politique culturelle de l\u2019Italie<\/li>\n<li>Mayuko SANO\u00a0 : La politique culturelle du Japon<\/li>\n<li>Per MANGSET\u00a0 : La politique culturelle en Norv\u00e8ge<\/li>\n<li>David LOSSELEY : Le Royaume-Uni<\/li>\n<li>Keith WIJKANDER : La politique culturelle de la Su\u00e8de<\/li>\n<li>Matthieu GILLABERT, Claude HAUSER, Thomas KADELBACH et Pauline MILANI : La culture comme politique publique : le cas de la Suisse<\/li>\n<li>Pierre-Michel MENGER : Postface. Les politiques culturelles. Mod\u00e8les et \u00e9volutions<\/li>\n<\/ul>\n<p>Presentation in English (<em>Towards a World History of Cultural Policies<\/em>) : <a href=\"http:\/\/www.culturelink.org\/news\/publics\/2011\/publication2011-036.html\">http:\/\/www.culturelink.org\/news\/publics\/2011\/publication2011-036.html<\/a>.<\/p>\n<p>A lire \u00e9galement : <a href=\"http:\/\/lectures.revues.org\/7057\">http:\/\/lectures.revues.org\/7057.<\/a><\/p>\n<p style=\"text-align: justify;\"><strong>Philippe Poirrier <\/strong>est professeur d&rsquo;histoire contemporaine \u00e0 l&rsquo;Universit\u00e9 de Bourgogne, responsable du p\u00f4le \u00ab\u00a0Patrimoine et cultures\u00a0\u00bb de la Maison des sciences de l&rsquo;homme de Dijon, vice-pr\u00e9sident du Comit\u00e9 d&rsquo;histoire du minist\u00e8re de la Culture au sein duquel il a anim\u00e9, depuis quinze ans, plusieurs programmes de recherches. Il a r\u00e9cemment publi\u00e9 <em>l\u2019\u00c9tat et la culture en France au XXe si\u00e8cle<\/em> (Le Livre de proche, 2009), et dirig\u00e9 <em>Politiques et pratiques de la culture<\/em> (La Documentation fran\u00e7aise, 2010).<\/p>\n<p style=\"text-align: justify;\">A lire : http:\/\/www.nonfiction.fr\/article-5438-p1-pour_une_histoire_des_politiques_culturelles_dans_le_monde_1945_2011.htm.<\/p>\n","protected":false},"excerpt":{"rendered":"<p>Voici la pr\u00e9sentation de l&rsquo;ouvrage qui vient de para\u00eetre \u00e0 la Documentation fran\u00e7aise (http:\/\/www.culture.gouv.fr\/mcc\/Le-ministere\/Histoire-du-ministere\/Themes\/Publications-du-Comite-d-histoire\/Pour-une-histoire-des-politiques-culturelles-dans-le-monde-1945-2011 ; possibilit\u00e9 de t\u00e9l\u00e9charger le sommaire et l&rsquo;introduction), sous la direction de Philippe Poirrier et sous les auspices du Comit\u00e9 d&rsquo;histoire du minist\u00e8re de la Culture, qui vient \u00e9galement r\u00e9cemment de publier l&rsquo;ouvrage suivant : http:\/\/www.culture.gouv.fr\/mcc\/Le-ministere\/Histoire-du-ministere\/Themes\/Publications-du-Comite-d-histoire\/Cinquante-ans-apres.-Culture-politique-et-politiques-culturelles. Le colloque international qui s&rsquo;est [&hellip;]<\/p>\n","protected":false},"author":2,"featured_media":0,"comment_status":"open","ping_status":"open","sticky":false,"template":"","format":"standard","meta":{"footnotes":""},"categories":[12,8,19],"tags":[],"class_list":["post-5333","post","type-post","status-publish","format-standard","hentry","category-politique-culturelle","category-publications","category-usa"],"_links":{"self":[{"href":"https:\/\/www.option-culture.com\/index.php?rest_route=\/wp\/v2\/posts\/5333","targetHints":{"allow":["GET"]}}],"collection":[{"href":"https:\/\/www.option-culture.com\/index.php?rest_route=\/wp\/v2\/posts"}],"about":[{"href":"https:\/\/www.option-culture.com\/index.php?rest_route=\/wp\/v2\/types\/post"}],"author":[{"embeddable":true,"href":"https:\/\/www.option-culture.com\/index.php?rest_route=\/wp\/v2\/users\/2"}],"replies":[{"embeddable":true,"href":"https:\/\/www.option-culture.com\/index.php?rest_route=%2Fwp%2Fv2%2Fcomments&post=5333"}],"version-history":[{"count":0,"href":"https:\/\/www.option-culture.com\/index.php?rest_route=\/wp\/v2\/posts\/5333\/revisions"}],"wp:attachment":[{"href":"https:\/\/www.option-culture.com\/index.php?rest_route=%2Fwp%2Fv2%2Fmedia&parent=5333"}],"wp:term":[{"taxonomy":"category","embeddable":true,"href":"https:\/\/www.option-culture.com\/index.php?rest_route=%2Fwp%2Fv2%2Fcategories&post=5333"},{"taxonomy":"post_tag","embeddable":true,"href":"https:\/\/www.option-culture.com\/index.php?rest_route=%2Fwp%2Fv2%2Ftags&post=5333"}],"curies":[{"name":"wp","href":"https:\/\/api.w.org\/{rel}","templated":true}]}}