{"id":5322,"date":"2012-09-20T08:00:13","date_gmt":"2012-09-20T06:00:13","guid":{"rendered":"http:\/\/blog.option.culture.marrot.org\/?p=4947"},"modified":"2012-09-14T22:35:10","modified_gmt":"2012-09-14T20:35:10","slug":"quel-musee-pour-lhistoire-de-france-7","status":"publish","type":"post","link":"https:\/\/www.option-culture.com\/?p=5322","title":{"rendered":"Quel mus\u00e9e pour l\u2019histoire de France ? (7)"},"content":{"rendered":"<p style=\"text-align: justify;\">\u00ab\u00a0Depuis 2010, les d\u00e9bats sont intenses sur le principe d&rsquo;un mus\u00e9e (ou \u00ab\u00a0maison\u00a0\u00bb) d\u00e9di\u00e9 \u00e0 l\u2019histoire de\/en France.<\/p>\n<p style=\"text-align: justify;\">La Fondation Jean Jaur\u00e8s, \u00e9diteur cette ann\u00e9e d\u2019une Enqu\u00eate critique sur la question, a souhait\u00e9 revenir sur les relations tumultueuses entre la recherche des historiens, le monde des mus\u00e9es, l&rsquo;attente des publics et&#8230; la politique.\u00a0\u00bb<\/p>\n<p><a href=\"https:\/\/www.option-culture.com\/wp-content\/uploads\/2012\/08\/RDVHB.jpg\"><img loading=\"lazy\" decoding=\"async\" class=\"wp-image-4954 aligncenter\" title=\"RDVHB\" src=\"https:\/\/www.option-culture.com\/wp-content\/uploads\/2012\/08\/RDVHB.jpg\" alt=\"\" width=\"360\" height=\"144\" \/><\/a><\/p>\n<p style=\"text-align: justify;\">Le d\u00e9bat portant sur le th\u00e8me \u00ab\u00a0Quel mus\u00e9e pour l\u2019histoire de France\u00a0?\u00a0\u00bb sera introduit et anim\u00e9 par S\u00e9verine Liatard, productrice d\u00e9l\u00e9gu\u00e9e de la Fabrique de l\u2019Histoire \u00e0 France Culture.<\/p>\n<p style=\"text-align: justify;\">Il aura lieu \u00e0 l&rsquo;occasion des <strong><span style=\"color: #003366;\">Rendez-vous de l\u2019Histoire de Blois<\/span><\/strong> (<a href=\"http:\/\/www.rdv-histoire.com\/-EDITION-2012-.html\">www.rdv-histoire.com\/-EDITION-2012-.html<\/a>), le samedi 20 octobre 2012 de 18h15 \u00e0 19h45 ; avec :<\/p>\n<ul>\n<li style=\"text-align: justify;\">Isabelle Backouche, ma\u00eetresse de conf\u00e9rences \u00e0 l\u2019Ecole des hautes \u00e9tudes en sciences sociales (EHESS) et \u00e0 l\u2019Ecole polytechnique<\/li>\n<li style=\"text-align: justify;\">Vincent Duclert, professeur \u00e0 l\u2019Ecole des hautes \u00e9tudes en sciences sociales (EHESS) et professeur associ\u00e9 \u00e0 Columbia University (Paris)<\/li>\n<li style=\"text-align: justify;\">Ariane James-Sarrazin, conservateur en chef, ancienne responsable du d\u00e9partement \u00e0 l&rsquo;action culturelle et \u00e9ducative des Archives nationales<\/li>\n<li style=\"text-align: justify;\">Jean-Michel Tobelem, directeur d\u2019Option Culture<\/li>\n<\/ul>\n<p>Le <strong><span style=\"color: #000080;\">programme<\/span> <\/strong>des Rendez-vous : <a href=\"http:\/\/www.rdv-histoire.com\/IMG\/pdf\/programme2012.pdf\">www.rdv-histoire.com\/IMG\/pdf\/programme2012.pdf<\/a>.<\/p>\n<p>Rappel de l&rsquo;ouvrage publi\u00e9 r\u00e9cemment : <a href=\"http:\/\/blog.option.culture.marrot.org\/?p=4558\">http:\/\/blog.option.culture.marrot.org\/?p=4558<\/a>.<\/p>\n","protected":false},"excerpt":{"rendered":"<p>\u00ab\u00a0Depuis 2010, les d\u00e9bats sont intenses sur le principe d&rsquo;un mus\u00e9e (ou \u00ab\u00a0maison\u00a0\u00bb) d\u00e9di\u00e9 \u00e0 l\u2019histoire de\/en France. La Fondation Jean Jaur\u00e8s, \u00e9diteur cette ann\u00e9e d\u2019une Enqu\u00eate critique sur la question, a souhait\u00e9 revenir sur les relations tumultueuses entre la recherche des historiens, le monde des mus\u00e9es, l&rsquo;attente des publics et&#8230; la politique.\u00a0\u00bb Le d\u00e9bat [&hellip;]<\/p>\n","protected":false},"author":2,"featured_media":0,"comment_status":"open","ping_status":"open","sticky":false,"template":"","format":"standard","meta":{"footnotes":""},"categories":[17,16,13,12],"tags":[55,48,46,43],"class_list":["post-5322","post","type-post","status-publish","format-standard","hentry","category-colloques","category-musees","category-patrimoine","category-politique-culturelle","tag-colloques-2","tag-musees-2","tag-patrimoine-2","tag-politique-culturelle-2"],"_links":{"self":[{"href":"https:\/\/www.option-culture.com\/index.php?rest_route=\/wp\/v2\/posts\/5322","targetHints":{"allow":["GET"]}}],"collection":[{"href":"https:\/\/www.option-culture.com\/index.php?rest_route=\/wp\/v2\/posts"}],"about":[{"href":"https:\/\/www.option-culture.com\/index.php?rest_route=\/wp\/v2\/types\/post"}],"author":[{"embeddable":true,"href":"https:\/\/www.option-culture.com\/index.php?rest_route=\/wp\/v2\/users\/2"}],"replies":[{"embeddable":true,"href":"https:\/\/www.option-culture.com\/index.php?rest_route=%2Fwp%2Fv2%2Fcomments&post=5322"}],"version-history":[{"count":1,"href":"https:\/\/www.option-culture.com\/index.php?rest_route=\/wp\/v2\/posts\/5322\/revisions"}],"predecessor-version":[{"id":5336,"href":"https:\/\/www.option-culture.com\/index.php?rest_route=\/wp\/v2\/posts\/5322\/revisions\/5336"}],"wp:attachment":[{"href":"https:\/\/www.option-culture.com\/index.php?rest_route=%2Fwp%2Fv2%2Fmedia&parent=5322"}],"wp:term":[{"taxonomy":"category","embeddable":true,"href":"https:\/\/www.option-culture.com\/index.php?rest_route=%2Fwp%2Fv2%2Fcategories&post=5322"},{"taxonomy":"post_tag","embeddable":true,"href":"https:\/\/www.option-culture.com\/index.php?rest_route=%2Fwp%2Fv2%2Ftags&post=5322"}],"curies":[{"name":"wp","href":"https:\/\/api.w.org\/{rel}","templated":true}]}}