{"id":4765,"date":"2012-08-05T08:00:03","date_gmt":"2012-08-05T06:00:03","guid":{"rendered":"http:\/\/blog.option.culture.marrot.org\/?p=4765"},"modified":"2012-09-14T22:39:27","modified_gmt":"2012-09-14T20:39:27","slug":"sarajevo-forum-mondial-durbanisme","status":"publish","type":"post","link":"https:\/\/www.option-culture.com\/?p=4765","title":{"rendered":"Sarajevo Forum Mondial d\u2019urbanisme"},"content":{"rendered":"<p>Durant quatre jours, du 6 au 9 septembre 2012, <strong><span style=\"color: #000080;\">Sarajevo<\/span> <\/strong>sera la capitale mondiale de l\u2019urbanisme et de l\u2019am\u00e9nagement du territoire.<\/p>\n<p>Sarajevo accueillera le <strong><span style=\"color: #000080;\">premier Forum Mondial consacr\u00e9 \u00e0 l\u2019avenir de la civilisation urbaine<\/span><\/strong>.<\/p>\n<p><a href=\"https:\/\/www.option-culture.com\/wp-content\/uploads\/2012\/07\/sarajevo_paris.jpg\"><img loading=\"lazy\" decoding=\"async\" class=\"wp-image-4779 aligncenter\" title=\"sarajevo_paris\" src=\"https:\/\/www.option-culture.com\/wp-content\/uploads\/2012\/07\/sarajevo_paris.jpg\" alt=\"\" width=\"100\" height=\"100\" \/><\/a><\/p>\n<p>En voici la pr\u00e9sentation par ses organisateurs (<a href=\"http:\/\/www.sarajevo-urbanism-world-forum.org\/fr\/home.html\">http:\/\/www.sarajevo-urbanism-world-forum.org<\/a>).<\/p>\n<p>\u00ab\u00a0Partout dans le monde, l\u2019urbanisme et l\u2019am\u00e9nagement du territoire sont les outils techniques, sociaux, \u00e9conomiques, culturels et politiques n\u00e9cessaires et indispensables pour fabriquer le \u00ab\u00a0Mieux Vivre Ensemble\u00a0\u00bb.<\/p>\n<p>Sarajevo est le carrefour des civilisations en Europe depuis plusieurs si\u00e8cles et, la ville, capitale de la Bosnie-Herz\u00e9govine s\u2019impose naturellement pour organiser un tel \u00e9v\u00e9nement de port\u00e9e mondiale.<\/p>\n<p><em>Sarajevo Urbanism World Forum<\/em> organisera, sous forme de biennale, la rencontre avec une capitale, une ville mondiale qui viendra pr\u00e9senter ses projets et la vision de son avenir pour le XXI\u00e8me si\u00e8cle.<\/p>\n<p>Cette manifestation prestigieuse est plac\u00e9e sous le haut patronage de la mairie de Sarajevo et de son maire, monsieur Alja Behmen.<\/p>\n<p>Paris et sa r\u00e9gion, qui sont le premier espace \u00e9conomique europ\u00e9en, ont accept\u00e9 imm\u00e9diatement l\u2019invitation du maire de Sarajevo pour la premi\u00e8re \u00e9dition de :<\/p>\n<p style=\"text-align: center;\"><strong>\u00ab Sarajevo Forum Mondial d\u2019urbanisme \u00bb<\/strong><\/p>\n<p>L\u2019Etat Fran\u00e7ais, la R\u00e9gion Ile-de-France, la Ville de Paris ont cr\u00e9\u00e9 ensemble un outil de r\u00e9flexions et de propositions pour l\u2019avenir de la capitale de la France. L\u2019Atelier International du Grand Paris (AIGP) h\u00e9berge des \u00e9quipes pluridisciplinaires d\u2019experts internationaux.<\/p>\n<p>L\u2019originalit\u00e9 de la d\u00e9marche et le travail de l\u2019AIGP int\u00e9ressent de nombreux grands pays, l\u2019Inde, le Br\u00e9sil, la Russie, la Chine\u2026 Les projets de l\u2019AIGP seront \u00e0 Sarajevo.<\/p>\n<p style=\"text-align: center;\"><a href=\"https:\/\/www.option-culture.com\/wp-content\/uploads\/2012\/07\/Sarajevo-FMU1.png\"><img loading=\"lazy\" decoding=\"async\" class=\" wp-image-4772 aligncenter\" title=\"Sarajevo FMU\" src=\"https:\/\/www.option-culture.com\/wp-content\/uploads\/2012\/07\/Sarajevo-FMU1.png\" alt=\"\" width=\"576\" height=\"160\" srcset=\"https:\/\/www.option-culture.com\/wp-content\/uploads\/2012\/07\/Sarajevo-FMU1.png 900w, https:\/\/www.option-culture.com\/wp-content\/uploads\/2012\/07\/Sarajevo-FMU1-300x83.png 300w\" sizes=\"auto, (max-width: 576px) 100vw, 576px\" \/><\/a><\/p>\n<p>Monsieur Bertrand Delano\u00eb, maire de Paris et monsieur Jean-Paul Huchon, pr\u00e9sident de la r\u00e9gion Ile-de-France, seront pr\u00e9sents \u00e0 Sarajevo \u00e0 la t\u00eate de d\u00e9l\u00e9gations de maires d\u2019Ile-de-France, d\u2019entreprises, d\u2019architectes, d\u2019urbanistes et d\u2019experts de renomm\u00e9e mondiale.<\/p>\n<p>Monsieur Alja Behmen invite tous les maires des capitales des Balkans, mais aussi tous les maires des villes jumel\u00e9es avec Sarajevo\u00a0: Barcelone, Amsterdam, Istanbul, Madrid, Ankara mais aussi Vienne, Vilnius\u2026 et de nombreuses personnalit\u00e9s des arts, de l\u2019\u00e9conomie et de la politique.<\/p>\n<p>La manifestation s\u2019installera dans diff\u00e9rents lieux embl\u00e9matiques de Sarajevo.<\/p>\n<p>Au-del\u00e0 des professionnels de l\u2019urbanisme et de l\u2019am\u00e9nagement du territoire, cette manifestation s\u2019adresse \u00e0 tous les citoyens soucieux de l\u2019avenir de leur cadre de vie.<\/p>\n<p>Nous esp\u00e9rons que vous serez nombreux \u00e0 venir participer \u00e0 cet \u00e9v\u00e9nement qui sera, gr\u00e2ce \u00e0 vous et au grand Paris, la premi\u00e8re \u00e9dition d\u2019une s\u00e9rie de rencontres avec les villes du monde.<\/p>\n<p>Bienvenue \u00e0 Sarajevo, Welcome to Sarajevo, Dobro do\u0161li u Sarajevo !\u00a0\u00bb<\/p>\n<p><span style=\"color: #000080;\"><strong>Almir Sahovic<\/strong>, Porte parole du comit\u00e9 organisateur et\u00a0 <strong>Jean-Fran\u00e7ois Daoulas<\/strong>, Architecte-urbaniste<\/span><\/p>\n<p style=\"text-align: justify;\">Nous interviendrons pour notre part sur le th\u00e8me des \u00ab\u00a0d\u00e9fis de l&rsquo;attractivit\u00e9 culturelle\u00a0\u00bb, dans la conf\u00e9rence n\u00b0 4 portant sur le patrimoine et le tourisme (Culture et patrimoine, les enjeux \u00e9conomiques).<\/p>\n","protected":false},"excerpt":{"rendered":"<p>Durant quatre jours, du 6 au 9 septembre 2012, Sarajevo sera la capitale mondiale de l\u2019urbanisme et de l\u2019am\u00e9nagement du territoire. Sarajevo accueillera le premier Forum Mondial consacr\u00e9 \u00e0 l\u2019avenir de la civilisation urbaine. En voici la pr\u00e9sentation par ses organisateurs (http:\/\/www.sarajevo-urbanism-world-forum.org). \u00ab\u00a0Partout dans le monde, l\u2019urbanisme et l\u2019am\u00e9nagement du territoire sont les outils techniques, [&hellip;]<\/p>\n","protected":false},"author":2,"featured_media":0,"comment_status":"open","ping_status":"open","sticky":false,"template":"","format":"standard","meta":{"footnotes":""},"categories":[25,17,13,24,20,28],"tags":[68,55,46,44,65,52],"class_list":["post-4765","post","type-post","status-publish","format-standard","hentry","category-architecture","category-colloques","category-patrimoine","category-strategie","category-tourisme","category-urbanisme","tag-architecture","tag-colloques-2","tag-patrimoine-2","tag-strategie-2","tag-tourisme","tag-urbanisme-2"],"_links":{"self":[{"href":"https:\/\/www.option-culture.com\/index.php?rest_route=\/wp\/v2\/posts\/4765","targetHints":{"allow":["GET"]}}],"collection":[{"href":"https:\/\/www.option-culture.com\/index.php?rest_route=\/wp\/v2\/posts"}],"about":[{"href":"https:\/\/www.option-culture.com\/index.php?rest_route=\/wp\/v2\/types\/post"}],"author":[{"embeddable":true,"href":"https:\/\/www.option-culture.com\/index.php?rest_route=\/wp\/v2\/users\/2"}],"replies":[{"embeddable":true,"href":"https:\/\/www.option-culture.com\/index.php?rest_route=%2Fwp%2Fv2%2Fcomments&post=4765"}],"version-history":[{"count":1,"href":"https:\/\/www.option-culture.com\/index.php?rest_route=\/wp\/v2\/posts\/4765\/revisions"}],"predecessor-version":[{"id":5342,"href":"https:\/\/www.option-culture.com\/index.php?rest_route=\/wp\/v2\/posts\/4765\/revisions\/5342"}],"wp:attachment":[{"href":"https:\/\/www.option-culture.com\/index.php?rest_route=%2Fwp%2Fv2%2Fmedia&parent=4765"}],"wp:term":[{"taxonomy":"category","embeddable":true,"href":"https:\/\/www.option-culture.com\/index.php?rest_route=%2Fwp%2Fv2%2Fcategories&post=4765"},{"taxonomy":"post_tag","embeddable":true,"href":"https:\/\/www.option-culture.com\/index.php?rest_route=%2Fwp%2Fv2%2Ftags&post=4765"}],"curies":[{"name":"wp","href":"https:\/\/api.w.org\/{rel}","templated":true}]}}