{"id":4739,"date":"2012-07-09T08:00:33","date_gmt":"2012-07-09T06:00:33","guid":{"rendered":"http:\/\/blog.option.culture.marrot.org\/?p=4739"},"modified":"2012-09-14T22:41:31","modified_gmt":"2012-09-14T20:41:31","slug":"hausses-tarifaires-et-effet-deviction","status":"publish","type":"post","link":"https:\/\/www.option-culture.com\/?p=4739","title":{"rendered":"Hausses tarifaires et effet d&#039;\u00e9viction"},"content":{"rendered":"<p style=\"text-align: justify;\">Nous l&rsquo;avions annonc\u00e9 il y a plusieurs ann\u00e9es, notamment dans l&rsquo;ouvrage collectif que nous avons dirig\u00e9 (article \u00ab\u00a0La strat\u00e9gie du prix\u00a0\u00bb, dans <em>La culture mise \u00e0 prix, la tarification dans les sites culturels<\/em>, L\u2019Harmattan, 2005), il existe un v\u00e9ritable risque d\u2019\u00ab\u00a0effet d\u2019\u00e9viction\u00a0\u00bb dans le cas d\u2019une hausse excessive des prix d&rsquo;acc\u00e8s aux sites culturels.<\/p>\n<p style=\"text-align: justify;\">Par la suite, en 2009, nous avons remis au d\u00e9partement des \u00c9tudes et de la Prospective du minist\u00e8re de la Culture une note relative \u00e0 l&rsquo;\u00e9tude des questions tarifaires, y compris celles portant sur la gratuit\u00e9, qui attirait l&rsquo;attention du minist\u00e8re de la Culture sur ce risque.<\/p>\n<p style=\"text-align: justify;\">Nous constatons par cons\u00e9quent avec satisfaction que notre suggestion, \u00e9mise \u00e0 plusieurs reprises, de mieux cerner le ph\u00e9nom\u00e8ne d'\u00a0\u00bb\u00e9viction\u00a0\u00bb provoqu\u00e9 par une hausse excessive des prix a \u00e9t\u00e9 retenue.<\/p>\n<p style=\"text-align: justify;\">Une \u00e9tude du CREDOC apporte \u00e0 ce sujet des \u00e9l\u00e9ments tangibles \u00e0 ceux pour qui ce ph\u00e9nom\u00e8ne \u00e9tait soit marginal, soit de peu d&rsquo;importance.<\/p>\n<p style=\"text-align: justify;\">Il n&rsquo;en est rien en r\u00e9alit\u00e9 : le ph\u00e9nom\u00e8ne est important et, surtout, il pose un v\u00e9ritable probl\u00e8me de politique publique : compte tenu de la difficult\u00e9 &#8211; soulign\u00e9e \u00e0 maintes reprises par de nombreux observateurs &#8211; d&rsquo;\u00e9largir les publics de la culture, comment accepter en effet que des personnes d\u00e9sireuses d&rsquo;acc\u00e9der \u00e0 un \u00e9l\u00e9ment de la tr\u00e8s riche offre culturelle de notre pays soient conduites \u00e0 y renoncer pour des questions de co\u00fbt ?<\/p>\n<p><a href=\"https:\/\/www.option-culture.com\/wp-content\/uploads\/2012\/07\/Prix-2.jpeg\"><img loading=\"lazy\" decoding=\"async\" class=\"size-full wp-image-4742 aligncenter\" title=\"Prix 2\" src=\"https:\/\/www.option-culture.com\/wp-content\/uploads\/2012\/07\/Prix-2.jpeg\" alt=\"\" width=\"240\" height=\"240\" srcset=\"https:\/\/www.option-culture.com\/wp-content\/uploads\/2012\/07\/Prix-2.jpeg 240w, https:\/\/www.option-culture.com\/wp-content\/uploads\/2012\/07\/Prix-2-150x150.jpeg 150w\" sizes=\"auto, (max-width: 240px) 100vw, 240px\" \/><\/a><\/p>\n<p style=\"text-align: justify;\">Selon le CREDOC, \u00ab\u00a0un quart de la population fran\u00e7aise indique avoir renonc\u00e9 \u00e0 visiter une exposition, un mus\u00e9e ou un monument au cours des douze derniers mois en raison du tarif trop \u00e9lev\u00e9 de la visite\u00a0\u00bb, dont certains plusieurs fois (\u00ab\u00a0La visite des mus\u00e9es, des expositions et des monuments\u00a0\u00bb, juin 2012, p. 39).<\/p>\n<p style=\"text-align: justify;\">M\u00eame en faisant la part des choses (ph\u00e9nom\u00e8ne d\u00e9claratif, manque d&rsquo;int\u00e9r\u00eat pour ce type de visite de certains r\u00e9pondants, etc.), le chiffre ne peut manquer d&rsquo;interpeller les responsables publics, parfois enclins \u00e0 consid\u00e9rer le prix d&rsquo;entr\u00e9e comme la variable d&rsquo;ajustement \u00e0 privil\u00e9gier en cas de difficult\u00e9s financi\u00e8res.<\/p>\n<p style=\"text-align: justify;\">Comme nous l&rsquo;avons \u00e9tabli, la hausse tarifaire constat\u00e9e dans de nombreux \u00e9tablissements culturels (les grands mus\u00e9es et monuments en particulier, sans oublier les expositions temporaires) provoque un double ph\u00e9nom\u00e8ne aupr\u00e8s de certains visiteurs : soit la renonciation pure et simple \u00e0 la visite ; soit \u00e0 tout le moins une r\u00e9duction de leur fr\u00e9quence de visite.<\/p>\n<p style=\"text-align: justify;\">En d\u00e9finitive, le d\u00e9bat sur les questions tarifaires va-t-il \u00eatre relanc\u00e9 ?<\/p>\n","protected":false},"excerpt":{"rendered":"<p>Nous l&rsquo;avions annonc\u00e9 il y a plusieurs ann\u00e9es, notamment dans l&rsquo;ouvrage collectif que nous avons dirig\u00e9 (article \u00ab\u00a0La strat\u00e9gie du prix\u00a0\u00bb, dans La culture mise \u00e0 prix, la tarification dans les sites culturels, L\u2019Harmattan, 2005), il existe un v\u00e9ritable risque d\u2019\u00ab\u00a0effet d\u2019\u00e9viction\u00a0\u00bb dans le cas d\u2019une hausse excessive des prix d&rsquo;acc\u00e8s aux sites culturels. Par [&hellip;]<\/p>\n","protected":false},"author":2,"featured_media":0,"comment_status":"open","ping_status":"open","sticky":false,"template":"","format":"standard","meta":{"footnotes":""},"categories":[16,13,12,14],"tags":[48,46,43,58],"class_list":["post-4739","post","type-post","status-publish","format-standard","hentry","category-musees","category-patrimoine","category-politique-culturelle","category-tarification-gratuite","tag-musees-2","tag-patrimoine-2","tag-politique-culturelle-2","tag-tarification-gratuite-2"],"_links":{"self":[{"href":"https:\/\/www.option-culture.com\/index.php?rest_route=\/wp\/v2\/posts\/4739","targetHints":{"allow":["GET"]}}],"collection":[{"href":"https:\/\/www.option-culture.com\/index.php?rest_route=\/wp\/v2\/posts"}],"about":[{"href":"https:\/\/www.option-culture.com\/index.php?rest_route=\/wp\/v2\/types\/post"}],"author":[{"embeddable":true,"href":"https:\/\/www.option-culture.com\/index.php?rest_route=\/wp\/v2\/users\/2"}],"replies":[{"embeddable":true,"href":"https:\/\/www.option-culture.com\/index.php?rest_route=%2Fwp%2Fv2%2Fcomments&post=4739"}],"version-history":[{"count":1,"href":"https:\/\/www.option-culture.com\/index.php?rest_route=\/wp\/v2\/posts\/4739\/revisions"}],"predecessor-version":[{"id":5348,"href":"https:\/\/www.option-culture.com\/index.php?rest_route=\/wp\/v2\/posts\/4739\/revisions\/5348"}],"wp:attachment":[{"href":"https:\/\/www.option-culture.com\/index.php?rest_route=%2Fwp%2Fv2%2Fmedia&parent=4739"}],"wp:term":[{"taxonomy":"category","embeddable":true,"href":"https:\/\/www.option-culture.com\/index.php?rest_route=%2Fwp%2Fv2%2Fcategories&post=4739"},{"taxonomy":"post_tag","embeddable":true,"href":"https:\/\/www.option-culture.com\/index.php?rest_route=%2Fwp%2Fv2%2Ftags&post=4739"}],"curies":[{"name":"wp","href":"https:\/\/api.w.org\/{rel}","templated":true}]}}