{"id":4457,"date":"2012-04-01T08:00:46","date_gmt":"2012-04-01T06:00:46","guid":{"rendered":"http:\/\/blog.option.culture.marrot.org\/?p=4457"},"modified":"2012-09-14T22:45:32","modified_gmt":"2012-09-14T20:45:32","slug":"artiste-et-manager","status":"publish","type":"post","link":"https:\/\/www.option-culture.com\/?p=4457","title":{"rendered":"Artiste&#8230; et manager !"},"content":{"rendered":"<p style=\"text-align: justify;\">Il fallait s&rsquo;y attendre : le minist\u00e8re de la Culture, sur la pression semble-t-il des services du minist\u00e8re de l\u2019\u00c9conomie et des Finances, vient d&rsquo;annoncer que tous les dirigeants de grandes institutions culturelles devront obligatoirement disposer d&rsquo;un dipl\u00f4me en management.<\/p>\n<p style=\"text-align: justify;\">Sans attendre, les directeurs des principales universit\u00e9s de gestion et de grandes \u00e9coles de commerce (HEC, ESSEC, ESCP, etc.) ont indiqu\u00e9 qu&rsquo;elles \u00e9taient pr\u00eates \u00e0 proposer des modules de formation con\u00e7us sp\u00e9cialement \u00e0 cette fin.<\/p>\n<p style=\"text-align: justify;\">Ces derniers devront toutefois recevoir l&rsquo;agr\u00e9ment du minist\u00e8re de la Culture pour \u00eatre reconnus comme des dipl\u00f4mes permettant l&rsquo;acc\u00e8s \u00e0 la direction d&rsquo;\u00e9tablissements culturels de premier plan, qu&rsquo;il s&rsquo;agisse de th\u00e9\u00e2tres, de centres d&rsquo;art, de biblioth\u00e8ques, de mus\u00e9es, de centres culturels ou encore de monuments.<\/p>\n<p style=\"text-align: justify;\">Les associations professionnelles concern\u00e9es n&rsquo;ont &#8211; pour l&rsquo;instant du moins &#8211; pas fait conna\u00eetre leur opposition \u00e0 ce projet gouvernemental, dans la mesure o\u00f9 il peut leur appara\u00eetre comme un moindre mal face \u00e0 l&rsquo;arriv\u00e9e d&rsquo;administrateurs qui revendiquent \u00e0 pr\u00e9sent la direction d&rsquo;institutions culturelles et artistiques.<\/p>\n<p><a href=\"https:\/\/www.option-culture.com\/wp-content\/uploads\/2012\/04\/JO.jpg\"><img loading=\"lazy\" decoding=\"async\" class=\"aligncenter\" title=\"JO\" src=\"https:\/\/www.option-culture.com\/wp-content\/uploads\/2012\/04\/JO.jpg\" alt=\"\" width=\"352\" height=\"143\" \/><\/a><\/p>\n<p style=\"text-align: justify;\">Quant aux \u00e9coles d&rsquo;application telles que l&rsquo;ENSSIB ou l&rsquo;INP, elles \u00e9taient au pied du mur s&rsquo;agissant de la dimension gestionnaire de leurs enseignements, car les personnels qu&rsquo;elles forment n&rsquo;acc\u00e8dent plus automatiquement \u00e0 la direction des biblioth\u00e8ques ou des institutions patrimoniales.<\/p>\n<p style=\"text-align: justify;\">Elles devront donc \u00ab\u00a0muscler\u00a0\u00bb leurs enseignements dans ce domaine pour pouvoir b\u00e9n\u00e9ficier elles aussi de l&rsquo;agr\u00e9ment du minist\u00e8re de la Culture pour les modules de formation continue qu&rsquo;elles seront sans doute appel\u00e9es \u00e0 mettre en place ; l&rsquo;objectif \u00e9tant de ne pas c\u00e9der trop de terrain aux \u00e9coles et autres facult\u00e9s de management dans ce domaine strat\u00e9gique.<\/p>\n<p style=\"text-align: justify;\">Notons que cette mesure n&rsquo;entrera pas en vigueur du jour au lendemain.<\/p>\n<p style=\"text-align: justify;\">S&rsquo;agissant des nouvelles nominations, les institutions concern\u00e9es auront 3 ans pour s&rsquo;y conformer.<\/p>\n<p style=\"text-align: justify;\">S&rsquo;agissant des personnels de direction en place, ils pourront soit suivre les formations correspondantes, soit b\u00e9n\u00e9ficier d&rsquo;une validation des acquis de l&rsquo;exp\u00e9rience (VAE) selon des conditions qui seront prochainement pr\u00e9cis\u00e9es par un arr\u00eat\u00e9 minist\u00e9riel.<\/p>\n<p style=\"text-align: justify;\">Enfin, dans 5 ans, toutes les grandes institutions culturelles subventionn\u00e9es \u00e0 hauteur de plus de 50% par le minist\u00e8re de la Culture devront avoir \u00e0 leur t\u00eate un directeur (ou une directrice) d\u00e9tenteur (d\u00e9tentrice) d&rsquo;un dipl\u00f4me de gestion agr\u00e9\u00e9.<\/p>\n<p style=\"text-align: justify;\">Une r\u00e9volution en perspective donc !<\/p>\n<p style=\"text-align: justify;\">Et vous, qu&rsquo;en pensez-vous ?<\/p>\n","protected":false},"excerpt":{"rendered":"<p>Il fallait s&rsquo;y attendre : le minist\u00e8re de la Culture, sur la pression semble-t-il des services du minist\u00e8re de l\u2019\u00c9conomie et des Finances, vient d&rsquo;annoncer que tous les dirigeants de grandes institutions culturelles devront obligatoirement disposer d&rsquo;un dipl\u00f4me en management. Sans attendre, les directeurs des principales universit\u00e9s de gestion et de grandes \u00e9coles de commerce [&hellip;]<\/p>\n","protected":false},"author":2,"featured_media":0,"comment_status":"open","ping_status":"open","sticky":false,"template":"","format":"standard","meta":{"footnotes":""},"categories":[27,10,12],"tags":[53,54,43],"class_list":["post-4457","post","type-post","status-publish","format-standard","hentry","category-formation","category-management","category-politique-culturelle","tag-formation-2","tag-management-2","tag-politique-culturelle-2"],"_links":{"self":[{"href":"https:\/\/www.option-culture.com\/index.php?rest_route=\/wp\/v2\/posts\/4457","targetHints":{"allow":["GET"]}}],"collection":[{"href":"https:\/\/www.option-culture.com\/index.php?rest_route=\/wp\/v2\/posts"}],"about":[{"href":"https:\/\/www.option-culture.com\/index.php?rest_route=\/wp\/v2\/types\/post"}],"author":[{"embeddable":true,"href":"https:\/\/www.option-culture.com\/index.php?rest_route=\/wp\/v2\/users\/2"}],"replies":[{"embeddable":true,"href":"https:\/\/www.option-culture.com\/index.php?rest_route=%2Fwp%2Fv2%2Fcomments&post=4457"}],"version-history":[{"count":1,"href":"https:\/\/www.option-culture.com\/index.php?rest_route=\/wp\/v2\/posts\/4457\/revisions"}],"predecessor-version":[{"id":5362,"href":"https:\/\/www.option-culture.com\/index.php?rest_route=\/wp\/v2\/posts\/4457\/revisions\/5362"}],"wp:attachment":[{"href":"https:\/\/www.option-culture.com\/index.php?rest_route=%2Fwp%2Fv2%2Fmedia&parent=4457"}],"wp:term":[{"taxonomy":"category","embeddable":true,"href":"https:\/\/www.option-culture.com\/index.php?rest_route=%2Fwp%2Fv2%2Fcategories&post=4457"},{"taxonomy":"post_tag","embeddable":true,"href":"https:\/\/www.option-culture.com\/index.php?rest_route=%2Fwp%2Fv2%2Ftags&post=4457"}],"curies":[{"name":"wp","href":"https:\/\/api.w.org\/{rel}","templated":true}]}}