{"id":4435,"date":"2012-03-20T08:00:49","date_gmt":"2012-03-20T06:00:49","guid":{"rendered":"http:\/\/blog.option.culture.marrot.org\/?p=4435"},"modified":"2014-01-02T09:17:05","modified_gmt":"2014-01-02T07:17:05","slug":"qui-devrait-diriger-les-grandes-institutions-culturelles","status":"publish","type":"post","link":"https:\/\/www.option-culture.com\/?p=4435","title":{"rendered":"Qui devrait diriger les grandes institutions culturelles ? Who should manage major cultural institutions?"},"content":{"rendered":"<p style=\"text-align: justify;\"><em>Au moment o\u00f9 s\u2019affrontent, par presse interpos\u00e9e, le pr\u00e9sident du Centre Georges Pompidou et le pr\u00e9sident de la <\/em>Centre Pompidou Foundation<em>, il semble utile de revenir sur les conflits de l\u00e9gitimit\u00e9 qui naissent de la d\u00e9cision de confier \u00e0 un \u00ab\u00a0non sp\u00e9cialiste\u00a0\u00bb la direction de grandes institutions culturelles fran\u00e7aises\u00a0: domaine national de Versailles, ch\u00e2teau de Fontainebleau, cit\u00e9 de l\u2019Architecture et du Patrimoine, centre Georges Pompidou, mus\u00e9e du quai Branly, etc.<\/em><\/p>\n<p style=\"text-align: justify;\">Voici le d\u00e9but de notre tribune, qui fait \u00e9cho \u00e0 un pr\u00e9c\u00e9dent billet (<a href=\"..\/?p=4387\">http:\/\/blog.option.culture.marrot.org\/?p=4387<\/a>), \u00e0 retrouver \u00e0 l&rsquo;adresse suivante : <a href=\"http:\/\/lecercle.lesechos.fr\/economie-societe\/societe\/autres\/221144301\/devrait-diriger-grandes-institutions-culturelles\">http:\/\/lecercle.lesechos.fr\/economie-societe\/societe\/autres\/221144301\/devrait-diriger-grandes-institutions-culturelles<\/a>.<\/p>\n<p style=\"text-align: justify;\">La <strong><span style=\"color: #000080;\">version anglaise<\/span><\/strong>, pour nos amis anglophones.<\/p>\n<p><strong>Who should manage major cultural institutions?<br \/>\n<\/strong><\/p>\n<p style=\"text-align: justify;\">At this moment, when the president of the Centre Georges Pompidou and the president of the Centre Pompidou Foundation are crossing swords via the press, it seems useful to consider again the conflicts of legitimacy that arise from the decision to entrust the management of major French cultural institutions to a \u201cnon-specialist\u201d: Versailles and its park, Fontainebleau castle, the Cit\u00e9 de l\u2019Architecture et du Patrimoine, the Georges Pompidou center, the quai Branly museum, etc.<strong><br \/>\n<\/strong><\/p>\n<p style=\"text-align: justify;\">With hindsight, it now seems evident that the actions of these managers, who exercise an executive function which is not limited to \u201cpresiding\u201d over these institutions, i.e., representing them, finding partners, and fundraising, leads to a number of consequences which should be reflected on without polemic.<\/p>\n<p style=\"text-align: justify;\">These consequences are on several levels, even if they are not necessarily present cumulatively in the institutions in question: excessive communication exposure, personalization of management in the president alone, increasing weight of special events, lack of transparency, taking liberties with the curators\u2019 deontology for lending works and special exhibitions, obsession with the number of visitors, lack of vigilance in relations with donors, and increasing entry prices.<\/p>\n<p style=\"text-align: justify;\">This last point is especially worrisome, as the \u201cCour des comptes\u201d underlined in its report on national museums, because it leads to reducing for a growing number of people access to a cultural offering which is in principle intended for the greatest number.<em><br \/>\n<\/em><\/p>\n<p style=\"text-align: justify;\"><em>Real management skills?<\/em><\/p>\n<p style=\"text-align: justify;\">As far as the ability to manage, which is the least one should expect from \u201cmanagers\u201d, these skills are far from universally present, be they skills in human resources management, ability to set priorities and to make strategic choices, or even to deal efficiently with problems caused by a large number of visitors: increasing visitor satisfaction, presenting and interpreting the collections, managing people waiting in line, cultural mediation, relations with local and regional government and with stake holders\u2026<\/p>\n<p style=\"text-align: justify;\">It is true that certain of these same traits can be found in institutions managed by conservation and heritage specialists.<\/p>\n<p style=\"text-align: justify;\">Nevertheless, a cultural institution has a higher probability of realizing its full artistic potential and optimizing its operation when it is managed by a person whose prestige, widely-known reputation, intellectual authority, charisma and leadership abilities are uncontested, and who possesses \u2013 in addition \u2013 real management skills by virtue of his professional experience.<em><br \/>\n<\/em><\/p>\n<p style=\"text-align: justify;\"><em>For an optimized allocation of roles<\/em><\/p>\n<p style=\"text-align: justify;\">Contrary to what is sometimes said, the most current research in the management field demonstrates that the most important aspect in terms of managing an institution resides in the ability to define a unique \u201cvision\u201d, flowing from the institution\u2019s missions and which is approved and supported by employees, governing bodies and partners.<\/p>\n<p style=\"text-align: justify;\">Individuals who are immersed in a given discipline (architecture, history, sciences, ethnology, art history) have the greatest possibility of developing such a vision. This accepted principle of management, which shows that a different approach heads to a less than optimal situation in terms of the institution\u2019s influence, is consistent with the approach taken by the world\u2019s largest cultural institutions, which entrust to managers the role for which they are best suited: that of associates of a highly-respected scientific or artistic figure. This is management\u2019s highest calling: to contribute to the realization of artistic projects in coherence with the cultural manager\u2019s vision. This state of mind, characterized by a healthy humility, should never have been forgotten by certain managers.<\/p>\n<p style=\"text-align: justify;\">To conclude with a concrete proposal: an international call for candidacies should be organized for the next round of nominations to lead major cultural institutions. But will the choice fall on an \u201cadvisor to the prince\u201d?<\/p>\n<p style=\"text-align: justify;\"><a href=\"https:\/\/www.option-culture.com\/wp-content\/uploads\/2012\/03\/Cercle-Les-Echos.jpg\"><img loading=\"lazy\" decoding=\"async\" class=\"size-full wp-image-4442 aligncenter\" title=\"Cercle Les Echos\" alt=\"\" src=\"https:\/\/www.option-culture.com\/wp-content\/uploads\/2012\/03\/Cercle-Les-Echos.jpg\" width=\"464\" height=\"212\" srcset=\"https:\/\/www.option-culture.com\/wp-content\/uploads\/2012\/03\/Cercle-Les-Echos.jpg 580w, https:\/\/www.option-culture.com\/wp-content\/uploads\/2012\/03\/Cercle-Les-Echos-300x137.jpg 300w\" sizes=\"auto, (max-width: 464px) 100vw, 464px\" \/><\/a>Que pensez-vous de cette analyse ?<\/p>\n<p style=\"text-align: justify;\">A lire \u00e9galement :<\/p>\n<ul>\n<li><a href=\"http:\/\/lecercle.lesechos.fr\/economie-societe\/societe\/221134588\/valoriser-patrimoine-impasses-conseil-analyse-economique\">http:\/\/lecercle.lesechos.fr\/economie-societe\/societe\/221134588\/valoriser-patrimoine-impasses-conseil-analyse-economique<\/a><\/li>\n<li><a href=\"http:\/\/lecercle.lesechos.fr\/economie-societe\/societe\/autres\/221136497\/reconstruire-ecosysteme-museal-francais\">http:\/\/lecercle.lesechos.fr\/economie-societe\/societe\/autres\/221136497\/reconstruire-ecosysteme-museal-francais<\/a><\/li>\n<\/ul>\n<p style=\"text-align: justify;\">PS : voici par ailleurs ce que nous \u00e9crivions \u00e0 ce sujet il y a quelques ann\u00e9es, sur le blog \u00ab\u00a0Culture virale\u00a0\u00bb (28 novembre 2007).<\/p>\n<p style=\"text-align: justify;\">Le prestigieux poste de directeur de la National Gallery de Londres vient d&rsquo;\u00eatre confi\u00e9 \u00e0 l\u2019historien de l\u2019art Nicholas Penny. Ce dernier, apr\u00e8s avoir \u00e9t\u00e9 conservateur dans ce m\u00eame mus\u00e9e, travaillait ces derni\u00e8res ann\u00e9es \u00e0 la National Gallery de Washington.<\/p>\n<p><img loading=\"lazy\" decoding=\"async\" class=\"aligncenter\" title=\"Nicholas Penny\" alt=\"Nicholas Penny\" src=\"http:\/\/culturevirale.free.fr\/wp-content\/02_art01.jpg\" width=\"136\" height=\"170\" border=\"0\" hspace=\"0\" vspace=\"0\" \/><\/p>\n<p style=\"text-align: justify;\">Contrairement \u00e0 ce qu\u2019affirment certains bons esprits, la direction des mus\u00e9es devrait ainsi continuer \u00e0 privil\u00e9gier l\u2019expertise dans le domaine concern\u00e9 par leurs collections respectives, plut\u00f4t que de r\u00e9pondre aux (seules) sir\u00e8nes du management.<\/p>\n<p style=\"text-align: justify;\">Ayant largement \u2013 et depuis des ann\u00e9es \u2013 insist\u00e9 sur l\u2019importance des qualit\u00e9s de gestion et de <em>leadership<\/em> demand\u00e9es aujourd\u2019hui aux directeurs de mus\u00e9es, nous ne saurions \u00eatre suspect\u00e9 de n\u00e9gliger cet aspect \u2013 crucial \u2013 de la direction d\u2019un grand \u00e9tablissement mus\u00e9al (cf. <em>Le Journal des Arts<\/em> n\u00b0 268 du 2 au 15 novembre 2007).<\/p>\n<p style=\"text-align: justify;\">Il est vrai que l\u2019int\u00e9r\u00eat mod\u00e9r\u00e9 des conservateurs pour ces sujets leur a peut-\u00eatre \u00e9t\u00e9 fatal, sauf \u00e0 provoquer une r\u00e9action salutaire de leur part dans les plus brefs d\u00e9lais. On constate en effet que des grands \u00e9tablissements publics, des fondations, des mus\u00e9es d\u2019association, des soci\u00e9t\u00e9s d\u2019\u00e9conomie mixte, des \u00e9tablissements publics de coop\u00e9ration culturelle et m\u00eame des mus\u00e9es municipaux n\u2019h\u00e9sitent plus d\u00e9sormais \u00e0 \u00e9carter la candidature de conservateurs du patrimoine au profit de personnes aux profils non scientifiques.<\/p>\n<p style=\"text-align: justify;\">Si les conservateurs se sentent \u00ab menac\u00e9s \u00bb par le r\u00f4le croissant des administrateurs et des m\u00e9diateurs, il leur reste \u00e0 \u00e9tablir (comme aux \u00c9tats-Unis d\u2019Am\u00e9rique par exemple, qui continuent \u00e0 confier la direction de leurs grands mus\u00e9es \u00e0 des conservateurs, bien s\u00fbr entour\u00e9s d\u2019\u00e9quipes sp\u00e9cialis\u00e9es) que leurs connaissances scientifiques font d\u2019eux les personnes les plus aptes \u00e0 proposer une vision strat\u00e9gique du d\u00e9veloppement de leur \u00e9tablissement.<\/p>\n<p style=\"text-align: justify;\">Et ce, tout en d\u00e9montrant une r\u00e9elle aptitude \u00e0 ma\u00eetriser les dimensions gestionnaires associ\u00e9es \u00e0 la direction d\u2019une grande institution mus\u00e9ale (qu\u2019elles soient financi\u00e8res, juridiques ou de ressources humaines).<\/p>\n<p style=\"text-align: justify;\">Faute de quoi, ils conserveront sans doute formellement une place \u00e9minente dans l\u2019organigramme des mus\u00e9es, mais le pouvoir v\u00e9ritable leur \u00e9chappera, ce qui n\u2019est pas n\u00e9cessairement une bonne nouvelle d\u2019un point de vue scientifique, artistique, social et \u00e9ducatif.<\/p>\n","protected":false},"excerpt":{"rendered":"<p>Au moment o\u00f9 s\u2019affrontent, par presse interpos\u00e9e, le pr\u00e9sident du Centre Georges Pompidou et le pr\u00e9sident de la Centre Pompidou Foundation, il semble utile de revenir sur les conflits de l\u00e9gitimit\u00e9 qui naissent de la d\u00e9cision de confier \u00e0 un \u00ab\u00a0non sp\u00e9cialiste\u00a0\u00bb la direction de grandes institutions culturelles fran\u00e7aises\u00a0: domaine national de Versailles, ch\u00e2teau de [&hellip;]<\/p>\n","protected":false},"author":2,"featured_media":0,"comment_status":"open","ping_status":"open","sticky":false,"template":"","format":"standard","meta":{"footnotes":""},"categories":[71,10,16,13,12,24],"tags":[54,48,46,43,44],"class_list":["post-4435","post","type-post","status-publish","format-standard","hentry","category-leadership","category-management","category-musees","category-patrimoine","category-politique-culturelle","category-strategie","tag-management-2","tag-musees-2","tag-patrimoine-2","tag-politique-culturelle-2","tag-strategie-2"],"_links":{"self":[{"href":"https:\/\/www.option-culture.com\/index.php?rest_route=\/wp\/v2\/posts\/4435","targetHints":{"allow":["GET"]}}],"collection":[{"href":"https:\/\/www.option-culture.com\/index.php?rest_route=\/wp\/v2\/posts"}],"about":[{"href":"https:\/\/www.option-culture.com\/index.php?rest_route=\/wp\/v2\/types\/post"}],"author":[{"embeddable":true,"href":"https:\/\/www.option-culture.com\/index.php?rest_route=\/wp\/v2\/users\/2"}],"replies":[{"embeddable":true,"href":"https:\/\/www.option-culture.com\/index.php?rest_route=%2Fwp%2Fv2%2Fcomments&post=4435"}],"version-history":[{"count":2,"href":"https:\/\/www.option-culture.com\/index.php?rest_route=\/wp\/v2\/posts\/4435\/revisions"}],"predecessor-version":[{"id":6495,"href":"https:\/\/www.option-culture.com\/index.php?rest_route=\/wp\/v2\/posts\/4435\/revisions\/6495"}],"wp:attachment":[{"href":"https:\/\/www.option-culture.com\/index.php?rest_route=%2Fwp%2Fv2%2Fmedia&parent=4435"}],"wp:term":[{"taxonomy":"category","embeddable":true,"href":"https:\/\/www.option-culture.com\/index.php?rest_route=%2Fwp%2Fv2%2Fcategories&post=4435"},{"taxonomy":"post_tag","embeddable":true,"href":"https:\/\/www.option-culture.com\/index.php?rest_route=%2Fwp%2Fv2%2Ftags&post=4435"}],"curies":[{"name":"wp","href":"https:\/\/api.w.org\/{rel}","templated":true}]}}