{"id":4206,"date":"2012-02-05T08:00:34","date_gmt":"2012-02-05T06:00:34","guid":{"rendered":"http:\/\/blog.option.culture.marrot.org\/?p=4206"},"modified":"2012-09-14T22:48:12","modified_gmt":"2012-09-14T20:48:12","slug":"cdt-93-sensibilisation-et-accompagnement-des-lieux-de-culture-dans-la-recherche-de-ressources-propres","status":"publish","type":"post","link":"https:\/\/www.option-culture.com\/?p=4206","title":{"rendered":"CDT 93 : sensibilisation et accompagnement des lieux de culture dans la recherche de ressources propres"},"content":{"rendered":"<p style=\"text-align: justify;\">Sous l&rsquo;intitul\u00e9 \u00ab\u00a0RENCONTRE DES ACTEURS CULTURELS DU NORD-EST PARISIEN\u00a0\u00bb, le Comit\u00e9 d\u00e9partemental du tourisme de la Seine-Saint-Denis (www.tourisme93.com), qui compte notamment dans son territoire la basilique de Saint-Denis, le mus\u00e9e national de l\u2019Air et de l\u2019Espace ou encore le Stade de France, a organis\u00e9 le 29 novembre 2011 une journ\u00e9e de sensibilisation et d&rsquo;accompagnement des lieux de culture du d\u00e9partement 93 dans la recherche de ressources propres.<\/p>\n<p style=\"text-align: justify;\">Selon le CDT 93 en effet, ce dernier \u00ab\u00a0est r\u00e9guli\u00e8rement sollicit\u00e9 par ses partenaires culturels sur des questions relatives au d\u00e9veloppement de ressources annexes, notamment \u00e0 travers la privatisation de certains de leurs espaces. Dans ce contexte, et pour poursuivre sa mission d&rsquo;accompagnement, le CDT 93 initie une action visant \u00e0 favoriser les \u00e9changes d&rsquo;exp\u00e9rience entre partenaires et \u00e0 examiner ensemble diff\u00e9rents types de ressources possibles\u00a0\u00bb.<\/p>\n<p style=\"text-align: center;\"><a href=\"https:\/\/www.option-culture.com\/wp-content\/uploads\/2012\/02\/CDT93-3.jpg\"><img loading=\"lazy\" decoding=\"async\" class=\"aligncenter\" title=\"CDT93 3\" src=\"https:\/\/www.option-culture.com\/wp-content\/uploads\/2012\/02\/CDT93-3.jpg\" alt=\"\" width=\"300\" height=\"198\" \/><\/a><\/p>\n<p style=\"text-align: justify;\">Pour le Comit\u00e9 d\u00e9partemental du tourisme \u2013 Le Nord-Est Parisien, il s&rsquo;agissait \u00ab\u00a0de faire un \u00e9tat des lieux des client\u00e8les, des march\u00e9s et des tendances, et de pr\u00e9senter des initiatives en mati\u00e8re de cr\u00e9ation d&rsquo;activit\u00e9s, de services, de partenariats et\/ou de produits susceptibles de g\u00e9n\u00e9rer des ressources suppl\u00e9mentaires\u00a0\u00bb.<\/p>\n<p>Pour cela, 5 th\u00e9matiques avaient \u00e9t\u00e9 retenues :<\/p>\n<ul>\n<li>\u00c9v\u00e9nementiel (privatisation des espaces, avant-premi\u00e8res, coulisses&#8230;)<\/li>\n<li><em>Incentives<\/em> \u00e0 destination des entreprises ou des comit\u00e9s d&rsquo;entreprise<\/li>\n<li>Tournages de films et <em>shooting<\/em> photos<\/li>\n<li>M\u00e9c\u00e9nat, sponsoring, clubs<\/li>\n<li>Espaces de vente, bar, restauration<\/li>\n<\/ul>\n<p>&nbsp;<\/p>\n<p><a href=\"https:\/\/www.option-culture.com\/wp-content\/uploads\/2012\/02\/CDT93-1.jpg\"><img loading=\"lazy\" decoding=\"async\" class=\"aligncenter\" title=\"CDT93 1\" src=\"https:\/\/www.option-culture.com\/wp-content\/uploads\/2012\/02\/CDT93-1.jpg\" alt=\"\" width=\"424\" height=\"76\" \/><\/a><\/p>\n<p>&nbsp;<\/p>\n<p>Anim\u00e9 par la journaliste Hind Meddeb, le programme de la journ\u00e9e \u00e9tait le suivant.<\/p>\n<ul>\n<li><em>Pr\u00e9sentation d\u2019une \u00e9tude sur le tourisme d\u2019affaire<\/em> par May Vo-Ha Begin (CDT93)<\/li>\n<li><em>Quelles marges de man\u0153uvre pour les professionnels de la culture ?<\/em> par Jean-Michel Tobelem (Option Culture)<\/li>\n<li><em>Le m\u00e9c\u00e9nat d\u2019entreprise<\/em> par B\u00e9n\u00e9dicte M\u00e9nanteau (ADMICAL)<\/li>\n<li><em>Boutiques et espaces de vente<\/em> par Muriel Jean (Mus\u00e9um &amp; Industrie)<\/li>\n<li><em>L\u2019\u00e9v\u00e9nementiel et la privatisation des espaces<\/em> par Cyril Duch\u00eane (Centre national de la danse)<\/li>\n<li>Incentives<em> et cours destin\u00e9s aux entreprises<\/em> par Camille Dumas (Mains d&rsquo;\u0153uvres)<\/li>\n<li><em>Tournages et <\/em>shooting<em> photos<\/em> par Stephan Bender (Commission du film de Seine-Saint-Denis)<\/li>\n<li><em>M\u00e9c\u00e9nat et sponsoring<\/em> par Emmanuelle Gorsse (Grande Halle de la Villette)<\/li>\n<\/ul>\n<p>Une initiative \u00e0 saluer !<\/p>\n","protected":false},"excerpt":{"rendered":"<p>Sous l&rsquo;intitul\u00e9 \u00ab\u00a0RENCONTRE DES ACTEURS CULTURELS DU NORD-EST PARISIEN\u00a0\u00bb, le Comit\u00e9 d\u00e9partemental du tourisme de la Seine-Saint-Denis (www.tourisme93.com), qui compte notamment dans son territoire la basilique de Saint-Denis, le mus\u00e9e national de l\u2019Air et de l\u2019Espace ou encore le Stade de France, a organis\u00e9 le 29 novembre 2011 une journ\u00e9e de sensibilisation et d&rsquo;accompagnement des [&hellip;]<\/p>\n","protected":false},"author":2,"featured_media":0,"comment_status":"open","ping_status":"open","sticky":false,"template":"","format":"standard","meta":{"footnotes":""},"categories":[17,21,10,11,33,24],"tags":[55,41,54,40,45,44],"class_list":["post-4206","post","type-post","status-publish","format-standard","hentry","category-colloques","category-financement","category-management","category-mecenat","category-spectacle-vivant","category-strategie","tag-colloques-2","tag-financement-2","tag-management-2","tag-mecenat-2","tag-spectacle-vivant-2","tag-strategie-2"],"_links":{"self":[{"href":"https:\/\/www.option-culture.com\/index.php?rest_route=\/wp\/v2\/posts\/4206","targetHints":{"allow":["GET"]}}],"collection":[{"href":"https:\/\/www.option-culture.com\/index.php?rest_route=\/wp\/v2\/posts"}],"about":[{"href":"https:\/\/www.option-culture.com\/index.php?rest_route=\/wp\/v2\/types\/post"}],"author":[{"embeddable":true,"href":"https:\/\/www.option-culture.com\/index.php?rest_route=\/wp\/v2\/users\/2"}],"replies":[{"embeddable":true,"href":"https:\/\/www.option-culture.com\/index.php?rest_route=%2Fwp%2Fv2%2Fcomments&post=4206"}],"version-history":[{"count":1,"href":"https:\/\/www.option-culture.com\/index.php?rest_route=\/wp\/v2\/posts\/4206\/revisions"}],"predecessor-version":[{"id":5371,"href":"https:\/\/www.option-culture.com\/index.php?rest_route=\/wp\/v2\/posts\/4206\/revisions\/5371"}],"wp:attachment":[{"href":"https:\/\/www.option-culture.com\/index.php?rest_route=%2Fwp%2Fv2%2Fmedia&parent=4206"}],"wp:term":[{"taxonomy":"category","embeddable":true,"href":"https:\/\/www.option-culture.com\/index.php?rest_route=%2Fwp%2Fv2%2Fcategories&post=4206"},{"taxonomy":"post_tag","embeddable":true,"href":"https:\/\/www.option-culture.com\/index.php?rest_route=%2Fwp%2Fv2%2Ftags&post=4206"}],"curies":[{"name":"wp","href":"https:\/\/api.w.org\/{rel}","templated":true}]}}