{"id":4183,"date":"2011-11-27T08:00:52","date_gmt":"2011-11-27T07:00:52","guid":{"rendered":"http:\/\/blog.option.culture.marrot.org\/?p=4183"},"modified":"2011-11-27T08:00:52","modified_gmt":"2011-11-27T07:00:52","slug":"manuel-borja-villel-le-reina-sofia-de-madrid-et-lavenir-des-musees","status":"publish","type":"post","link":"https:\/\/www.option-culture.com\/?p=4183","title":{"rendered":"Manuel Borja-Villel, le Reina Sofia de Madrid et l&#039;avenir des mus\u00e9es"},"content":{"rendered":"<p style=\"text-align: justify;\">A noter, dans le journal <em>Le Monde<\/em> du 19 novembre 2011, une prise de position du directeur du mus\u00e9e Reina Sofia \u00e0 Madrid, Manuel Borja-Villel, qu&rsquo;illustrent les citations suivantes extraites de l&rsquo;article de Michel Guerrin.<\/p>\n<ul>\n<li style=\"text-align: justify;\">\u00ab\u00a0Depuis la fin des ann\u00e9es 1970, on a vu l\u2019essor d\u2019un mod\u00e8le qui me semble d\u00e9pass\u00e9 : cr\u00e9er un b\u00e2timent qui est une \u0153uvre en soi, en faire un lieu de spectacles au service du tourisme. Le mus\u00e9e est devenu un centre commercial, dans lequel les visiteurs-consommateurs ne viennent pas apprendre, mais reconna\u00eetre des noms. On voit ce que ce mod\u00e8le a fait na\u00eetre : un art contemporain li\u00e9 \u00e0 l\u2019\u00e9conomie et \u00e0 la finance. Les artistes pl\u00e9biscit\u00e9s par ce syst\u00e8me, Damien Hirst ou Jeff Koons, sont des animateurs de spectacles. On n\u2019est pas loin de l\u2019impasse \u00e9conomique actuelle qui r\u00e9v\u00e8le en fait une crise de la d\u00e9mocratie.\u00a0\u00bb<\/li>\n<\/ul>\n<p><a href=\"https:\/\/www.option-culture.com\/wp-content\/uploads\/2011\/11\/Reina-Sofia.jpg\"><img loading=\"lazy\" decoding=\"async\" class=\"size-full wp-image-4193 aligncenter\" title=\"Reina Sofia\" src=\"https:\/\/www.option-culture.com\/wp-content\/uploads\/2011\/11\/Reina-Sofia.jpg\" alt=\"\" width=\"308\" height=\"500\" srcset=\"https:\/\/www.option-culture.com\/wp-content\/uploads\/2011\/11\/Reina-Sofia.jpg 308w, https:\/\/www.option-culture.com\/wp-content\/uploads\/2011\/11\/Reina-Sofia-184x300.jpg 184w\" sizes=\"auto, (max-width: 308px) 100vw, 308px\" \/><\/a><\/p>\n<ul>\n<li style=\"text-align: justify;\">\u00ab\u00a0Ils ouvrent aussi des filiales \u00e0 l\u2019\u00e9tranger, louent des \u0153uvres \u00e0 des mus\u00e9es riches aux \u00c9tats-Unis ou au Japon, vendent des expositions cl\u00e9s en main, voire leur marque, louent des espaces \u00e0 des entreprises, veulent un b\u00e2timent toujours plus grand pour accueillir toujours plus de visiteurs. Ce mod\u00e8le fond\u00e9 sur l\u2019expansion est dangereux. Il vise \u00e0 ce que les \u00e9tablissements se cannibalisent entre eux. Il est anti-\u00e9cologique. Il finit par consid\u00e9rer le mus\u00e9e comme une entreprise. C\u2019est d\u00e9j\u00e0 le cas quand on lui demande de \u00ab faire des entr\u00e9es \u00bb sans chercher \u00e0 savoir ce que nos enfants ont appris \u00e0 la sortie. Ou quand il est contraint de monter des expositions paresseuses et spectaculaires. Le mus\u00e9e finit par oublier sa mission premi\u00e8re qui vient du mod\u00e8le r\u00e9volutionnaire fran\u00e7ais : \u00eatre le lieu de la d\u00e9mocratie et de l\u2019\u00e9ducation. Je crois que ce mod\u00e8le ancien est condamn\u00e9 \u00e0 la d\u00e9faite, car le mus\u00e9e, \u00e0 l\u2019avenir, sera plus pauvre dans un monde plus grand.\u00a0\u00bb<\/li>\n<\/ul>\n<ul>\n<li style=\"text-align: justify;\">\u00ab\u00a0Il faut des historiens d\u2019art \u00e0 la t\u00eate des mus\u00e9es, des intellectuels ouverts \u00e0 toutes les disciplines de l\u2019esprit. Le responsable d\u2019un mus\u00e9e doit rechercher de nouveaux dispositifs d\u2019exposition, et non pas \u00eatre \u00e9cras\u00e9 par la gestion. Nous avons de plus en plus besoin d\u2019une vision esth\u00e9tique marqu\u00e9e avec une dimension \u00e9thique. Ces qualit\u00e9s sont rarement celles du gestionnaire ou de l\u2019homme d\u2019affaires.\u00a0\u00bb<\/li>\n<\/ul>\n<p>Qu&rsquo;en pensez-vous ?<\/p>\n<p>PS : \u00e0 lire \u00e9galement sur le m\u00eame sujet <a href=\"http:\/\/www.artclair.com\/jda\/archives\/docs_article\/75283\/manuel-borja-villel-directeur-du-reina-sofia.php\">http:\/\/www.artclair.com\/jda\/archives\/docs_article\/75283\/manuel-borja-villel-directeur-du-reina-sofia.php<\/a>.<\/p>\n","protected":false},"excerpt":{"rendered":"<p>A noter, dans le journal Le Monde du 19 novembre 2011, une prise de position du directeur du mus\u00e9e Reina Sofia \u00e0 Madrid, Manuel Borja-Villel, qu&rsquo;illustrent les citations suivantes extraites de l&rsquo;article de Michel Guerrin. \u00ab\u00a0Depuis la fin des ann\u00e9es 1970, on a vu l\u2019essor d\u2019un mod\u00e8le qui me semble d\u00e9pass\u00e9 : cr\u00e9er un b\u00e2timent [&hellip;]<\/p>\n","protected":false},"author":2,"featured_media":0,"comment_status":"open","ping_status":"open","sticky":false,"template":"","format":"standard","meta":{"footnotes":""},"categories":[16,12,24],"tags":[],"class_list":["post-4183","post","type-post","status-publish","format-standard","hentry","category-musees","category-politique-culturelle","category-strategie"],"_links":{"self":[{"href":"https:\/\/www.option-culture.com\/index.php?rest_route=\/wp\/v2\/posts\/4183","targetHints":{"allow":["GET"]}}],"collection":[{"href":"https:\/\/www.option-culture.com\/index.php?rest_route=\/wp\/v2\/posts"}],"about":[{"href":"https:\/\/www.option-culture.com\/index.php?rest_route=\/wp\/v2\/types\/post"}],"author":[{"embeddable":true,"href":"https:\/\/www.option-culture.com\/index.php?rest_route=\/wp\/v2\/users\/2"}],"replies":[{"embeddable":true,"href":"https:\/\/www.option-culture.com\/index.php?rest_route=%2Fwp%2Fv2%2Fcomments&post=4183"}],"version-history":[{"count":0,"href":"https:\/\/www.option-culture.com\/index.php?rest_route=\/wp\/v2\/posts\/4183\/revisions"}],"wp:attachment":[{"href":"https:\/\/www.option-culture.com\/index.php?rest_route=%2Fwp%2Fv2%2Fmedia&parent=4183"}],"wp:term":[{"taxonomy":"category","embeddable":true,"href":"https:\/\/www.option-culture.com\/index.php?rest_route=%2Fwp%2Fv2%2Fcategories&post=4183"},{"taxonomy":"post_tag","embeddable":true,"href":"https:\/\/www.option-culture.com\/index.php?rest_route=%2Fwp%2Fv2%2Ftags&post=4183"}],"curies":[{"name":"wp","href":"https:\/\/api.w.org\/{rel}","templated":true}]}}