{"id":3895,"date":"2011-07-15T08:00:17","date_gmt":"2011-07-15T07:00:17","guid":{"rendered":"http:\/\/blog.option.culture.marrot.org\/?p=3895"},"modified":"2011-07-15T08:00:17","modified_gmt":"2011-07-15T07:00:17","slug":"les-bibliotheques-vont-elles-disparaitre","status":"publish","type":"post","link":"https:\/\/www.option-culture.com\/?p=3895","title":{"rendered":"Les biblioth\u00e8ques vont-elles dispara\u00eetre ?"},"content":{"rendered":"<p style=\"text-align: justify;\">\u00c0 l\u2019heure o\u00f9 le succ\u00e8s des nouvelles m\u00e9diath\u00e8ques ne se d\u00e9ment pas, il peut para\u00eetre surprenant d\u2019interpeller le lecteur sur un mode alarmant.<\/p>\n<p style=\"text-align: justify;\">D\u2019autant que le Congr\u00e8s de l\u2019Association des biblioth\u00e9caires de France, qui s\u2019est tenu dans le s\u00e9rieux et la bonne humeur \u00e0 Lille, s\u2019est donn\u00e9 un th\u00e8me passionnant\u00a0: celui de la communication (<a href=\"http:\/\/blog.option.culture.marrot.org\/?p=3769\">http:\/\/blog.option.culture.marrot.org\/?p=3769<\/a>).<\/p>\n<p style=\"text-align: justify;\">Mais, pr\u00e9cis\u00e9ment, pourquoi le choix de cette th\u00e9matique, apr\u00e8s celle du financement l\u2019ann\u00e9e derni\u00e8re \u00e0 Tours (<a href=\"http:\/\/blog.option.culture.marrot.org\/?p=1940\">http:\/\/blog.option.culture.marrot.org\/?p=1940<\/a>), si ce n\u2019est parce qu\u2019un courant d\u2019inqui\u00e9tude, voire d\u2019angoisse, saisit la profession\u00a0?<\/p>\n<p style=\"text-align: justify;\">Que vont devenir les biblioth\u00e8ques\u00a0d\u00e8s lors que\u00a0certains \u00e9lus consid\u00e8rent, \u00e0 l\u2019heure de la d\u00e9mat\u00e9rialisation des contenus, que l\u2019Internet,<br \/>\nles r\u00e9seaux sociaux et les industries culturelles pourvoient largement aux besoins culturels des citoyens ?<\/p>\n<p style=\"text-align: justify;\">Derri\u00e8re cette question, une interrogation fondamentale\u00a0: quel est \u2013 en dernier ressort \u2013 le r\u00f4le des biblioth\u00e8ques (et des biblioth\u00e9caires)\u00a0? En quoi ce r\u00f4le est-il irrempla\u00e7able\u00a0? Que se passerait-il si elles venaient \u00e0 dispara\u00eetre\u00a0? D\u2019autres \u00e9quipements pourraient-ils remplir la m\u00eame mission culturelle, \u00e9ducative et sociale\u00a0?<\/p>\n<p style=\"text-align: justify;\">Quelles que soient les r\u00e9ponses \u00e0 apporter \u00e0 ces questionnements, il appara\u00eet que l\u2019essor de la soci\u00e9t\u00e9 de l\u2019information et de la connaissance, l\u2019usage croissant des nouvelles techniques et l\u2019apparition de pratiques culturelles in\u00e9dites imposent de repenser en profondeur la conception des biblioth\u00e8ques publiques.<\/p>\n<p style=\"text-align: justify;\">Autrement dit, s\u2019il est l\u00e9gitime de vouloir communiquer (pour mieux faire reconna\u00eetre son r\u00f4le\u00a0?), on peut toutefois penser que lancer une campagne de communication (en direction du grand public, des tutelles, des d\u00e9cideurs, du gouvernement\u00a0?), comme semblent le souhaiter de nombreux professionnels, ne peut trouver son sens que comme l\u2019aboutissement d\u2019une r\u00e9flexion prospective pr\u00e9alable s\u2019appuyant sur une analyse en profondeur des mutations actuelles de l\u2019environnement dans lequel \u00e9voluent les biblioth\u00e9caires.<\/p>\n<p style=\"text-align: justify;\">Le r\u00e9sultat de ce travail de r\u00e9flexion, \u00e0 l\u2019instar de celui r\u00e9alis\u00e9 r\u00e9cemment par l\u2019association des conservateurs des collections publiques de France, pourrait prendre la forme d\u2019un \u00ab\u00a0livre blanc\u00a0\u00bb (<a href=\"http:\/\/blog.option.culture.marrot.org\/?p=3340\">http:\/\/blog.option.culture.marrot.org\/?p=3340)<\/a>.<\/p>\n<p style=\"text-align: justify;\">Ce serait l&rsquo;occasion d\u2019\u00e9tablir une plate-forme de consensus sur la fonction et le devenir des biblioth\u00e8ques au service de la soci\u00e9t\u00e9, d\u2019une part\u00a0; et, d&rsquo;autre part,\u00a0de forger un instrument de conviction (ou de lobbying) en direction certes du grand public (dont l\u2019image qu\u2019il se fait des biblioth\u00e8ques n\u2019est pas toujours pr\u00e9cise ni juste), mais surtout des responsables publics, qui seront conduits \u00e0 des arbitrages critiques sur le plan financier dans les temps \u00e0 venir.<\/p>\n<p style=\"text-align: justify;\">Il sera alors plus ais\u00e9 de concevoir des alliances ou des coalitions permettant de red\u00e9finir l\u2019importance des \u00e9quipements culturels, avec les autres secteurs que sont le spectacle vivant, les enseignements artistiques, les arts plastiques, les institutions de culture scientifique et<br \/>\ntechnique, les mus\u00e9es ou encore le patrimoine.<\/p>\n<p style=\"text-align: justify;\">Et vous, qu\u2019en pensez-vous\u00a0?<\/p>\n","protected":false},"excerpt":{"rendered":"<p>\u00c0 l\u2019heure o\u00f9 le succ\u00e8s des nouvelles m\u00e9diath\u00e8ques ne se d\u00e9ment pas, il peut para\u00eetre surprenant d\u2019interpeller le lecteur sur un mode alarmant. D\u2019autant que le Congr\u00e8s de l\u2019Association des biblioth\u00e9caires de France, qui s\u2019est tenu dans le s\u00e9rieux et la bonne humeur \u00e0 Lille, s\u2019est donn\u00e9 un th\u00e8me passionnant\u00a0: celui de la communication (http:\/\/blog.option.culture.marrot.org\/?p=3769). [&hellip;]<\/p>\n","protected":false},"author":2,"featured_media":0,"comment_status":"open","ping_status":"open","sticky":false,"template":"","format":"standard","meta":{"footnotes":""},"categories":[29],"tags":[],"class_list":["post-3895","post","type-post","status-publish","format-standard","hentry","category-bibliotheques-documentation"],"_links":{"self":[{"href":"https:\/\/www.option-culture.com\/index.php?rest_route=\/wp\/v2\/posts\/3895","targetHints":{"allow":["GET"]}}],"collection":[{"href":"https:\/\/www.option-culture.com\/index.php?rest_route=\/wp\/v2\/posts"}],"about":[{"href":"https:\/\/www.option-culture.com\/index.php?rest_route=\/wp\/v2\/types\/post"}],"author":[{"embeddable":true,"href":"https:\/\/www.option-culture.com\/index.php?rest_route=\/wp\/v2\/users\/2"}],"replies":[{"embeddable":true,"href":"https:\/\/www.option-culture.com\/index.php?rest_route=%2Fwp%2Fv2%2Fcomments&post=3895"}],"version-history":[{"count":0,"href":"https:\/\/www.option-culture.com\/index.php?rest_route=\/wp\/v2\/posts\/3895\/revisions"}],"wp:attachment":[{"href":"https:\/\/www.option-culture.com\/index.php?rest_route=%2Fwp%2Fv2%2Fmedia&parent=3895"}],"wp:term":[{"taxonomy":"category","embeddable":true,"href":"https:\/\/www.option-culture.com\/index.php?rest_route=%2Fwp%2Fv2%2Fcategories&post=3895"},{"taxonomy":"post_tag","embeddable":true,"href":"https:\/\/www.option-culture.com\/index.php?rest_route=%2Fwp%2Fv2%2Ftags&post=3895"}],"curies":[{"name":"wp","href":"https:\/\/api.w.org\/{rel}","templated":true}]}}