{"id":3802,"date":"2011-06-05T08:00:22","date_gmt":"2011-06-05T07:00:22","guid":{"rendered":"http:\/\/blog.option.culture.marrot.org\/?p=3802"},"modified":"2012-12-24T18:53:35","modified_gmt":"2012-12-24T16:53:35","slug":"colloque-le-musee-et-les-publics","status":"publish","type":"post","link":"https:\/\/www.option-culture.com\/?p=3802","title":{"rendered":"Colloque &quot;Le mus\u00e9e et les publics&quot;"},"content":{"rendered":"<p>Un colloque portant sur le th\u00e8me \u00ab\u00a0<strong><span style=\"color: #000080;\">Le mus\u00e9e &amp; les publics<\/span><\/strong>\u00a0\u00bb se d\u00e9roulera\u00a0le vendredi 1<sup>er<\/sup> juillet et le samedi 2 juillet 2011 \u00e0 <strong><span style=\"color: #000080;\">Sens <\/span><\/strong>(CEREP, 5 rue Rigault).<\/p>\n<p style=\"text-align: justify;\"><em>\u00ab\u00a0Le huiti\u00e8me colloque Ic\u00f4ne-Image cl\u00f4turera le cycle des trois colloques consacr\u00e9s aux mus\u00e9es avec en 2011 Le mus\u00e9e et les publics. On aurait pu dire ses publics, tant ils sont divers par leurs milieux et leurs motivations. Jamais les visiteurs n&rsquo;ont \u00e9t\u00e9 aussi nombreux \u00e0 pousser les portes des mus\u00e9es. Jamais les grandes expositions n&rsquo;ont accueilli autant d&rsquo;admirateurs. Ici et l\u00e0 les \u00e9quipes et les budgets sont fragilis\u00e9s comme si les mus\u00e9es n&rsquo;\u00e9taient plus une priorit\u00e9. Comment conqu\u00e9rir alors un public plus large encore ? Une douzaine de sp\u00e9cialistes et d&rsquo;acteurs sur le terrain vont discuter, preuves \u00e0 l&rsquo;appui, pendant deux jours. Le colloque se terminera par un d\u00e9bat sur le Livre blanc des Mus\u00e9es, fruit d&rsquo;un travail de trois ans de l&rsquo;Association g\u00e9n\u00e9rale des conservateurs. En somme un colloque sur la place en 2011 de la culture dans nos vies et dans la cit\u00e9.\u00a0\u00bb<\/em><\/p>\n<p style=\"text-align: center;\"><em><a href=\"http:\/\/blog.option.culture.marrot.org\/wp-content\/uploads\/2011\/06\/Sens-mus\u00e9e.jpg\"><img loading=\"lazy\" decoding=\"async\" class=\"size-full wp-image-3814 aligncenter\" title=\"Sens mus\u00e9e\" src=\"http:\/\/blog.option.culture.marrot.org\/wp-content\/uploads\/2011\/06\/Sens-mus\u00e9e.jpg\" alt=\"\" width=\"380\" height=\"283\" srcset=\"https:\/\/www.option-culture.com\/wp-content\/uploads\/2011\/06\/Sens-mus\u00e9e.jpg 990w, https:\/\/www.option-culture.com\/wp-content\/uploads\/2011\/06\/Sens-mus\u00e9e-300x223.jpg 300w\" sizes=\"auto, (max-width: 380px) 100vw, 380px\" \/><\/a><br \/>\n<\/em><\/p>\n<p>En voici le <strong><span style=\"color: #000080;\">programme<\/span><\/strong>.<\/p>\n<p><strong>Vendredi 1<sup>er<\/sup> juillet 9 h 30<\/strong><\/p>\n<p>Ouverture\u00a0: Micheline Durand<\/p>\n<p><span style=\"text-decoration: underline;\">Le mus\u00e9e dans la cit\u00e9 <\/span><\/p>\n<ul>\n<li>Jean-Claude\u00a0Duclos &#8211; Bernard Gilman\u00a0: le mus\u00e9e Dauphinois et ses publics<\/li>\n<li>Aur\u00e9lie Dablanc &#8211; Centre Pompidou \u2013 Metz\u00a0: le local et l\u2019international<\/li>\n<li>Fr\u00e9d\u00e9ric Poulard\u00a0: les nouvelles g\u00e9n\u00e9rations et la fr\u00e9quentation des Mus\u00e9es<\/li>\n<li>Didier Rykner\u00a0: le pouvoir du Maire<\/li>\n<\/ul>\n<p><strong>Vendredi 1<sup>er<\/sup> juillet 14 h 30<\/strong><\/p>\n<p><span style=\"text-decoration: underline;\">Evaluations<\/span><\/p>\n<ul>\n<li>Anne Hertzog\u00a0: le Mac Val de Vitry-sur-Seine<\/li>\n<li>Claire Merleau-Ponty\u00a0: le Mus\u00e9e en Herbe<\/li>\n<li>Jean-Michel Tobelem\u00a0: la gratuit\u00e9 et ses limites<\/li>\n<li>Vincent Guichard (Mont Beuvray)\u00a0: les limites des techniques de m\u00e9diation<\/li>\n<\/ul>\n<p>17 h 30 \u2013 Bernard Pernuit et St\u00e9phane Barbillon\u00a0: le service \u00e9ducatif des Mus\u00e9e de Sens<\/p>\n<p><strong>Samedi 2 juillet 9 h 30 <\/strong><\/p>\n<p><span style=\"text-decoration: underline;\">Exp\u00e9riences de terrain<\/span><\/p>\n<ul>\n<li>Anna Pironti\u00a0: Castello di Rivoli : Sensibilisation \u00e0 l\u2019art contemporain<\/li>\n<li>Marie-Claire Delatte\u00a0: Nancy, ses mus\u00e9es et ses publics<\/li>\n<li>Sylvie Sauvignet\u00a0:\u00a0Cit\u00e9 du Design, St Etienne\u00a0: l\u2019esth\u00e9tique du quotidien<\/li>\n<li>Louis-Jean Gachet, Ocim\u00a0: Un public pour les sciences<\/li>\n<\/ul>\n<p>Baptiste-Marrey\u00a0: conclusion des trois colloques<\/p>\n<p><strong>14 h 30 <\/strong>: LE LIVRE BLANC DES MUSEES DE FRANCE\u00a0(AGCPPF)<\/p>\n<p><span style=\"text-decoration: underline;\">Pr\u00e9sentation<\/span> des conclusions\u00a0: Micheline Durand (Association des Conservateurs de Bourgogne)<\/p>\n<p>D\u00e9bat\u00a0: M. Berthelon CESE Bourgogne, Mme Lap\u00f4tre (Conseil\u00a0R\u00e9gional),\u00a0MM. Bruno Chauffert-Yvert (DRAC), Daniel Paris (maire de Sens), Andr\u00e9 Nicolas (Villeneuve sur Yonne)<\/p>\n<p><span style=\"color: #000080;\"><strong>Contact <\/strong><\/span>: Sylvie Chameroy &#8211; Mus\u00e9es de Sens-Cerep : 5 rue Rigault, 89 100 Sens, 03 86 83 88 91 (musees@cerep-musees-sens.net)<\/p>\n<p>&nbsp;<\/p>\n","protected":false},"excerpt":{"rendered":"<p>Un colloque portant sur le th\u00e8me \u00ab\u00a0Le mus\u00e9e &amp; les publics\u00a0\u00bb se d\u00e9roulera\u00a0le vendredi 1er juillet et le samedi 2 juillet 2011 \u00e0 Sens (CEREP, 5 rue Rigault). \u00ab\u00a0Le huiti\u00e8me colloque Ic\u00f4ne-Image cl\u00f4turera le cycle des trois colloques consacr\u00e9s aux mus\u00e9es avec en 2011 Le mus\u00e9e et les publics. On aurait pu dire ses publics, [&hellip;]<\/p>\n","protected":false},"author":2,"featured_media":0,"comment_status":"open","ping_status":"open","sticky":false,"template":"","format":"standard","meta":{"footnotes":""},"categories":[17,16,23],"tags":[],"class_list":["post-3802","post","type-post","status-publish","format-standard","hentry","category-colloques","category-musees","category-publics"],"_links":{"self":[{"href":"https:\/\/www.option-culture.com\/index.php?rest_route=\/wp\/v2\/posts\/3802","targetHints":{"allow":["GET"]}}],"collection":[{"href":"https:\/\/www.option-culture.com\/index.php?rest_route=\/wp\/v2\/posts"}],"about":[{"href":"https:\/\/www.option-culture.com\/index.php?rest_route=\/wp\/v2\/types\/post"}],"author":[{"embeddable":true,"href":"https:\/\/www.option-culture.com\/index.php?rest_route=\/wp\/v2\/users\/2"}],"replies":[{"embeddable":true,"href":"https:\/\/www.option-culture.com\/index.php?rest_route=%2Fwp%2Fv2%2Fcomments&post=3802"}],"version-history":[{"count":2,"href":"https:\/\/www.option-culture.com\/index.php?rest_route=\/wp\/v2\/posts\/3802\/revisions"}],"predecessor-version":[{"id":5687,"href":"https:\/\/www.option-culture.com\/index.php?rest_route=\/wp\/v2\/posts\/3802\/revisions\/5687"}],"wp:attachment":[{"href":"https:\/\/www.option-culture.com\/index.php?rest_route=%2Fwp%2Fv2%2Fmedia&parent=3802"}],"wp:term":[{"taxonomy":"category","embeddable":true,"href":"https:\/\/www.option-culture.com\/index.php?rest_route=%2Fwp%2Fv2%2Fcategories&post=3802"},{"taxonomy":"post_tag","embeddable":true,"href":"https:\/\/www.option-culture.com\/index.php?rest_route=%2Fwp%2Fv2%2Ftags&post=3802"}],"curies":[{"name":"wp","href":"https:\/\/api.w.org\/{rel}","templated":true}]}}