{"id":3785,"date":"2011-06-20T08:00:29","date_gmt":"2011-06-20T07:00:29","guid":{"rendered":"http:\/\/blog.option.culture.marrot.org\/?p=3785"},"modified":"2011-06-20T08:00:29","modified_gmt":"2011-06-20T07:00:29","slug":"le-prix-de-la-culture-la-gratuite-au-prisme-du-droit-et-de-leconomie","status":"publish","type":"post","link":"https:\/\/www.option-culture.com\/?p=3785","title":{"rendered":"Le prix de la culture. La gratuit\u00e9 au prisme du droit et de l\u2019\u00e9conomie"},"content":{"rendered":"<p>L&rsquo;ouvrage collectif publi\u00e9 sous la direction de Pascal Mbongo, <em><strong>Le prix de la culture. La gratuit\u00e9 au prisme du droit et de l\u2019\u00e9conomie<\/strong><\/em>, vient de para\u00eetre aux \u00e9ditions Mare et Martin (coll. <em>Libert\u00e9s, Auteurs et M\u00e9dias<\/em>, 2011, Paris ; <a href=\"http:\/\/www.mareetmartin.com\/les-editions\/livres\/le-prix-de-la-culture_pascal-mbongo_78?PHPSESSID=1df43210305ba781d3360732d3ad803c\">http:\/\/www.mareetmartin.com\/les-editions\/livres\/le-prix-de-la-culture_pascal-mbongo_78?PHPSESSID=1df43210305ba781d3360732d3ad803c<\/a>).<\/p>\n<p style=\"text-align: justify;\">En voici la pr\u00e9sentation par l&rsquo;\u00e9diteur.<\/p>\n<p style=\"text-align: justify;\">\u00ab\u00a0Le  d\u00e9bat public fran\u00e7ais a nouvellement \u00e9t\u00e9 enrichi d\u2019une r\u00e9f\u00e9rence \u00e0 la  \u00ab\u00a0gratuit\u00e9 de la culture\u00a0\u00bb.<\/p>\n<p style=\"text-align: justify;\">Par hypoth\u00e8se, la r\u00e9flexion sur la  \u00ab\u00a0gratuit\u00e9 de la culture\u00a0\u00bb int\u00e9resse et implique le droit et l\u2019\u00e9conomie,  m\u00eame si c\u2019est pour conclure avec l\u2019ensemble des travaux r\u00e9unis dans ce  volume que ce concept a une ambigu\u00eft\u00e9 fonci\u00e8re et un degr\u00e9 de g\u00e9n\u00e9ralit\u00e9  qui ne permet gu\u00e8re de lui pr\u00eater un sens g\u00e9n\u00e9rique.<\/p>\n<p style=\"text-align: justify;\">Cette difficult\u00e9 est accus\u00e9e, notamment, par la non-ext\u00e9riorit\u00e9 de  la gratuit\u00e9 au droit de la propri\u00e9t\u00e9 intellectuelle, par l\u2019extr\u00eame  vari\u00e9t\u00e9 des \u00ab\u00a0tuyaux\u00a0\u00bb contractuels emprunt\u00e9s par les activit\u00e9s  culturelles, par les diff\u00e9rents types de prix et de sommes (redevances,  taxes fiscales ou parafiscales) exig\u00e9s par ceux des services publics  culturels qui assortissent \u00e0 une contrepartie les prestations qu\u2019ils  offrent \u00e0 leurs usagers, par l\u2019appropriation industrielle et  concurrentielle de certaines activit\u00e9s culturelles, ainsi que leur forte  connexit\u00e9 avec les m\u00e9dias et leur justiciabilit\u00e9 d\u2019un droit  international \u00e9conomique ou d\u2019un droit communautaire.<\/p>\n<p style=\"text-align: justify;\">L\u2019\u00e9tat des lieux  ainsi propos\u00e9 ne pr\u00e9judicie cependant pas aux anticipations des  prospectivistes sur la place et le r\u00f4le de la gratuit\u00e9 dans le droit et  l\u2019\u00e9conomie de la culture au XXIe si\u00e8cle.\u00a0\u00bb<\/p>\n<p style=\"text-align: justify;\">&nbsp;<\/p>\n<p><a href=\"http:\/\/blog.option.culture.marrot.org\/wp-content\/uploads\/2011\/05\/Prixdelaculture.php_.jpg\"><img loading=\"lazy\" decoding=\"async\" class=\"size-full wp-image-3790 aligncenter\" title=\"Prixdelaculture.php\" src=\"http:\/\/blog.option.culture.marrot.org\/wp-content\/uploads\/2011\/05\/Prixdelaculture.php_.jpg\" alt=\"\" width=\"216\" height=\"303\" srcset=\"https:\/\/www.option-culture.com\/wp-content\/uploads\/2011\/05\/Prixdelaculture.php_.jpg 216w, https:\/\/www.option-culture.com\/wp-content\/uploads\/2011\/05\/Prixdelaculture.php_-213x300.jpg 213w\" sizes=\"auto, (max-width: 216px) 100vw, 216px\" \/><\/a><\/p>\n<p>&nbsp;<\/p>\n<p>La liste des auteurs est la suivante :<\/p>\n<ul>\n<li>\u00c9ric Baron, <em>Avocat au Barreau de Paris<\/em>.<\/li>\n<li>Pierre-Jean Benghozi, <em>Directeur de recherche au CNRS, Professeur \u00e0 l\u2019\u00c9cole polytechnique (Chaire Innovation et R\u00e9gulation des Services Num\u00e9riques)<\/em>.<\/li>\n<li>Lucien Castex, <em>Chercheur-doctorant  au Centre d\u2019\u00c9tudes Juridiques et \u00c9conomiques du Multim\u00e9dia de  l\u2019Universit\u00e9 Panth\u00e9on-Assas, ATER en droit priv\u00e9 \u00e0 l\u2019Universit\u00e9 de Dijon<\/em>.<\/li>\n<li>Laurent Coq, <em>Musicien de Jazz et compositeur professionnel<\/em>.<\/li>\n<li>Gilles de Boiss\u00e9son, <em>Avocat au Barreau de Paris<\/em>.\/Beno\u00eet Delaunay, <em>Professeur agr\u00e9g\u00e9 de droit public \u00e0 l\u2019Universit\u00e9 de Poitiers<\/em>.<\/li>\n<li>Pierre Deprez, <em>Avocat au Barreau de Paris, charg\u00e9 d\u2019enseignement \u00e0 Sciences Po (\u00c9cole de communication)<\/em>.<\/li>\n<li>Emmanuel Derieux, <em>Professeur \u00e0 l\u2019Universit\u00e9 Paris II (Panth\u00e9on-Assas)<\/em>.<\/li>\n<li> Jean-David Dreyfus, <em>Professeur de droit public \u00e0 l\u2019Universit\u00e9 Paris-Dauphine, Directeur adjoint de l\u2019Institut Droit Dauphine (i2d)<\/em>.<\/li>\n<li>Estelle Limoge, <em>Dipl\u00f4m\u00e9e de l\u2019Institut d\u2019\u00e9tudes politiques de Lyon, charg\u00e9e de m\u00e9c\u00e9nat \u00e0 la Fondation partenariale de l\u2019Universit\u00e9 de Cergy-Pontoise<\/em>.<\/li>\n<li>Pascal Mbongo, <em>Pr\u00e9sident de l\u2019Association fran\u00e7aise de droit des m\u00e9dias et de la culture, Professeur agr\u00e9g\u00e9 des facult\u00e9s de droit \u00e0 l\u2019Universit\u00e9 de Poitiers<\/em>.<\/li>\n<li>Mathieu Perona, <em>Enseignant-chercheur \u00e0 l\u2019\u00c9cole d\u2019\u00e9conomie de Paris et \u00e0 Sciences Po<\/em>.<\/li>\n<li>Jean-Michel Tobelem, <em>Docteur  en gestion, Dipl\u00f4m\u00e9 de l\u2019Institut d\u2019\u00e9tudes politiques de Paris et  d\u2019\u00e9tudes sup\u00e9rieures de droit public, Directeur d\u2019Option Culture<\/em>.<\/li>\n<\/ul>\n<p>ISBN\u00a0: 9782849340790<\/p>\n","protected":false},"excerpt":{"rendered":"<p>L&rsquo;ouvrage collectif publi\u00e9 sous la direction de Pascal Mbongo, Le prix de la culture. La gratuit\u00e9 au prisme du droit et de l\u2019\u00e9conomie, vient de para\u00eetre aux \u00e9ditions Mare et Martin (coll. Libert\u00e9s, Auteurs et M\u00e9dias, 2011, Paris ; http:\/\/www.mareetmartin.com\/les-editions\/livres\/le-prix-de-la-culture_pascal-mbongo_78?PHPSESSID=1df43210305ba781d3360732d3ad803c). En voici la pr\u00e9sentation par l&rsquo;\u00e9diteur. \u00ab\u00a0Le d\u00e9bat public fran\u00e7ais a nouvellement \u00e9t\u00e9 enrichi d\u2019une [&hellip;]<\/p>\n","protected":false},"author":2,"featured_media":0,"comment_status":"open","ping_status":"open","sticky":false,"template":"","format":"standard","meta":{"footnotes":""},"categories":[12,8,14],"tags":[],"class_list":["post-3785","post","type-post","status-publish","format-standard","hentry","category-politique-culturelle","category-publications","category-tarification-gratuite"],"_links":{"self":[{"href":"https:\/\/www.option-culture.com\/index.php?rest_route=\/wp\/v2\/posts\/3785","targetHints":{"allow":["GET"]}}],"collection":[{"href":"https:\/\/www.option-culture.com\/index.php?rest_route=\/wp\/v2\/posts"}],"about":[{"href":"https:\/\/www.option-culture.com\/index.php?rest_route=\/wp\/v2\/types\/post"}],"author":[{"embeddable":true,"href":"https:\/\/www.option-culture.com\/index.php?rest_route=\/wp\/v2\/users\/2"}],"replies":[{"embeddable":true,"href":"https:\/\/www.option-culture.com\/index.php?rest_route=%2Fwp%2Fv2%2Fcomments&post=3785"}],"version-history":[{"count":0,"href":"https:\/\/www.option-culture.com\/index.php?rest_route=\/wp\/v2\/posts\/3785\/revisions"}],"wp:attachment":[{"href":"https:\/\/www.option-culture.com\/index.php?rest_route=%2Fwp%2Fv2%2Fmedia&parent=3785"}],"wp:term":[{"taxonomy":"category","embeddable":true,"href":"https:\/\/www.option-culture.com\/index.php?rest_route=%2Fwp%2Fv2%2Fcategories&post=3785"},{"taxonomy":"post_tag","embeddable":true,"href":"https:\/\/www.option-culture.com\/index.php?rest_route=%2Fwp%2Fv2%2Ftags&post=3785"}],"curies":[{"name":"wp","href":"https:\/\/api.w.org\/{rel}","templated":true}]}}