{"id":3620,"date":"2011-04-05T08:00:06","date_gmt":"2011-04-05T07:00:06","guid":{"rendered":"http:\/\/blog.option.culture.marrot.org\/?p=3620"},"modified":"2011-04-05T08:00:06","modified_gmt":"2011-04-05T07:00:06","slug":"musee-maison-de-lhistoire-de-france-4","status":"publish","type":"post","link":"https:\/\/www.option-culture.com\/?p=3620","title":{"rendered":"Mus\u00e9e-Maison de l\u2019Histoire de France (4)"},"content":{"rendered":"<p>Voici la <span style=\"color: #000080;\"><strong>pr\u00e9sentation <\/strong><\/span>par l&rsquo;\u00e9diteur Armand Colin (http:\/\/www.armand-colin.com\/livre\/393169\/quel-musee-d-histoire-pour-la-france.php) de l&rsquo;ouvrage consacr\u00e9 au projet de \u00ab\u00a0Maison de l&rsquo;Histoire de France\u00a0\u00bb, dont nous avons d\u00e9j\u00e0 parl\u00e9 :<\/p>\n<h3><span style=\"color: #000080;\"><strong>Quel mus\u00e9e d&rsquo;histoire pour la France ?<\/strong><\/span><\/h3>\n<p style=\"text-align: justify;\"><em>Telle qu&rsquo;elle se dessine et malgr\u00e9 l&rsquo;ardeur mise \u00e0 s\u00e9duire et \u00e0 gagner  les esprits \u00e0 ce grand besoin identitaire qu&rsquo;il serait si urgent de  satisfaire par ce moyen si \u00ab\u00a0p\u00e9dagogique\u00a0\u00bb, la cr\u00e9ation prochaine d&rsquo;une  \u00ab\u00a0Maison de l&rsquo;Histoire de France\u00a0\u00bb laisse craindre le pire pour  l&rsquo;histoire, et rien de bon pour la France et les Fran\u00e7ais&#8230;<\/em><br \/>\n<em>Sous les  oripeaux m\u00e9diatiques et la facilit\u00e9 des fausses \u00e9vidences se profile  une machine \u00e0 instrumentaliser le \u00ab\u00a0d\u00e9sir d&rsquo;histoire\u00a0\u00bb des Fran\u00e7ais et \u00e0  soumettre les historiens \u00e0 une vision romantique, voire romanc\u00e9e et en  tout cas non scientifique du parcours national. <\/em><br \/>\n<em>Le projet, qui a  surgi tout arm\u00e9 d&rsquo;une belle op\u00e9ration d&rsquo;\u00e9vitement du travail d&rsquo;enqu\u00eate  qui est le pr\u00e9alable n\u00e9cessaire \u00e0 tout engagement dans ces domaines  infiniment sensibles, rec\u00e8le en corollaire des risques certains pour le  devenir des mus\u00e9es, de la mus\u00e9ographie et des Archives nationales. <\/em><br \/>\n<em>Un  groupe repr\u00e9sentatif de professeurs, de chercheurs et de professionnels  du monde de la culture s&rsquo;est r\u00e9uni pour proc\u00e9der \u00e0 l&rsquo;\u00e9valuation  critique du projet pr\u00e9sidentiel, en pointer les dangers et faire une  contreproposition. <\/em><br \/>\n<em>Un Mus\u00e9e de l&rsquo;histoire de France a certainement sa place aux Archives nationales. Mais un autre. <\/em><\/p>\n<p>Sous la direction de Jean-Pierre Babelon, d\u2019Isabelle Backouche, de Vincent Duclert et d\u2019Ariane James-Sarazin.<\/p>\n<p><a href=\"http:\/\/blog.option.culture.marrot.org\/wp-content\/uploads\/2011\/04\/MHF-livre.jpg\"><img loading=\"lazy\" decoding=\"async\" class=\"size-full wp-image-3626 aligncenter\" title=\"MHF livre\" src=\"http:\/\/blog.option.culture.marrot.org\/wp-content\/uploads\/2011\/04\/MHF-livre.jpg\" alt=\"\" width=\"100\" height=\"153\" \/><\/a><\/p>\n<p>En voici le<strong><span style=\"color: #000080;\"> sommaire <\/span>: <\/strong><\/p>\n<div id=\"compl_sommaire\">\n<div><strong>Premi\u00e8re partie :<\/strong> <strong>La \u00ab Maison de l\u2019histoire de France \u00bb ou la question irr\u00e9solue des mus\u00e9es d\u2019histoire<\/strong><\/div>\n<div><strong><br \/>\n<\/strong><\/div>\n<div>1. La \u00ab Maison de l\u2019Histoire de France \u00bb. Histoire politique d\u2019un projet pr\u00e9sidentiel <em>(Vincent Duclert<\/em>)&nbsp;<\/p>\n<p>2. La \u00ab Maison de l\u2019histoire de France \u00bb.\u00a0 Essai de socio-histoire d\u2019un projet\u00a0<em>(Isabelle Backouche)<\/em><\/p>\n<p>3. La \u00ab Maison de l\u2019Histoire de France \u00bb Vers un d\u00e9mant\u00e8lement des mus\u00e9es de France <em>(Isabelle Backouche)<\/em><\/p>\n<p>4. Sur quelques questions relatives \u00e0 l\u2019\u00ab affaire \u00bb de la \u00ab Maison de l\u2019Histoire de France \u00bb <em>(Jean-Michel Tobelem)<\/em><\/p>\n<p>5. Un point de vue sur la controverse autour de la \u00ab Maison d\u2019Histoire de France \u00bb.<br \/>\nLa sociologie de la m\u00e9moire comme tierce position <em>(Sarah Gensburger et Marie-Claire Lavabre)<\/em><\/p>\n<p>6. \u00c0 la recherche d\u2019histoires nationales \u00e0 l\u2019est de l\u2019Europe <em>(Alain Blum)<\/em><\/p>\n<p><strong>Deuxi\u00e8me partie : L\u2019histoire au mus\u00e9e Les exp\u00e9riences ininterrompues des Archives nationales<\/strong><\/p>\n<\/div>\n<div>7. Le Mus\u00e9e de l\u2019histoire de France. Retour d\u2019exp\u00e9rience <em>(Jean-Pierre Babelon)<\/em>&nbsp;<\/p>\n<p>8. La cr\u00e9ation du mus\u00e9e de l\u2019histoire de France aux Archives nationales au XIXe si\u00e8cle (<em>Ariane James-Sarazin)<\/em><\/p>\n<p>9. Le mus\u00e9e de l\u2019histoire de France : la d\u00e9cennie des grandes expositions (1983-1994) <em>(Jean-Daniel Pariset et Brigitte-Marie Le Brigand)<\/em><\/p>\n<p>10. Le service \u00e9ducatif du Mus\u00e9e de l\u2019histoire de France au d\u00e9but du XXIe si\u00e8cle <em>(Ariane James-Sarazin)<\/em><\/p>\n<p>11. Quel avenir pour le mus\u00e9e de l&rsquo;Histoire e France aux Archives Nationales <em>(Ariane James-Sarazin)<\/em><\/p>\n<p>Douze <strong>recommandations <\/strong>pour la cr\u00e9ation d\u2019un mus\u00e9e d\u2019histoire.<\/p>\n<p>Que pensez-vous de ce projet ?<\/p>\n<\/div>\n<\/div>\n","protected":false},"excerpt":{"rendered":"<p>Voici la pr\u00e9sentation par l&rsquo;\u00e9diteur Armand Colin (http:\/\/www.armand-colin.com\/livre\/393169\/quel-musee-d-histoire-pour-la-france.php) de l&rsquo;ouvrage consacr\u00e9 au projet de \u00ab\u00a0Maison de l&rsquo;Histoire de France\u00a0\u00bb, dont nous avons d\u00e9j\u00e0 parl\u00e9 : Quel mus\u00e9e d&rsquo;histoire pour la France ? Telle qu&rsquo;elle se dessine et malgr\u00e9 l&rsquo;ardeur mise \u00e0 s\u00e9duire et \u00e0 gagner les esprits \u00e0 ce grand besoin identitaire qu&rsquo;il serait si [&hellip;]<\/p>\n","protected":false},"author":2,"featured_media":0,"comment_status":"open","ping_status":"open","sticky":false,"template":"","format":"standard","meta":{"footnotes":""},"categories":[16,13,12,8],"tags":[],"class_list":["post-3620","post","type-post","status-publish","format-standard","hentry","category-musees","category-patrimoine","category-politique-culturelle","category-publications"],"_links":{"self":[{"href":"https:\/\/www.option-culture.com\/index.php?rest_route=\/wp\/v2\/posts\/3620","targetHints":{"allow":["GET"]}}],"collection":[{"href":"https:\/\/www.option-culture.com\/index.php?rest_route=\/wp\/v2\/posts"}],"about":[{"href":"https:\/\/www.option-culture.com\/index.php?rest_route=\/wp\/v2\/types\/post"}],"author":[{"embeddable":true,"href":"https:\/\/www.option-culture.com\/index.php?rest_route=\/wp\/v2\/users\/2"}],"replies":[{"embeddable":true,"href":"https:\/\/www.option-culture.com\/index.php?rest_route=%2Fwp%2Fv2%2Fcomments&post=3620"}],"version-history":[{"count":0,"href":"https:\/\/www.option-culture.com\/index.php?rest_route=\/wp\/v2\/posts\/3620\/revisions"}],"wp:attachment":[{"href":"https:\/\/www.option-culture.com\/index.php?rest_route=%2Fwp%2Fv2%2Fmedia&parent=3620"}],"wp:term":[{"taxonomy":"category","embeddable":true,"href":"https:\/\/www.option-culture.com\/index.php?rest_route=%2Fwp%2Fv2%2Fcategories&post=3620"},{"taxonomy":"post_tag","embeddable":true,"href":"https:\/\/www.option-culture.com\/index.php?rest_route=%2Fwp%2Fv2%2Ftags&post=3620"}],"curies":[{"name":"wp","href":"https:\/\/api.w.org\/{rel}","templated":true}]}}