{"id":3468,"date":"2011-04-01T08:00:01","date_gmt":"2011-04-01T07:00:01","guid":{"rendered":"http:\/\/blog.option.culture.marrot.org\/?p=3468"},"modified":"2011-04-01T08:00:01","modified_gmt":"2011-04-01T07:00:01","slug":"creation-de-lantenne-dun-musee-national-francais-en-karatchaievo-tcherkessie","status":"publish","type":"post","link":"https:\/\/www.option-culture.com\/?p=3468","title":{"rendered":"Cr\u00e9ation de l\u2019antenne d\u2019un mus\u00e9e national fran\u00e7ais en Karatcha\u00ef\u00e9vo-Tcherkessie"},"content":{"rendered":"<p style=\"text-align: justify;\"><span style=\"color: #800000;\"><strong>Exclusif<\/strong><\/span><\/p>\n<p style=\"text-align: justify;\">Les n\u00e9gociations sont encore tenues secr\u00e8tes, mais nous avons obtenu confirmation par des personnes haut plac\u00e9es proches du dossier qu&rsquo;un mus\u00e9e national fran\u00e7ais s&rsquo;appr\u00eate \u00e0 cr\u00e9er une antenne en r\u00e9publique de <a href=\"http:\/\/fr.wikipedia.org\/wiki\/Karatcha%C3%AF%C3%A9vo-Tcherkessie\">Karatcha\u00ef\u00e9vo-Tcherkessie<\/a>, situ\u00e9e dans le Nord-Caucase.<\/p>\n<p style=\"text-align: justify;\">Une d\u00e9cision inattendue, mais que l&rsquo;on comprend mieux lorsque l&rsquo;on sait que le mus\u00e9e se voit offrir par un oligarque francophile un montant de 2 milliards de dollars (environ 1,8 milliard d&rsquo;euros) pour pr\u00eater en exclusivit\u00e9 une partie de ses collections.<\/p>\n<p style=\"text-align: justify;\">Passionn\u00e9 d&rsquo;art fran\u00e7ais &#8211; d\u00e9couvert \u00e0 l&rsquo;occasion de ses \u00e9tudes dans notre pays &#8211; ce donateur, fortune faite, a souhait\u00e9 faire b\u00e9n\u00e9ficier \u00e0 leur tour de sa passion les habitants de Karatcha\u00ef\u00e9vo-Tcherkessie, \u00e0 qui il a d\u00e9cid\u00e9 d&rsquo;offrir, selon ses dires aux m\u00e9dias locaux, \u00ab\u00a0le meilleur de l&rsquo;art fran\u00e7ais\u00a0\u00bb.<\/p>\n<p style=\"text-align: justify;\">\n<p style=\"text-align: justify;\">Y aura-t-il des visiteurs ?<\/p>\n<p style=\"text-align: justify;\">La r\u00e9ponse est positive, dans la mesure o\u00f9 les autorit\u00e9s de cette ancienne r\u00e9publique sovi\u00e9tique projettent de construire un vaste complexe touristique, culturel et de loisirs, dont le mus\u00e9e &#8211; qui portera le nom du mus\u00e9e national fran\u00e7ais concern\u00e9 &#8211; constituera le fleuron.<\/p>\n<p style=\"text-align: justify;\">D&rsquo;autant plus que c&rsquo;est l&rsquo;un de nos architectes les plus r\u00e9put\u00e9s qui devrait construire un \u00e9difice sans \u00e9quivalent dans le monde : haute qualit\u00e9 environnementale, protection de s\u00e9curit\u00e9 de type \u00ab\u00a0centrale nucl\u00e9aire\u00a0\u00bb, immenses espaces d&rsquo;exposition, installations dernier cri en mati\u00e8re de r\u00e9serves et de conservation pr\u00e9ventive, sans oublier un restaurant panoramique culminant \u00e0\u00a0 64 m de hauteur et permettant une vue \u00e9poustouflante sur une nature miraculeusement pr\u00e9serv\u00e9e.<\/p>\n<p style=\"text-align: center;\"><a href=\"http:\/\/blog.option.culture.marrot.org\/wp-content\/uploads\/2011\/04\/Cherkessia.png\"><img loading=\"lazy\" decoding=\"async\" class=\"size-full wp-image-3483 aligncenter\" title=\"Cherkessia\" src=\"http:\/\/blog.option.culture.marrot.org\/wp-content\/uploads\/2011\/04\/Cherkessia.png\" alt=\"\" width=\"216\" height=\"108\" srcset=\"https:\/\/www.option-culture.com\/wp-content\/uploads\/2011\/04\/Cherkessia.png 600w, https:\/\/www.option-culture.com\/wp-content\/uploads\/2011\/04\/Cherkessia-300x150.png 300w\" sizes=\"auto, (max-width: 216px) 100vw, 216px\" \/><\/a><\/p>\n<p style=\"text-align: justify;\">Aux critiques qui ne manqueront pas d&rsquo;\u00eatre formul\u00e9es, les autorit\u00e9s fran\u00e7aises r\u00e9pondent que le mus\u00e9e pourra sans difficult\u00e9 puiser dans ses r\u00e9serves et que l&rsquo;op\u00e9ration participera bien \u00e9videmment au rayonnement culturel de la France.<\/p>\n<p style=\"text-align: justify;\">T\u00e9moignage suppl\u00e9mentaire de la francophilie du donateur, il souhaite nouer un partenariat de longue dur\u00e9e avec l&rsquo;\u00c9cole normale sup\u00e9rieure et le Coll\u00e8ge de France.<\/p>\n<p style=\"text-align: justify;\">Dans une r\u00e9gion en plein d\u00e9veloppement \u00e9conomique (gr\u00e2ce \u00e0 des ressources mini\u00e8res dont le cours ne cesse d&rsquo;augmenter sur les march\u00e9s internationaux), ce contrat exclusif fait par ailleurs esp\u00e9rer des retomb\u00e9es importantes dans le domaine des transports, de l&rsquo;ing\u00e9nierie et de l&rsquo;a\u00e9ronautique.<\/p>\n<p style=\"text-align: justify;\">Difficile dans ces conditions de s&rsquo;abriter derri\u00e8re des consid\u00e9rations d\u00e9ontologiques pour rester \u00e0 l&rsquo;\u00e9cart d&rsquo;une ouverture exceptionnelle pour les mus\u00e9es de France.<\/p>\n<p style=\"text-align: justify;\">Quant au nom du mus\u00e9e fran\u00e7ais qui b\u00e9n\u00e9ficiera de cette manne financi\u00e8re, il devrait \u00eatre annonc\u00e9 par le ministre de la Culture dans les prochains jours.<\/p>\n<p style=\"text-align: justify;\">A suivre donc.<\/p>\n<p style=\"text-align: justify;\">Vous pouvez d&rsquo;ores et d\u00e9j\u00e0 faire conna\u00eetre votre r\u00e9action au sujet de ce projet.<\/p>\n","protected":false},"excerpt":{"rendered":"<p>Exclusif Les n\u00e9gociations sont encore tenues secr\u00e8tes, mais nous avons obtenu confirmation par des personnes haut plac\u00e9es proches du dossier qu&rsquo;un mus\u00e9e national fran\u00e7ais s&rsquo;appr\u00eate \u00e0 cr\u00e9er une antenne en r\u00e9publique de Karatcha\u00ef\u00e9vo-Tcherkessie, situ\u00e9e dans le Nord-Caucase. Une d\u00e9cision inattendue, mais que l&rsquo;on comprend mieux lorsque l&rsquo;on sait que le mus\u00e9e se voit offrir par [&hellip;]<\/p>\n","protected":false},"author":2,"featured_media":0,"comment_status":"open","ping_status":"open","sticky":false,"template":"","format":"standard","meta":{"footnotes":""},"categories":[6,16,12],"tags":[],"class_list":["post-3468","post","type-post","status-publish","format-standard","hentry","category-diplomatie-culturelle","category-musees","category-politique-culturelle"],"_links":{"self":[{"href":"https:\/\/www.option-culture.com\/index.php?rest_route=\/wp\/v2\/posts\/3468","targetHints":{"allow":["GET"]}}],"collection":[{"href":"https:\/\/www.option-culture.com\/index.php?rest_route=\/wp\/v2\/posts"}],"about":[{"href":"https:\/\/www.option-culture.com\/index.php?rest_route=\/wp\/v2\/types\/post"}],"author":[{"embeddable":true,"href":"https:\/\/www.option-culture.com\/index.php?rest_route=\/wp\/v2\/users\/2"}],"replies":[{"embeddable":true,"href":"https:\/\/www.option-culture.com\/index.php?rest_route=%2Fwp%2Fv2%2Fcomments&post=3468"}],"version-history":[{"count":0,"href":"https:\/\/www.option-culture.com\/index.php?rest_route=\/wp\/v2\/posts\/3468\/revisions"}],"wp:attachment":[{"href":"https:\/\/www.option-culture.com\/index.php?rest_route=%2Fwp%2Fv2%2Fmedia&parent=3468"}],"wp:term":[{"taxonomy":"category","embeddable":true,"href":"https:\/\/www.option-culture.com\/index.php?rest_route=%2Fwp%2Fv2%2Fcategories&post=3468"},{"taxonomy":"post_tag","embeddable":true,"href":"https:\/\/www.option-culture.com\/index.php?rest_route=%2Fwp%2Fv2%2Ftags&post=3468"}],"curies":[{"name":"wp","href":"https:\/\/api.w.org\/{rel}","templated":true}]}}